{"id":574706,"date":"2025-12-03T05:50:15","date_gmt":"2025-12-03T05:50:15","guid":{"rendered":"https:\/\/www.europesays.com\/fr\/574706\/"},"modified":"2025-12-03T05:50:15","modified_gmt":"2025-12-03T05:50:15","slug":"us-concarneau-fc-nantes-a-guy-piriou-et-le-dimanche-21-decembre-a-14h45-concarneau-football","status":"publish","type":"post","link":"https:\/\/www.europesays.com\/fr\/574706\/","title":{"rendered":"US Concarneau &#8211; FC Nantes: A Guy-Piriou, et le dimanche 21 d\u00e9cembre \u00e0 14h45 &#8211; concarneau &#8211; football"},"content":{"rendered":"<p><strong>C&rsquo;est un vrai cadeau de No\u00ebl, \u00e0 trois jours pile du r\u00e9veillon, un Concarneau (National) &#8211; FC Nantes (L1), qui remplira \u00e0 ras bord le Stade Guy-Piriou. Encore fallait-il trouver la bonne date, au choix du vendredi, samedi ou dimanche, finalement, le choix retenu rappelle celui d&rsquo;il y&rsquo;a 15 ans, \u00e7a sera le dimanche apr\u00e8s-midi, avec un coup d&rsquo;envoi fix\u00e9 \u00e0 14h45. Un horaire inhabituel pour l&rsquo;US Concarneau, plus habitu\u00e9 \u00e0 la case du vendredi soir, et un cr\u00e9neau plus r\u00e9gulier pour le FC Nantes, avec le passage depuis plusieurs ann\u00e9es des matchs de L1, en majorit\u00e9 le dimanche apr\u00e8s-midi. Cette affiche sera la derni\u00e8re de l&rsquo;ann\u00e9e civile 2025 pour les Thoniers.<\/strong><\/p>\n<p>  \t\t\t<img decoding=\"async\" typeof=\"foaf:Image\" src=\"https:\/\/www.europesays.com\/fr\/wp-content\/uploads\/2025\/12\/pb284679.jpg\" alt=\"\"\/>  \t\t\t  \t\t\t<\/p>\n<p><strong>L\u00e9gende:<\/strong> L&rsquo;US Concarneau (Nat.) jouera face au FC Nantes (L1) son dernier match de l&rsquo;ann\u00e9e 2025 sur un 32\u00e8me finale de la coupe de France, plac\u00e9 officiellement le dimanche 21 d\u00e9cembre, \u00e0 14h45.<\/p>\n<p>Les Concarnois l&rsquo;avaient commenc\u00e9 par le Paris Saint-Germain (les U23) sur un match amical, et la finissent par le FC Nantes (L1). En difficult\u00e9 en Ligue 1, le tirage sera extr\u00eamement difficile pour les Concarnois, qui seront pour la premi\u00e8re fois dans cette \u00e9dition coupe de France 2025\/2026, dans la position finalement confortable du \u00ab\u00a0petit\u00a0\u00bb qui n&rsquo;a rien \u00e0 perdre face au \u00a0\u00bb gros\u00a0\u00bb. La magie de No\u00ebl op\u00e9rera-elle? R\u00e9ponse, ce dimanche 21 d\u00e9cembre, vers les 16h30.<\/p>\n","protected":false},"excerpt":{"rendered":"C&rsquo;est un vrai cadeau de No\u00ebl, \u00e0 trois jours pile du r\u00e9veillon, un Concarneau (National) &#8211; FC Nantes&hellip;\n","protected":false},"author":2,"featured_media":574707,"comment_status":"","ping_status":"","sticky":false,"template":"","format":"standard","meta":{"footnotes":""},"categories":[1410],"tags":[63,1011,27,60],"class_list":{"0":"post-574706","1":"post","2":"type-post","3":"status-publish","4":"format-standard","5":"has-post-thumbnail","7":"category-football","8":"tag-football","9":"tag-fr","10":"tag-france","11":"tag-sports"},"share_on_mastodon":{"url":"https:\/\/pubeurope.com\/@fr\/115654075066807585","error":""},"_links":{"self":[{"href":"https:\/\/www.europesays.com\/fr\/wp-json\/wp\/v2\/posts\/574706","targetHints":{"allow":["GET"]}}],"collection":[{"href":"https:\/\/www.europesays.com\/fr\/wp-json\/wp\/v2\/posts"}],"about":[{"href":"https:\/\/www.europesays.com\/fr\/wp-json\/wp\/v2\/types\/post"}],"author":[{"embeddable":true,"href":"https:\/\/www.europesays.com\/fr\/wp-json\/wp\/v2\/users\/2"}],"replies":[{"embeddable":true,"href":"https:\/\/www.europesays.com\/fr\/wp-json\/wp\/v2\/comments?post=574706"}],"version-history":[{"count":0,"href":"https:\/\/www.europesays.com\/fr\/wp-json\/wp\/v2\/posts\/574706\/revisions"}],"wp:featuredmedia":[{"embeddable":true,"href":"https:\/\/www.europesays.com\/fr\/wp-json\/wp\/v2\/media\/574707"}],"wp:attachment":[{"href":"https:\/\/www.europesays.com\/fr\/wp-json\/wp\/v2\/media?parent=574706"}],"wp:term":[{"taxonomy":"category","embeddable":true,"href":"https:\/\/www.europesays.com\/fr\/wp-json\/wp\/v2\/categories?post=574706"},{"taxonomy":"post_tag","embeddable":true,"href":"https:\/\/www.europesays.com\/fr\/wp-json\/wp\/v2\/tags?post=574706"}],"curies":[{"name":"wp","href":"https:\/\/api.w.org\/{rel}","templated":true}]}}