{"id":574710,"date":"2025-12-03T05:52:17","date_gmt":"2025-12-03T05:52:17","guid":{"rendered":"https:\/\/www.europesays.com\/fr\/574710\/"},"modified":"2025-12-03T05:52:17","modified_gmt":"2025-12-03T05:52:17","slug":"apres-une-campagne-de-financement-ce-jeune-photographe-du-haut-jura-devoile-son-premier-livre-autoedite","status":"publish","type":"post","link":"https:\/\/www.europesays.com\/fr\/574710\/","title":{"rendered":"Apr\u00e8s une campagne de financement, ce jeune photographe du Haut-Jura d\u00e9voile son premier livre auto\u00e9dit\u00e9"},"content":{"rendered":"<p>                    Par<br \/>\n        <strong><br \/>\n            <a href=\"https:\/\/actu.fr\/auteur\/redaction-voixdujura\" title=\"Consulter tous les articles de R\u00e9daction Voix du Jura\" target=\"_blank\" rel=\"noopener\">R\u00e9daction Voix du Jura<\/a><br \/>\n                    <\/strong><\/p>\n<p>        Publi\u00e9 le<\/p>\n<p>            2 d\u00e9c. 2025 \u00e0 18h13        <\/p>\n<p>Albin Panisset, jeune photographe jurassien de <b>26 ans<\/b>, expose une douzaine de superbes clich\u00e9s \u00e0 la m\u00e9diath\u00e8que Haut-Jura Saint-Claude de <a href=\"https:\/\/actu.fr\/bourgogne-franche-comte\/coteaux-du-lizon_39491\" target=\"_blank\" rel=\"noopener\">Saint-Lupicin<\/a> (<a href=\"https:\/\/actu.fr\/voix-du-jura\/\" target=\"_blank\" rel=\"noopener\">Jura<\/a>), jusqu\u2019au <b>15 janvier 2026<\/b>. Un accrochage sensible et visuel de ph\u00e9nom\u00e8nes <b>lumineux<\/b> et <b>naturels <\/b>dans le massif du Jura.<\/p>\n<p class=\" wall-content\">Ces photos sont tir\u00e9es de <b>son dernier livre<\/b> Lumi\u00e8res furtives. C\u2019est un bel ouvrage de <b>128 pages<\/b> du sp\u00e9cialiste de<b> sc\u00e8nes d\u2019orages<\/b>. Albin avec cette sortie de fin d\u2019ann\u00e9e, plonge ses lecteurs dans l\u2019univers sensible et changeant de ses montagnes jurassiennes.<\/p>\n<p class=\" wall-content\"><a href=\"https:\/\/www.instagram.com\/p\/DP51orrCGiE\/embed\" title=\"Ouvrir le lien sur Instagram\" target=\"_blank\" rel=\"noopener\">Visualiser le contenu sur Instagram<\/a><\/p>\n<p class=\" wall-content\">Le vernissage avait lieu <b>mercredi soir 26 novembre 2025<\/b>, en la pr\u00e9sence d\u2019une trentaine de personnes venues voir l\u2019auteur et se faire d\u00e9dicacer l\u2019ouvrage, qu\u2019ils ont pu aussi acheter sur place. Les heureux lecteurs pourront y d\u00e9couvrir plus de<b> 90 clich\u00e9s<\/b>,<b> <\/b>pour certains in\u00e9dits, l\u00e9gend\u00e9s, accompagn\u00e9s de <b>r\u00e9cits <\/b>et r\u00e9partis en cinq chapitres, qui feront d\u00e9couvrir aux lecteurs la beaut\u00e9, la r\u00e9silience, la v\u00e9rit\u00e9 d\u2019une nature encore <b>sauvage<\/b>.<\/p>\n<p class=\" wall-content\">\u00ab C\u2019est une exposition pour d\u00e9couvrir et <b>rendre hommage au Jura<\/b> et \u00e0 ses lumi\u00e8res \u00bb, affirme Albin Panisset. \u00ab C\u2019est aussi plus de cinq ans d\u2019exp\u00e9ditions sur les montagnes du Jura, afin de capter des lumi\u00e8res \u00e9ph\u00e9m\u00e8res, des ambiances, des atmosph\u00e8res furtives. C\u2019est donc une sorte de <b>recueil <\/b>de ce long travail. \u00bb<\/p>\n<p>    <img   decoding=\"async\" loading=\"lazy\" class=\"size-large\" src=\"https:\/\/www.europesays.com\/fr\/wp-content\/uploads\/2025\/12\/086a5d5260d861c6a5d5260d8ef6a5v-960x640.jpg\" alt=\"Les \u00e9clairs et la foudre selon Albin Panisset.\" width=\"960\" height=\"640\"\/><br \/>\n    Les \u00e9clairs et la foudre selon Albin Panisset. \u00a9Albin PanissetLa sortie du livre, une aventure<\/p>\n<p class=\" wall-content\">La photographie c\u2019est son r\u00eave, une passion qu\u2019il est en train de r\u00e9aliser. La sortie de son livre est une vraie <b>\u00e9pop\u00e9e <\/b>\u00e0 elle toute seule. \u00c0 son compte depuis quelque temps, Albin a r\u00e9alis\u00e9 ainsi une <b>auto\u00e9dition<\/b>, gr\u00e2ce en amont \u00e0 une <b>campagne de pr\u00e9-commandes<\/b>, pour une sortie avant la p\u00e9riode de No\u00ebl, propice aux beaux cadeaux.<\/p>\n<p class=\" wall-content\">Lanc\u00e9e le <b>1er septembre 2025<\/b>, la campagne lui a permis de rassembler les <b>8 900 \u20ac <\/b>n\u00e9cessaires pour faire sortir <b>750 exemplaires <\/b>du livre au prix de <b>39 \u20ac <\/b>en deux mois de campagne. Et c\u2019est donc pour lui une sorte de cons\u00e9cration, et une belle marque de confiance de la part de ses lecteurs.<\/p>\n<p>Votre r\u00e9gion, votre actu !<\/p>\n<p>Recevez chaque jour les infos qui comptent pour vous.<\/p>\n<p>\t<a href=\"https:\/\/actu.fr\/newsletter\" class=\"ac-btn ac-btn--corner ac-btn--medium ac-btn--blue800\" target=\"_blank\" rel=\"noopener\">S&rsquo;incrire<\/a><\/p>\n<p class=\" wall-content\">Lumi\u00e8res furtives, son ouvrage, est disponible dans toutes les bonnes librairies jurassiennes et d\u2019ailleurs, et bien s\u00fbr \u00e0 la m\u00e9diath\u00e8que de son village. Le sp\u00e9cialiste des sc\u00e8nes d\u2019orage y sera pr\u00e9sent pour des s\u00e9ances de vente et de <b>d\u00e9dicaces <\/b>l\u2019apr\u00e8s-midi du <b>samedi 6\u00a0d\u00e9cembre<\/b> prochain.<\/p>\n<p class=\" wall-content\">Guy Monneret (CLP)<\/p>\n<p class=\" wall-content\">Personnalisez votre actualit\u00e9 en ajoutant vos villes et m\u00e9dias en favori avec <a href=\"https:\/\/moncompte.actu.fr\" title=\"D\u00e9couvez Mon Actu\" rel=\"nofollow noopener\" data-trk=\"{&quot;cta&quot;:{&quot;action&quot;:&quot;https:\\\/\\\/moncompte.actu.fr&quot;,&quot;category&quot;:&quot;mon compte&quot;,&quot;from&quot;:&quot;article footer&quot;,&quot;name&quot;:&quot;Mon actu&quot;,&quot;type&quot;:&quot;cta&quot;}}\" target=\"_blank\">Mon Actu<\/a>.<\/p>\n<p>                    <script async src=\"\/\/www.instagram.com\/embed.js\"><\/script><\/p>\n","protected":false},"excerpt":{"rendered":"Par R\u00e9daction Voix du Jura Publi\u00e9 le 2 d\u00e9c. 2025 \u00e0 18h13 Albin Panisset, jeune photographe jurassien de&hellip;\n","protected":false},"author":2,"featured_media":574711,"comment_status":"","ping_status":"","sticky":false,"template":"","format":"standard","meta":{"footnotes":""},"categories":[1358],"tags":[1348,1384,1385,1386,58,59,1011,27,1652,68900,4594,1756],"class_list":{"0":"post-574710","1":"post","2":"type-post","3":"status-publish","4":"format-standard","5":"has-post-thumbnail","7":"category-arts-et-design","8":"tag-arts","9":"tag-arts-and-design","10":"tag-arts-et-design","11":"tag-design","12":"tag-divertissement","13":"tag-entertainment","14":"tag-fr","15":"tag-france","16":"tag-loisirs-culture","17":"tag-montagnes-du-jura","18":"tag-orages","19":"tag-photographie"},"share_on_mastodon":{"url":"https:\/\/pubeurope.com\/@fr\/115654082780549804","error":""},"_links":{"self":[{"href":"https:\/\/www.europesays.com\/fr\/wp-json\/wp\/v2\/posts\/574710","targetHints":{"allow":["GET"]}}],"collection":[{"href":"https:\/\/www.europesays.com\/fr\/wp-json\/wp\/v2\/posts"}],"about":[{"href":"https:\/\/www.europesays.com\/fr\/wp-json\/wp\/v2\/types\/post"}],"author":[{"embeddable":true,"href":"https:\/\/www.europesays.com\/fr\/wp-json\/wp\/v2\/users\/2"}],"replies":[{"embeddable":true,"href":"https:\/\/www.europesays.com\/fr\/wp-json\/wp\/v2\/comments?post=574710"}],"version-history":[{"count":0,"href":"https:\/\/www.europesays.com\/fr\/wp-json\/wp\/v2\/posts\/574710\/revisions"}],"wp:featuredmedia":[{"embeddable":true,"href":"https:\/\/www.europesays.com\/fr\/wp-json\/wp\/v2\/media\/574711"}],"wp:attachment":[{"href":"https:\/\/www.europesays.com\/fr\/wp-json\/wp\/v2\/media?parent=574710"}],"wp:term":[{"taxonomy":"category","embeddable":true,"href":"https:\/\/www.europesays.com\/fr\/wp-json\/wp\/v2\/categories?post=574710"},{"taxonomy":"post_tag","embeddable":true,"href":"https:\/\/www.europesays.com\/fr\/wp-json\/wp\/v2\/tags?post=574710"}],"curies":[{"name":"wp","href":"https:\/\/api.w.org\/{rel}","templated":true}]}}