{"id":574712,"date":"2025-12-03T05:54:21","date_gmt":"2025-12-03T05:54:21","guid":{"rendered":"https:\/\/www.europesays.com\/fr\/574712\/"},"modified":"2025-12-03T05:54:21","modified_gmt":"2025-12-03T05:54:21","slug":"un-nouveau-personnage-sombre-joue-par-un","status":"publish","type":"post","link":"https:\/\/www.europesays.com\/fr\/574712\/","title":{"rendered":"un nouveau personnage sombre jou\u00e9 par un &#8230;"},"content":{"rendered":"<p>EN BREF<\/p>\n<ul class=\"bloc_resume_post_list\">\n<li>Rapha\u00ebl Lenglet rejoint le casting de Demain nous<br \/>\nappartient en 2026, connu pour son r\u00f4le dans Candice<br \/>\nRenoir.<\/li>\n<li>Il incarne Brice Mussard, un professeur de droit<br \/>\ncharismatique avec un c\u00f4t\u00e9 sombre qui pourrait bouleverser<br \/>\nS\u00e8te.<\/li>\n<li>Son arriv\u00e9e co\u00efncide avec d\u00a0\u00bbautres nouveaut\u00e9s, promettant<br \/>\nune intrigue riche en rebondissements pour les<br \/>\nt\u00e9l\u00e9spectateurs.<\/li>\n<\/ul>\n<p>La s\u00e9rie quotidienne <a href=\"https:\/\/www.telestar.fr\/serie_tv\/demain-nous-appartient-karim-ne-lache-pas-arthur-georges-et-melody-cest-fini-ce-qui-vous-attend-du-1er-au-5-decembre-2025-1746955\" target=\"_blank\" rel=\"noopener\"><br \/>\nDemain nous appartient<\/a> sur TF1 continue d&rsquo;enrichir son<br \/>\ncasting. Ce feuilleton, qui suit les intrigues familiales et<br \/>\npolici\u00e8res \u00e0 S\u00e8te, accueille ainsi <strong>un acteur<br \/>\nexp\u00e9riment\u00e9<\/strong> pour dynamiser l&rsquo;intrigue hivernale 2026. Il<br \/>\ns&rsquo;agit de <a href=\"https:\/\/www.telestar.fr\/actu-tv\/raphael-lenglet-a-fleur-de-peau-j-ai-dit-non-tout-de-suite-pourquoi-il-a-change-d-avis-sur-son-role-838796\" target=\"_blank\" rel=\"noopener\"><br \/>\nRapha\u00ebl Lenglet<\/a>, bien connu pour son r\u00f4le dans <a href=\"https:\/\/www.telestar.fr\/serie-tv\/autres-series\/candice-renoir-la-saison-7-debarque-le-19-avril-prochain-sur-france-2-416616\" target=\"_blank\" rel=\"noopener\"><br \/>\nCandice Renoir.<\/a> \u00a0L&rsquo;annonce, faite via un<br \/>\ncommuniqu\u00e9 de la cha\u00eene, promet des rebondissements autour de ce<br \/>\nvenu myst\u00e9rieux qui s&rsquo;int\u00e8gre au quotidien des habitants du port<br \/>\nm\u00e9diterran\u00e9en.\u200b<\/p>\n<p>Rapha\u00ebl Lenglet, originaire de Metz et install\u00e9 \u00e0 Paris depuis<br \/>\nses 19 ans pour <strong>poursuivre une carri\u00e8re d&rsquo;acteur.<\/strong><br \/>\nIl d\u00e9bute sur les planches et \u00e0 l&rsquo;\u00e9cran avec des r\u00f4les secondaires<br \/>\ndans Cam\u00e9ra caf\u00e9 et le film L\u00e0-bas&#8230; mon pays.<br \/>\nSa notori\u00e9t\u00e9 explose en 2006 avec Les Bleus : Premiers pas dans<br \/>\nla police sur M6. Il y joue Alex Moreno, un jeune recrue de la<br \/>\npolice issue des cit\u00e9s. Cette s\u00e9rie, diffus\u00e9e sur quatre saisons,<br \/>\nmarque un tournant et lui ouvre les portes de projets vari\u00e9s, comme<br \/>\nle spectacle Open Bed de Laurent Ruquier ou le film Mince alors<br \/>\n!.\u200b<\/p>\n<p>L&rsquo;arriv\u00e9e de Brice Mussard : un double visage \u00e0 S\u00e8te<\/p>\n<p>Le nouveau personnage de Rapha\u00ebl Lenglet, Brice Mussard, est un<br \/>\nprofesseur de droit charismatique et respect\u00e9. Il est admir\u00e9 par<br \/>\nses \u00e9l\u00e8ves pour son allure impeccable et son sourire s\u00e9ducteur.<br \/>\nArriv\u00e9 \u00e0 S\u00e8te, il semble <strong>incarner la r\u00e9ussite<br \/>\nabsolue.<\/strong> Mais il cache une facette plus sombre qui<br \/>\npourrait perturber les \u00e9quilibres familiaux. Rapha\u00eblle et Martin,<br \/>\ndeux figures centrales de la s\u00e9rie, se rapprocheront de lui. Ils<br \/>\nrisquent de d\u00e9voiler ses secrets lors d&rsquo;une intrigue tendue.\u200b<\/p>\n<p>Dans Candice Renoir sur France 2, depuis 2013, Rapha\u00ebl<br \/>\nLenglet excelle en tant que capitaine Antoine Dumas. Il s&rsquo;agit<br \/>\n<strong>d&rsquo;un policier au pass\u00e9 complexe<\/strong> et \u00e0 la relation<br \/>\nambivalente avec l&rsquo;h\u00e9ro\u00efne jou\u00e9e par C\u00e9cile Bois. Ce r\u00f4le,<br \/>\ninitialement secondaire, s&rsquo;\u00e9toffe au fil des saisons avec des<br \/>\nth\u00e8mes comme l&rsquo;addiction et l&rsquo;amour impossible. Il permet ainsi \u00e0<br \/>\nl&rsquo;acteur de r\u00e9aliser plusieurs \u00e9pisodes. Son exp\u00e9rience en com\u00e9die<br \/>\npolici\u00e8re enrichit Demain nous appartient, o\u00f9 son<br \/>\npersonnage de Brice injectera du suspense d\u00e8s mi-f\u00e9vrier 2026.\u200b<\/p>\n<p>Des nouveaut\u00e9s dans la s\u00e9rie Demain<br \/>\nnous appartient<\/p>\n<p>Cette arriv\u00e9e co\u00efncide avec d&rsquo;autres nouveaut\u00e9s dans la s\u00e9rie,<br \/>\ncomme celle de Caroline Bourg en Karen Laugier, renfor\u00e7ant<br \/>\n<strong>les arcs narratifs<\/strong> autour des enqu\u00eates et des<br \/>\nromances.<\/p>\n<p>L&rsquo;acteur qui a aussi brill\u00e9 dans Elle de Paul Verhoeven ou Apr\u00e8s<br \/>\nla nuit, apporte <strong>une profondeur dramatique<\/strong><br \/>\nattendue par les fans. Le tournage a d\u00e9but\u00e9 en d\u00e9cembre 2025 dans<br \/>\nle Sud de la France, pour une diffusion \u00ab\u00a0le temps d&rsquo;une arche riche<br \/>\nen rebondissements\u00a0\u00bb.<\/p>\n","protected":false},"excerpt":{"rendered":"EN BREF Rapha\u00ebl Lenglet rejoint le casting de Demain nous appartient en 2026, connu pour son r\u00f4le dans&hellip;\n","protected":false},"author":2,"featured_media":574713,"comment_status":"","ping_status":"","sticky":false,"template":"","format":"standard","meta":{"footnotes":""},"categories":[1356],"tags":[548,3598,58,59,1011,27,252,1364],"class_list":{"0":"post-574712","1":"post","2":"type-post","3":"status-publish","4":"format-standard","5":"has-post-thumbnail","7":"category-television","8":"tag-article-simple","9":"tag-demain-nous-appartient","10":"tag-divertissement","11":"tag-entertainment","12":"tag-fr","13":"tag-france","14":"tag-television","15":"tag-tv"},"share_on_mastodon":{"url":"https:\/\/pubeurope.com\/@fr\/115654090063134149","error":""},"_links":{"self":[{"href":"https:\/\/www.europesays.com\/fr\/wp-json\/wp\/v2\/posts\/574712","targetHints":{"allow":["GET"]}}],"collection":[{"href":"https:\/\/www.europesays.com\/fr\/wp-json\/wp\/v2\/posts"}],"about":[{"href":"https:\/\/www.europesays.com\/fr\/wp-json\/wp\/v2\/types\/post"}],"author":[{"embeddable":true,"href":"https:\/\/www.europesays.com\/fr\/wp-json\/wp\/v2\/users\/2"}],"replies":[{"embeddable":true,"href":"https:\/\/www.europesays.com\/fr\/wp-json\/wp\/v2\/comments?post=574712"}],"version-history":[{"count":0,"href":"https:\/\/www.europesays.com\/fr\/wp-json\/wp\/v2\/posts\/574712\/revisions"}],"wp:featuredmedia":[{"embeddable":true,"href":"https:\/\/www.europesays.com\/fr\/wp-json\/wp\/v2\/media\/574713"}],"wp:attachment":[{"href":"https:\/\/www.europesays.com\/fr\/wp-json\/wp\/v2\/media?parent=574712"}],"wp:term":[{"taxonomy":"category","embeddable":true,"href":"https:\/\/www.europesays.com\/fr\/wp-json\/wp\/v2\/categories?post=574712"},{"taxonomy":"post_tag","embeddable":true,"href":"https:\/\/www.europesays.com\/fr\/wp-json\/wp\/v2\/tags?post=574712"}],"curies":[{"name":"wp","href":"https:\/\/api.w.org\/{rel}","templated":true}]}}