{"id":574720,"date":"2025-12-03T05:58:17","date_gmt":"2025-12-03T05:58:17","guid":{"rendered":"https:\/\/www.europesays.com\/fr\/574720\/"},"modified":"2025-12-03T05:58:17","modified_gmt":"2025-12-03T05:58:17","slug":"alonso-tresse-des-lauriers-a-mbappe-et-son-rendement-exceptionnel","status":"publish","type":"post","link":"https:\/\/www.europesays.com\/fr\/574720\/","title":{"rendered":"Alonso tresse des lauriers \u00e0 Mbapp\u00e9 et son rendement \u00ab\u00a0exceptionnel\u00a0\u00bb"},"content":{"rendered":"<p>M\u00eame si le Real Madrid est <a href=\"https:\/\/www.20minutes.fr\/sport\/football\/liga\/4188936-20251201-real-madrid-mbappe-suffit-plus-masquer-lacunes-madrilenes-liga-barca-prend-tete-championnat\" target=\"_blank\" class=\"c-link c-link--is-underlined\" rel=\"noopener\">en panne de bons r\u00e9sultats<\/a>, tout va bien par contre pour <a href=\"https:\/\/www.20minutes.fr\/arts-stars\/culture\/4187285-20251122-clash-mbappe-orelsan-rappeur-repond-enfin-footballeur-drole\" target=\"_blank\" class=\"c-link c-link--is-underlined\" rel=\"noopener\">Kylian Mbapp\u00e9<\/a>. C\u2019est tout du moins le message d\u00e9livr\u00e9 mardi par l\u2019entra\u00eeneur du club espagnol, Xabi Alonso, au sujet de son attaquant, \u00e0 la veille d\u2019un match crucial en Liga face \u00e0 l\u2019Athletic Bilbao.<\/p>\n<p>\u00ab\u00a0Kylian a d\u00e9j\u00e0 fait une saison pleine ici. Depuis trois mois, il a un rendement individuel exceptionnel, il aide beaucoup l\u2019\u00e9quipe tant en Liga qu\u2019en Ligue des champions. Vous voyez bien son \u00e9tat de forme du moment. Pour le reste (les titres et les r\u00e9compenses individuelles), nous verrons \u00e0 la fin de la saison\u00a0\u00bb, a d\u00e9clar\u00e9 Xabi Alonso en conf\u00e9rence de presse.<\/p>\n<p>Mbapp\u00e9 pas loin d\u2019\u00e9galer Cristiano Ronaldo<\/p>\n<p>L\u2019attaquant fran\u00e7ais, auteur d\u2019un d\u00e9but de saison exceptionnel sur le plan statistique avec 23 buts inscrits avec le Real (14 en 14 journ\u00e9es de Liga, <a href=\"https:\/\/www.20minutes.fr\/sport\/football\/4188206-20251127-ligue-champions-mbappe-joue-modeste-malgre-quadruple-folie-real-madrid\" target=\"_blank\" class=\"c-link c-link--is-underlined\" rel=\"noopener\">neuf en cinq matchs de Ligue des champions<\/a>), en est d\u00e9j\u00e0 \u00e0 53 buts sur l\u2019ann\u00e9e civile 2025. Avec six rencontres \u00e0 disputer d\u2019ici la fin de l\u2019ann\u00e9e, le capitaine des Bleus est \u00e0 six unit\u00e9s d\u2019\u00e9galer le record de son idole Cristiano Ronaldo, \u00e9tabli en\u00a02013 (59 buts).<\/p>\n<\/p>\n<p>\u00ab\u00a0Mais comme je l\u2019ai d\u00e9j\u00e0 dit, les buts ne peuvent pas tous venir de Kylian. Et son r\u00f4le va au-del\u00e0 de marquer des buts. Il fait beaucoup d\u2019autres choses fondamentales pour l\u2019\u00e9quipe, par son leadership, sa mani\u00e8re d\u2019aider ses co\u00e9quipiers au quotidien\u00a0\u00bb, a d\u00e9velopp\u00e9 Xabi Alonso.<\/p>\n<p><a href=\"https:\/\/www.20minutes.fr\/sport\/football\/\" target=\"_blank\" class=\"c-link c-btn c-btn--primary\" rel=\"noopener\">Notre dossier Football<\/a><\/p>\n<p>Le Real (2e, 33 points), qui a conc\u00e9d\u00e9 un troisi\u00e8me nul de suite en Liga dimanche \u00e0 G\u00e9rone (1-1) et c\u00e9d\u00e9 sa premi\u00e8re place \u00e0 son \u00e9ternel rival, le FC Barcelone (1er, 37 points), doit absolument se relancer ce mercredi \u00e0 Bilbao en match avanc\u00e9 de la 19e journ\u00e9e. Sous pression, l\u2019entra\u00eeneur madril\u00e8ne a assur\u00e9 qu\u2019il avait \u00ab\u00a0confiance\u00a0\u00bb en ses joueurs pour renverser la situation. \u00ab\u00a0Nous ne sommes qu\u2019en d\u00e9cembre. La saison est encore longue. C\u2019est clair que le mois de novembre ne s\u2019est pas d\u00e9roul\u00e9 comme nous le souhaitions (une seule victoire en cinq matchs), mais j\u2019ai confiance en la qualit\u00e9 et la personnalit\u00e9 de ce groupe pour bien jouer et avoir la possibilit\u00e9 de se battre pour tout gagner en avril et en mai\u00a0\u00bb, a-t-il expliqu\u00e9.<\/p>\n","protected":false},"excerpt":{"rendered":"M\u00eame si le Real Madrid est en panne de bons r\u00e9sultats, tout va bien par contre pour Kylian&hellip;\n","protected":false},"author":2,"featured_media":574721,"comment_status":"","ping_status":"","sticky":false,"template":"","format":"standard","meta":{"footnotes":""},"categories":[9],"tags":[123,5695,63,1011,27,6477,453,4790,517,60,133,12380],"class_list":{"0":"post-574720","1":"post","2":"type-post","3":"status-publish","4":"format-standard","5":"has-post-thumbnail","7":"category-sports","8":"tag-espagne","9":"tag-fc-barcelone","10":"tag-football","11":"tag-fr","12":"tag-france","13":"tag-kylian-mbappe","14":"tag-liga","15":"tag-real-madrid","16":"tag-sport","17":"tag-sports","18":"tag-video","19":"tag-xabi-alonso"},"share_on_mastodon":{"url":"https:\/\/pubeurope.com\/@fr\/115654106071820436","error":""},"_links":{"self":[{"href":"https:\/\/www.europesays.com\/fr\/wp-json\/wp\/v2\/posts\/574720","targetHints":{"allow":["GET"]}}],"collection":[{"href":"https:\/\/www.europesays.com\/fr\/wp-json\/wp\/v2\/posts"}],"about":[{"href":"https:\/\/www.europesays.com\/fr\/wp-json\/wp\/v2\/types\/post"}],"author":[{"embeddable":true,"href":"https:\/\/www.europesays.com\/fr\/wp-json\/wp\/v2\/users\/2"}],"replies":[{"embeddable":true,"href":"https:\/\/www.europesays.com\/fr\/wp-json\/wp\/v2\/comments?post=574720"}],"version-history":[{"count":0,"href":"https:\/\/www.europesays.com\/fr\/wp-json\/wp\/v2\/posts\/574720\/revisions"}],"wp:featuredmedia":[{"embeddable":true,"href":"https:\/\/www.europesays.com\/fr\/wp-json\/wp\/v2\/media\/574721"}],"wp:attachment":[{"href":"https:\/\/www.europesays.com\/fr\/wp-json\/wp\/v2\/media?parent=574720"}],"wp:term":[{"taxonomy":"category","embeddable":true,"href":"https:\/\/www.europesays.com\/fr\/wp-json\/wp\/v2\/categories?post=574720"},{"taxonomy":"post_tag","embeddable":true,"href":"https:\/\/www.europesays.com\/fr\/wp-json\/wp\/v2\/tags?post=574720"}],"curies":[{"name":"wp","href":"https:\/\/api.w.org\/{rel}","templated":true}]}}