{"id":574724,"date":"2025-12-03T06:00:24","date_gmt":"2025-12-03T06:00:24","guid":{"rendered":"https:\/\/www.europesays.com\/fr\/574724\/"},"modified":"2025-12-03T06:00:24","modified_gmt":"2025-12-03T06:00:24","slug":"voici-a-quelle-date-la-retrospective-devrait-arriver","status":"publish","type":"post","link":"https:\/\/www.europesays.com\/fr\/574724\/","title":{"rendered":"voici \u00e0 quelle date la r\u00e9trospective devrait arriver"},"content":{"rendered":"<p class=\"app_entry_lead\">\n<p>                    <a title=\"\u00a0\u00a9\u00a0Vuk Valcic\/ZUMA\/SIPA (publi\u00e9e le 02\/12\/2025)\" href=\"https:\/\/www.europesays.com\/fr\/wp-content\/uploads\/2025\/12\/83339602.jpg\" class=\"fancy\"><\/p>\n<p>                            <img loading=\"lazy\" decoding=\"async\" src=\"https:\/\/www.europesays.com\/fr\/wp-content\/uploads\/2025\/12\/83339602.jpg\" alt=\"Spotify Wrapped 2025\u00a0: voici \u00e0 quelle date la r\u00e9trospective devrait arriver\" width=\"1500\" height=\"1000\"\/><\/p>\n<p>                    <\/a><\/p>\n<p>                Le classement de vos musiques et genres les plus \u00e9cout\u00e9s en 2025\u00a0devrait arriver d&rsquo;ici tr\u00e8s peu de temps.<\/p>\n<p>            &#13;<\/p>\n<p>Sommaire<\/p>\n<p>&#13;<br \/>\n&#13;<br \/>\n&#13;<\/p>\n<p>Le Spotify Wrapped 2025 est en route ! La firme a commenc\u00e9 \u00e0 teaser l&rsquo;arriv\u00e9e tr\u00e8s prochaine de la c\u00e9l\u00e8bre r\u00e9trospective de vos \u00e9coutes de l&rsquo;ann\u00e9e. A travers un post qui rappelle les pochettes des plus gros albums de l&rsquo;ann\u00e9e, le compte officiel de Spotify indique que le Wrapped arrive tr\u00e8s bient\u00f4t.<\/p>\n<p>Depuis quelques ann\u00e9es, Spotify a l&rsquo;habitude de proposer son fameux \u00ab\u00a0Spotify Wrapped\u00a0\u00bb. Cet ensemble de pages personnalis\u00e9 permet \u00e0 chaque utilisateur de d\u00e9couvrir les musiques, podcasts, artistes et genres musicaux les plus \u00e9cout\u00e9s de l&rsquo;ann\u00e9e. Une fa\u00e7on fun et intuitive de se rappeler l&rsquo;ann\u00e9e en musique !<\/p>\n<p>A quelle date sera disponible le Spotify Wrapped 2025\u00a0?<\/p>\n<p>Spotify a l&rsquo;habitude de d\u00e9voiler sa r\u00e9trospective \u00e0 chaque fin d&rsquo;ann\u00e9e.\u00a0L&rsquo;application a cependant la f\u00e2cheuse tendance \u00e0 d\u00e9caler la date officielle d&rsquo;ann\u00e9e en ann\u00e9e, rendant difficile la possibilit\u00e9 de deviner \u00e0 l&rsquo;avance la fameuse \u00e9ch\u00e9ance. Voici toutes les dates des pr\u00e9c\u00e9dentes Spotify Wrapped :<\/p>\n<ul>&#13;<\/p>\n<li data-insertor-excluded=\"1\"><strong>2024 :<\/strong> Mercredi 4 d\u00e9cembre<\/li>\n<p>&#13;<\/p>\n<li data-insertor-excluded=\"1\"><strong data-insertor-excluded=\"1\">2023\u00a0:<\/strong>\u00a0Mercredi 29\u00a0novembre<\/li>\n<p>&#13;<\/p>\n<li data-insertor-excluded=\"1\"><strong data-insertor-excluded=\"1\">2022\u00a0:<\/strong>\u00a0Mercredi 30\u00a0novembre<\/li>\n<p>&#13;<\/p>\n<li data-insertor-excluded=\"1\"><strong data-insertor-excluded=\"1\">2021\u00a0:<\/strong>\u00a0Mercredi 1\u1d49\u02b3 d\u00e9cembre<\/li>\n<p>&#13;<\/p>\n<li data-insertor-excluded=\"1\"><strong data-insertor-excluded=\"1\">2020\u00a0:\u00a0<\/strong>Mercredi 1\u1d49\u02b3 d\u00e9cembre<\/li>\n<p>&#13;\n<\/ul>\n<p>Une tendance se d\u00e9gage clairement de ces pr\u00e9c\u00e9dentes dates : le Spotify Wrapped a l&rsquo;habitude de tomber un mercredi. La firme ayant d\u00e9j\u00e0 commenc\u00e9 \u00e0 teaser l&rsquo;arriv\u00e9e de la r\u00e9trospective, il y a de fortes chances\u00a0<strong>que le Spotify Wrapped 2025 soit disponible \u00e0 partir du mercredi 3 d\u00e9cembre 2025.<\/strong><\/p>\n<\/p>\n<p>Quelles vont \u00eatre les tendances du\u00a0Spotify Wrapped 2025\u00a0?<\/p>\n<p>L&rsquo;ann\u00e9e a \u00e9t\u00e9 charg\u00e9e au niveau des sorties musicales susceptibles d&rsquo;impacter le Spotify Wrapped 2025. Difficile de ne pas commencer en \u00e9voquant Taylor Swift et son nouvel album\u00a0\u00ab\u00a0The Life of a Showgirl\u00a0\u00bb\u00a0dont plusieurs des musiques ont rapidement atteint le top des classements lors de leur sortie.<\/p>\n<p>Les yeux sont \u00e9galement riv\u00e9es sur la Cor\u00e9e qui a connu plusieurs jolis succ\u00e8s et notamment la bande-son du film Netflix \u00ab\u00a0K-Pop Demon Hunter\u00a0\u00bb dont le titre\u00a0\u00ab\u00a0Golden\u00a0\u00bb\u00a0est rest\u00e9 plusieurs mois en haut des classements d&rsquo;\u00e9coute de Spotify. Jin et Jimin du groupe BTS risquent \u00e9galement de se retrouver au sein de plusieurs Spotify Wrapped avec leurs titres respectifs\u00a0\u00ab\u00a0Don&rsquo;t Say You Love Me\u00a0\u00bb\u00a0et\u00a0\u00ab\u00a0Who\u00a0\u00bb.<\/p>\n<p>Les US ne sont pas en reste et peuvent compter sur de multiples ph\u00e9nom\u00e8nes comme Sabrina Carpenter et son dernier album\u00a0\u00ab\u00a0Man&rsquo;s Best Friend\u00a0\u00bb qui s&rsquo;est rapidement fait remarquer. Mentionnons \u00e9galement Tate McRae dont l&rsquo;album\u00a0\u00ab\u00a0So Close To What\u00a0\u00bb\u00a0a \u00e9t\u00e9 un v\u00e9ritable carton cette ann\u00e9e.<\/p>\n<p>Derni\u00e8res mises \u00e0 jour<\/p>\n<p><a name=\"post1764698905\"\/>19:08 &#8211; Ce site de pr\u00e9diction confirme une date pour le Spotify Wrapped 2025<\/p>\n<p>Kalshi est un site am\u00e9ricain d&rsquo;\u00e9change et pr\u00e9vision financi\u00e8re. Concr\u00e8tement, les utilisateurs du site parient sur certains \u00e9v\u00e9nements pour gagner de l&rsquo;argent. Le site a d\u00e9j\u00e0 pr\u00e9vu plusieurs \u00e9v\u00e9nements avec justesse et fait le bonheur de ses utilisateurs qui appr\u00e9cient de deviner l&rsquo;arriv\u00e9e (ou non) de certaines choses&#8230; Comme la date du Spotify Wrapped ! Cette ann\u00e9e, les utilisateurs sont persuad\u00e9s que le Wrapped 2025 tombera avant le mardi 8 d\u00e9cembre. Une donn\u00e9e suppl\u00e9mentaire qui donne envie de croire que le Wrapped sera disponible ce mercredi 3 d\u00e9cembre !<\/p>\n<p><a name=\"post1764670183\"\/>11:09 &#8211; Spotify France commence \u00e0 annoncer le Wrapped 2025<\/p>\n<p>Si le compte international de Spotify avait \u00e9t\u00e9 le premier \u00e0 \u00e9voquer le Wrapped 2025, son \u00e9quivalent francophone a rapidement suivi le pas ! Le compte X (formellement Twitter) de l&rsquo;application a r\u00e9cemment partag\u00e9 une vid\u00e9o assez claire : \u00ab\u00a02025 Wrapped &#8211; \u00e7a arrive bient\u00f4t\u00a0\u00bb.\u00a0Une mani\u00e8re simple, mais efficace de relancer la hype autour de la c\u00e9l\u00e8bre r\u00e9trospective de fin d&rsquo;ann\u00e9e qui permettra aux utilisateurs de (re)d\u00e9couvrir leur ann\u00e9e musicale.<\/p>\n","protected":false},"excerpt":{"rendered":"Le classement de vos musiques et genres les plus \u00e9cout\u00e9s en 2025\u00a0devrait arriver d&rsquo;ici tr\u00e8s peu de temps.&hellip;\n","protected":false},"author":2,"featured_media":574725,"comment_status":"","ping_status":"","sticky":false,"template":"","format":"standard","meta":{"footnotes":""},"categories":[7],"tags":[68901,51761,51763,1011,27,310,51767,43,40,41,39,42,44],"class_list":{"0":"post-574724","1":"post","2":"type-post","3":"status-publish","4":"format-standard","5":"has-post-thumbnail","7":"category-sciences-et-technologies","8":"tag-cms-linternaute-8968883","9":"tag-controller-content","10":"tag-format-papier","11":"tag-fr","12":"tag-france","13":"tag-internet","14":"tag-parallaxeinfeed","15":"tag-science","16":"tag-science-and-technology","17":"tag-sciences","18":"tag-sciences-et-technologies","19":"tag-technologies","20":"tag-technology"},"share_on_mastodon":{"url":"https:\/\/pubeurope.com\/@fr\/115654114313977280","error":""},"_links":{"self":[{"href":"https:\/\/www.europesays.com\/fr\/wp-json\/wp\/v2\/posts\/574724","targetHints":{"allow":["GET"]}}],"collection":[{"href":"https:\/\/www.europesays.com\/fr\/wp-json\/wp\/v2\/posts"}],"about":[{"href":"https:\/\/www.europesays.com\/fr\/wp-json\/wp\/v2\/types\/post"}],"author":[{"embeddable":true,"href":"https:\/\/www.europesays.com\/fr\/wp-json\/wp\/v2\/users\/2"}],"replies":[{"embeddable":true,"href":"https:\/\/www.europesays.com\/fr\/wp-json\/wp\/v2\/comments?post=574724"}],"version-history":[{"count":0,"href":"https:\/\/www.europesays.com\/fr\/wp-json\/wp\/v2\/posts\/574724\/revisions"}],"wp:featuredmedia":[{"embeddable":true,"href":"https:\/\/www.europesays.com\/fr\/wp-json\/wp\/v2\/media\/574725"}],"wp:attachment":[{"href":"https:\/\/www.europesays.com\/fr\/wp-json\/wp\/v2\/media?parent=574724"}],"wp:term":[{"taxonomy":"category","embeddable":true,"href":"https:\/\/www.europesays.com\/fr\/wp-json\/wp\/v2\/categories?post=574724"},{"taxonomy":"post_tag","embeddable":true,"href":"https:\/\/www.europesays.com\/fr\/wp-json\/wp\/v2\/tags?post=574724"}],"curies":[{"name":"wp","href":"https:\/\/api.w.org\/{rel}","templated":true}]}}