{"id":574730,"date":"2025-12-03T06:03:15","date_gmt":"2025-12-03T06:03:15","guid":{"rendered":"https:\/\/www.europesays.com\/fr\/574730\/"},"modified":"2025-12-03T06:03:15","modified_gmt":"2025-12-03T06:03:15","slug":"shein-refuse-pour-la-troisieme-fois-detre-auditionne-a-lassemblee-cette-deputee-monte-au-creneau","status":"publish","type":"post","link":"https:\/\/www.europesays.com\/fr\/574730\/","title":{"rendered":"Shein refuse pour la troisi\u00e8me fois d\u2019\u00eatre auditionn\u00e9 \u00e0 l\u2019Assembl\u00e9e, cette d\u00e9put\u00e9e monte au cr\u00e9neau"},"content":{"rendered":"<p>        <img decoding=\"async\" loading=\"lazy\" src=\"https:\/\/www.europesays.com\/fr\/wp-content\/uploads\/2025\/12\/696062a_upload-1-eweupyx0jc2x-2025-11-05t000000z-559736545-mt1lepic000wo0grk-rtrmadp-3-shein-france-.jpeg\"  width=\"728\" height=\"410\" alt=\"La d\u00e9put\u00e9e Sandrine Le Feur (Renaissance) monte au cr\u00e9neau apr\u00e8s un troisi\u00e8me refus d\u2019audition de Shein devant la Commission d\u00e9veloppement durable qu\u2019elle pr\u00e9side. (image d\u2019illustration)\"\/>  <\/p>\n<p>Julien Mattia \/ Le Pictorium \/ Le Pictorium via Reuters Connect<\/p>\n<p>La d\u00e9put\u00e9e Sandrine Le Feur (Renaissance) monte au cr\u00e9neau apr\u00e8s un troisi\u00e8me refus d\u2019audition de Shein devant la Commission d\u00e9veloppement durable qu\u2019elle pr\u00e9side. (image d\u2019illustration)<\/p>\n<p class=\"asset asset-text\">C\u2019\u00e9tait pr\u00e9visible. <a href=\"https:\/\/www.huffingtonpost.fr\/economie\/article\/apres-shein-aliexpress-et-joom-attaques-en-justice-par-l-etat-pour-des-poupees-pedopornographiques_257547.html\" target=\"_blank\" rel=\"noopener\">Shein<\/a> ne s\u2019est pas rendu devant la commission D\u00e9veloppement durable et Am\u00e9nagement du territoire de l\u2019Assembl\u00e9e nationale. La plateforme controvers\u00e9e d\u2019e-commerce, qui \u00e9tait pourtant attendue de pied ferme par les d\u00e9put\u00e9s ce mardi 2\u00a0d\u00e9cembre, refuse de se rendre \u00e0 son audition tant que la <a href=\"https:\/\/www.huffingtonpost.fr\/france\/article\/shein-suspendu-dans-le-viseur-du-gouvernement-le-site-devant-le-tribunal-ce-26-novembre_257541.html\" target=\"_blank\" rel=\"noopener\">d\u00e9cision de justice sur sa suspension<\/a> n\u2019est pas rendue.<\/p>\n<p class=\"asset asset-text\">Le g\u00e9ant chinois de la fast-fashion va en cons\u00e9quence faire l\u2019objet d\u2019une saisine de la procureure de la R\u00e9publique. La sanction encourue est tr\u00e8s faible\u00a0: une amende de 7\u00a0500\u00a0euros. Mais elle est \u00ab\u00a0symbolique pour montrer qu\u2019on ne peut pas ne pas r\u00e9pondre \u00e0 des parlementaires [\u2026] sous pr\u00e9texte qu\u2019une enqu\u00eate est en cours\u00a0\u00bb, a expliqu\u00e9 face aux journalistes la d\u00e9put\u00e9e Sandrine Le\u00a0Feur.<\/p>\n<p class=\"asset asset-text\"><strong>Comme vous pouvez le voir dans la s\u00e9quence ci-dessous<\/strong>, cette \u00e9lue Renaissance, pr\u00e9sidente de la commission D\u00e9veloppement durable et Am\u00e9nagement du territoire, a fustig\u00e9 l\u2019attitude \u00ab\u00a0irrespectueuse\u00a0\u00bb de Shein. La marque chinoise a d\u00e9j\u00e0 \u00e9cop\u00e9 cette ann\u00e9e en France de trois amendes d\u2019un total de 191\u00a0millions d\u2019euros, notamment pour <a href=\"https:\/\/www.huffingtonpost.fr\/economie\/article\/shein-ecope-d-une-amende-record-en-france-pour-pratiques-commerciales-trompeuses_252185.html\" target=\"_blank\" rel=\"noopener\">fausses promotions<\/a> et informations trompeuses.<\/p>\n<p> La lecture de ce contenu est susceptible d\u2019entra\u00eener un d\u00e9p\u00f4t de cookies de la part de l\u2019op\u00e9rateur tiers qui l\u2019h\u00e9berge. Compte-tenu des choix que vous avez exprim\u00e9s en mati\u00e8re de d\u00e9p\u00f4t de cookies, nous avons bloqu\u00e9 l\u2019affichage de ce contenu. Si vous souhaitez y acc\u00e9der, vous devez accepter la cat\u00e9gorie de cookies \u201cContenus tiers\u201d en cliquant sur le bouton ci-dessous. <\/p>\n<p> Lire la Vid\u00e9o        \u00ab\u00a0L\u2019enqu\u00eate n\u2019est absolument pas une excuse\u00a0\u00bb, juge Sandrine Le\u00a0Feur    <\/p>\n<p class=\"asset asset-text\">Elle avait demand\u00e9 la semaine derni\u00e8re un nouveau report de cette audience, arguant qu\u2019il souhaitait attendre d\u2019abord la d\u00e9cision du tribunal judiciaire de Paris sur sa suspension, r\u00e9clam\u00e9e par l\u2019\u00c9tat en raison des produits interdits qu\u2019elle vendait. Apr\u00e8s la d\u00e9couverte fin octobre de la <a href=\"https:\/\/www.huffingtonpost.fr\/justice\/article\/un-acheteur-de-poupees-shein-mis-en-examen-pour-detention-d-images-pedopornographiques_256950.html\" target=\"_blank\" rel=\"noopener\">vente de poup\u00e9es sexuelles<\/a> d\u2019apparence enfantine et d\u2019armes de cat\u00e9gorie A, Shein avait \u00e9t\u00e9 convoqu\u00e9 une premi\u00e8re fois le 18\u00a0novembre devant la mission d\u2019information sur les contr\u00f4les des produits import\u00e9s en France de l\u2019Assembl\u00e9e.<\/p>\n<p class=\"asset asset-text\">C\u2019est ensuite la commission D\u00e9veloppement durable qui avait pris le relais, en convoquant Shein le 26\u00a0novembre puis le 2\u00a0d\u00e9cembre. \u00c0 chaque fois, Shein a demand\u00e9 un report en raison de la proc\u00e9dure judiciaire d\u00e9clench\u00e9e par le gouvernement. L\u2019argument ne convainc pas du tout Sandrine Le\u00a0Feur, qui a soulign\u00e9 ce mardi que \u00ab\u00a0les d\u00e9put\u00e9s sont respectueux des enqu\u00eates en cours et de la s\u00e9paration des pouvoirs\u00a0\u00bb.<\/p>\n<p class=\"asset asset-text\">\u00ab\u00a0Cette enqu\u00eate n\u2019est absolument pas une excuse\u00a0\u00bb, a-t-elle affirm\u00e9, rappelant que \u00ab\u00a0si parfois des questions pouvaient d\u00e9border, rien n\u2019obligeait Shein [\u2026] \u00e0 y r\u00e9pondre\u00a0\u00bb. \u00ab\u00a0Choqu\u00e9e\u00a0\u00bb par les \u00ab\u00a0trois refus\u00a0\u00bb du g\u00e9ant de la fast fashion, elle explique que la saisine du procureur de la R\u00e9publique est \u00ab\u00a0une premi\u00e8re\u00a0\u00bb pour une commission permanente de l\u2019Assembl\u00e9e. Cette saisine doit \u00eatre faite mardi soir, a pr\u00e9cis\u00e9 le cabinet de Sandrine Le\u00a0Feur \u00e0 l\u2019AFP.<\/p>\n<p class=\"asset asset-text\">Selon la d\u00e9put\u00e9e Renaissance, le comportement de Shein n\u2019est \u00ab\u00a0pas acceptable\u00a0\u00bb. Elle s\u2019indigne notamment de la demande par le groupe asiatique d\u2019un \u00ab\u00a0entretien pr\u00e9alable [\u2026] pour s\u2019assurer de la bonne tenue de l\u2019audition\u00a0\u00bb. \u00ab\u00a0Je veux aller jusqu\u2019au bout, je ne l\u00e2cherai rien, j\u2019ai l\u2019accord et la validation des d\u00e9put\u00e9s de ma commission pour le faire\u00a0\u00bb, a insist\u00e9 l\u2019\u00e9lue finist\u00e9rienne.<\/p>\n<p>                     L\u2019\u00c9tat va demander la suspension du site pendant trois mois    <\/p>\n<p class=\"asset asset-text\">Shein a pris \u00ab\u00a0connaissance\u00a0\u00bb de la saisine, et \u00ab\u00a0r\u00e9affirme sa volont\u00e9 de participer aux travaux\u00a0\u00bb de la commission, r\u00e9agit l\u2019entreprise dans un communiqu\u00e9 transmis \u00e0 l\u2019AFP. \u00ab\u00a0Nous consid\u00e9rons que toute contribution doit intervenir dans le respect des proc\u00e9dures judiciaires en cours et \u00e0 l\u2019issue de la d\u00e9cision attendue du tribunal judiciaire\u00a0\u00bb, r\u00e9p\u00e8te la plateforme d\u2019e-commerce.<\/p>\n<p class=\"asset asset-text\">Une proposition transpartisane de r\u00e9solution europ\u00e9enne sera par ailleurs soumise mercredi en commission europ\u00e9enne de l\u2019Assembl\u00e9e pour alerter Bruxelles et demander la <a href=\"https:\/\/www.huffingtonpost.fr\/france\/article\/l-appel-de-80-deputes-pour-interdire-shein-en-france_257434.html\" target=\"_blank\" rel=\"noopener\">suspension de la plateforme<\/a> \u00e0 l\u2019\u00e9chelle de l\u2019UE. Mercredi 10\u00a0d\u00e9cembre, les d\u00e9rives des plateformes d\u2019e-commerce seront encore \u00e0 l\u2019ordre du jour parlementaire avec la pr\u00e9sentation du rapport de la mission d\u2019information sur les contr\u00f4les des produits import\u00e9s.<\/p>\n<p class=\"asset asset-text\">Avant cela, Shein sera au tribunal vendredi. L\u2019\u00c9tat y demandera une suspension du site pendant trois mois et une r\u00e9ouverture assortie de conditions, sous contr\u00f4le de l\u2019Arcom, r\u00e9gulateur du num\u00e9rique. Le parquet de Paris avait indiqu\u00e9 la semaine derni\u00e8re qu\u2019une demande de blocage de trois mois pourrait \u00eatre consid\u00e9r\u00e9e comme disproportionn\u00e9e au regard de la jurisprudence de la Cour europ\u00e9enne des droits de l\u2019Homme.<\/p>\n<p class=\"asset asset-text\">Face \u00e0 une premi\u00e8re tentative de suspension d\u00e9but novembre, le groupe avait retir\u00e9 les produits incrimin\u00e9s et suspendu toutes les ventes r\u00e9alis\u00e9es sur son site fran\u00e7ais par des vendeurs tiers, sa \u00ab\u00a0marketplace\u00a0\u00bb, ainsi que celles hors habillement.<\/p>\n","protected":false},"excerpt":{"rendered":"Julien Mattia \/ Le Pictorium \/ Le Pictorium via Reuters Connect La d\u00e9put\u00e9e Sandrine Le Feur (Renaissance) monte&hellip;\n","protected":false},"author":2,"featured_media":574731,"comment_status":"","ping_status":"","sticky":false,"template":"","format":"standard","meta":{"footnotes":""},"categories":[4],"tags":[11,416,7027,1011,27,12,316,25,1104,11644],"class_list":{"0":"post-574730","1":"post","2":"type-post","3":"status-publish","4":"format-standard","5":"has-post-thumbnail","7":"category-france","8":"tag-actualites","9":"tag-assemblee-nationale","10":"tag-e-commerce","11":"tag-fr","12":"tag-france","13":"tag-news","14":"tag-politique","15":"tag-republique-francaise","16":"tag-shein","17":"tag-vetements"},"share_on_mastodon":{"url":"https:\/\/pubeurope.com\/@fr\/115654126093836625","error":""},"_links":{"self":[{"href":"https:\/\/www.europesays.com\/fr\/wp-json\/wp\/v2\/posts\/574730","targetHints":{"allow":["GET"]}}],"collection":[{"href":"https:\/\/www.europesays.com\/fr\/wp-json\/wp\/v2\/posts"}],"about":[{"href":"https:\/\/www.europesays.com\/fr\/wp-json\/wp\/v2\/types\/post"}],"author":[{"embeddable":true,"href":"https:\/\/www.europesays.com\/fr\/wp-json\/wp\/v2\/users\/2"}],"replies":[{"embeddable":true,"href":"https:\/\/www.europesays.com\/fr\/wp-json\/wp\/v2\/comments?post=574730"}],"version-history":[{"count":0,"href":"https:\/\/www.europesays.com\/fr\/wp-json\/wp\/v2\/posts\/574730\/revisions"}],"wp:featuredmedia":[{"embeddable":true,"href":"https:\/\/www.europesays.com\/fr\/wp-json\/wp\/v2\/media\/574731"}],"wp:attachment":[{"href":"https:\/\/www.europesays.com\/fr\/wp-json\/wp\/v2\/media?parent=574730"}],"wp:term":[{"taxonomy":"category","embeddable":true,"href":"https:\/\/www.europesays.com\/fr\/wp-json\/wp\/v2\/categories?post=574730"},{"taxonomy":"post_tag","embeddable":true,"href":"https:\/\/www.europesays.com\/fr\/wp-json\/wp\/v2\/tags?post=574730"}],"curies":[{"name":"wp","href":"https:\/\/api.w.org\/{rel}","templated":true}]}}