{"id":574732,"date":"2025-12-03T06:04:23","date_gmt":"2025-12-03T06:04:23","guid":{"rendered":"https:\/\/www.europesays.com\/fr\/574732\/"},"modified":"2025-12-03T06:04:23","modified_gmt":"2025-12-03T06:04:23","slug":"intemperies-au-nord-du-gard-deux-ponts-submersibles-sont-interdits-a-la-circulation-jusqua-ce-mercredi-3-decembre","status":"publish","type":"post","link":"https:\/\/www.europesays.com\/fr\/574732\/","title":{"rendered":"Intemp\u00e9ries\u00a0: au nord du Gard, deux ponts submersibles sont interdits \u00e0 la circulation jusqu\u2019\u00e0 ce mercredi 3\u00a0d\u00e9cembre"},"content":{"rendered":"<p>\n                                                                Le conseil d\u00e9partemental vient de l\u2019annoncer, mais ne pr\u00e9cise pas d\u2019horaire de r\u00e9ouverture \u00e0 la circulation. Des d\u00e9viations sont d\u2019ores et d\u00e9j\u00e0 mises en place.\n                            <\/p>\n<p>Le communiqu\u00e9 de presse du conseil d\u00e9partemental du Gard vient de tomber. En raison des conditions m\u00e9t\u00e9orologiques devenues pluvieuses dans l\u2019apr\u00e8s-midi de ce mardi 2\u00a0d\u00e9cembre. Le D\u00e9partement a d\u00e9cid\u00e9 de fermer \u00e0 la circulation deux ouvrages submersibles situ\u00e9s sur les axes routiers qu\u2019il administre. Cette interdiction court depuis 16\u00a0h\u00a030 et restera en vigueur jusque dans la journ\u00e9e du mercredi 3\u00a0d\u00e9cembre. L\u2019heure de r\u00e9ouverture \u00e0 la circulation n\u2019est pas pr\u00e9cis\u00e9e\u00a0; cela d\u00e9pendra de la suite des \u00e9v\u00e9nements climatiques, voire d\u2019\u00e9ventuels travaux de nettoyage \u00e0 r\u00e9aliser.<\/p>\n<p>Voici les deux ponts concern\u00e9s<\/p>\n<p>Les sites concern\u00e9s sont les suivants\u00a0: le pont submersible sur la C\u00e8ze, situ\u00e9 sur la RD187C, sur le territoire de la commune de Rochegude. Et le pont submersible du Grand Tournant, sur la RD386, \u00e0 Peyremale.<\/p>\n<p>Des d\u00e9viations locales ont d\u2019ores et d\u00e9j\u00e0 \u00e9t\u00e9 mises en place pour les usagers de la route.<\/p>\n<p>Plus d\u2019informations sur le site internet <a href=\"https:\/\/www.inforoute30.fr\/\" target=\"_self\" rel=\"noopener\">www.inforoute.gard.fr<\/a>.<\/p>\n","protected":false},"excerpt":{"rendered":"Le conseil d\u00e9partemental vient de l\u2019annoncer, mais ne pr\u00e9cise pas d\u2019horaire de r\u00e9ouverture \u00e0 la circulation. Des d\u00e9viations&hellip;\n","protected":false},"author":2,"featured_media":574733,"comment_status":"","ping_status":"","sticky":false,"template":"","format":"standard","meta":{"footnotes":""},"categories":[2],"tags":[1111,11,2678,68902,1011,27,2679,12],"class_list":{"0":"post-574732","1":"post","2":"type-post","3":"status-publish","4":"format-standard","5":"has-post-thumbnail","7":"category-actualites","8":"tag-actu","9":"tag-actualites","10":"tag-ales","11":"tag-circulation-du00e9placements","12":"tag-fr","13":"tag-france","14":"tag-gard","15":"tag-news"},"share_on_mastodon":{"url":"https:\/\/pubeurope.com\/@fr\/115654129389786043","error":""},"_links":{"self":[{"href":"https:\/\/www.europesays.com\/fr\/wp-json\/wp\/v2\/posts\/574732","targetHints":{"allow":["GET"]}}],"collection":[{"href":"https:\/\/www.europesays.com\/fr\/wp-json\/wp\/v2\/posts"}],"about":[{"href":"https:\/\/www.europesays.com\/fr\/wp-json\/wp\/v2\/types\/post"}],"author":[{"embeddable":true,"href":"https:\/\/www.europesays.com\/fr\/wp-json\/wp\/v2\/users\/2"}],"replies":[{"embeddable":true,"href":"https:\/\/www.europesays.com\/fr\/wp-json\/wp\/v2\/comments?post=574732"}],"version-history":[{"count":0,"href":"https:\/\/www.europesays.com\/fr\/wp-json\/wp\/v2\/posts\/574732\/revisions"}],"wp:featuredmedia":[{"embeddable":true,"href":"https:\/\/www.europesays.com\/fr\/wp-json\/wp\/v2\/media\/574733"}],"wp:attachment":[{"href":"https:\/\/www.europesays.com\/fr\/wp-json\/wp\/v2\/media?parent=574732"}],"wp:term":[{"taxonomy":"category","embeddable":true,"href":"https:\/\/www.europesays.com\/fr\/wp-json\/wp\/v2\/categories?post=574732"},{"taxonomy":"post_tag","embeddable":true,"href":"https:\/\/www.europesays.com\/fr\/wp-json\/wp\/v2\/tags?post=574732"}],"curies":[{"name":"wp","href":"https:\/\/api.w.org\/{rel}","templated":true}]}}