{"id":574734,"date":"2025-12-03T06:05:22","date_gmt":"2025-12-03T06:05:22","guid":{"rendered":"https:\/\/www.europesays.com\/fr\/574734\/"},"modified":"2025-12-03T06:05:22","modified_gmt":"2025-12-03T06:05:22","slug":"un-trentenaire-dans-un-etat-grave-apres-un-accident-de-la-route","status":"publish","type":"post","link":"https:\/\/www.europesays.com\/fr\/574734\/","title":{"rendered":"Un trentenaire dans un \u00e9tat grave apr\u00e8s un accident de la route"},"content":{"rendered":"\n<p>Ce mardi 2 d\u00e9cembre, aux alentours d&rsquo;1h30 du matin, un grave accident de la route a eu lieu \u00e0 Saint-Chamond. Sur la route de la Varizelle M32, une voiture a percut\u00e9 violemment \u00e0 haute vitesse un poteau en b\u00e9ton avant de terminer sa course dans un mur de cl\u00f4ture. Le conducteur, un homme de 34 ans, a \u00e9t\u00e9 pris en charge par le SAMU de Saint-Etienne avant d&rsquo;\u00eatre transport\u00e9 vers le CHU en urgence asbolue.<\/p>\n<p>12 pompiers ont \u00e9t\u00e9 mobilis\u00e9s pour intervenir sur cet accident.\u00a0<\/p>\n","protected":false},"excerpt":{"rendered":"Ce mardi 2 d\u00e9cembre, aux alentours d&rsquo;1h30 du matin, un grave accident de la route a eu lieu&hellip;\n","protected":false},"author":2,"featured_media":524570,"comment_status":"","ping_status":"","sticky":false,"template":"","format":"standard","meta":{"footnotes":""},"categories":[9653],"tags":[119,1111,11,2430,3916,68903,1777,674,1011,27,3367,12,1311,25,9669,4001],"class_list":{"0":"post-574734","1":"post","2":"type-post","3":"status-publish","4":"format-standard","5":"has-post-thumbnail","7":"category-saint-etienne","8":"tag-accident","9":"tag-actu","10":"tag-actualites","11":"tag-auvergne-rhone-alpes","12":"tag-blesse","13":"tag-blesse_grave","14":"tag-eu","15":"tag-europe","16":"tag-fr","17":"tag-france","18":"tag-loire","19":"tag-news","20":"tag-pompiers","21":"tag-republique-francaise","22":"tag-saint-chamond","23":"tag-saint-etienne"},"share_on_mastodon":{"url":"https:\/\/pubeurope.com\/@fr\/115654133568311697","error":""},"_links":{"self":[{"href":"https:\/\/www.europesays.com\/fr\/wp-json\/wp\/v2\/posts\/574734","targetHints":{"allow":["GET"]}}],"collection":[{"href":"https:\/\/www.europesays.com\/fr\/wp-json\/wp\/v2\/posts"}],"about":[{"href":"https:\/\/www.europesays.com\/fr\/wp-json\/wp\/v2\/types\/post"}],"author":[{"embeddable":true,"href":"https:\/\/www.europesays.com\/fr\/wp-json\/wp\/v2\/users\/2"}],"replies":[{"embeddable":true,"href":"https:\/\/www.europesays.com\/fr\/wp-json\/wp\/v2\/comments?post=574734"}],"version-history":[{"count":0,"href":"https:\/\/www.europesays.com\/fr\/wp-json\/wp\/v2\/posts\/574734\/revisions"}],"wp:featuredmedia":[{"embeddable":true,"href":"https:\/\/www.europesays.com\/fr\/wp-json\/wp\/v2\/media\/524570"}],"wp:attachment":[{"href":"https:\/\/www.europesays.com\/fr\/wp-json\/wp\/v2\/media?parent=574734"}],"wp:term":[{"taxonomy":"category","embeddable":true,"href":"https:\/\/www.europesays.com\/fr\/wp-json\/wp\/v2\/categories?post=574734"},{"taxonomy":"post_tag","embeddable":true,"href":"https:\/\/www.europesays.com\/fr\/wp-json\/wp\/v2\/tags?post=574734"}],"curies":[{"name":"wp","href":"https:\/\/api.w.org\/{rel}","templated":true}]}}