{"id":574737,"date":"2025-12-03T06:07:13","date_gmt":"2025-12-03T06:07:13","guid":{"rendered":"https:\/\/www.europesays.com\/fr\/574737\/"},"modified":"2025-12-03T06:07:13","modified_gmt":"2025-12-03T06:07:13","slug":"gims-double-la-mise-et-ajoute-une-nouvelle-date","status":"publish","type":"post","link":"https:\/\/www.europesays.com\/fr\/574737\/","title":{"rendered":"Gims double la mise et ajoute une nouvelle date !"},"content":{"rendered":"<p>Avant lui, <a href=\"https:\/\/www.estrepublicain.fr\/p\/soprano\" target=\"_blank\" rel=\"noopener\">Soprano<\/a> l\u2019avait fait. Mais pas dans les m\u00eames conditions. En juillet\u00a02021 il a align\u00e9 deux concerts, deux soirs de suite, dans l\u2019amphith\u00e9\u00e2tre plein air du <a href=\"https:\/\/www.estrepublicain.fr\/p\/zenith-du-grand-nancy\" target=\"_blank\" rel=\"noopener\">Z\u00e9nith du Grand Nancy<\/a>. Mais la raison n\u2019\u00e9tait pas une demande forte sur la billetterie, m\u00eame si les jauges ont \u00e9t\u00e9 belles.<\/p>\n<p>Alors que la fin fragile de la crise sanitaire semblait se confirmer, et qu\u2019aucun concert ne s\u2019\u00e9tait tenu depuis plus d\u2019un an, le Marseillais remettait la machine \u00e0 r\u00eaves en ordre de marche devant toute la profession, esp\u00e9rant une reprise durable, venue pour l\u2019occasion. Avec, cependant, une contrainte : <a href=\"https:\/\/www.estrepublicain.fr\/culture-loisirs\/2021\/07\/09\/soprano-emmene-le-zenith-dans-les-etoiles\" target=\"_blank\" rel=\"noopener\">l\u2019obligation de ne pas d\u00e9passer le seuil de 10\u00a0000 personnes,<\/a> d\u2019o\u00f9 la n\u00e9cessit\u00e9 de <a href=\"https:\/\/www.estrepublicain.fr\/culture-loisirs\/2021\/07\/08\/le-concert-de-soprano-au-zenith-de-nancy\" target=\"_blank\" rel=\"noopener\">scinder en deux<\/a> son concert pr\u00e9vu, initialement, sur un soir.<\/p>\n<p>  Neuf soir\u00e9es folles<\/p>\n<p>Ce qui se trame pour <a href=\"https:\/\/www.estrepublicain.fr\/culture-loisirs\/2025\/05\/28\/nancy-open-air-2025-tout-ce-qu-il-faut-savoir-sur-les-concerts-les-horaires-les-parkings-la-restauration?utm_source=print&amp;utm_medium=qrcode&amp;utm_campaign=nancy-open-air-2025-tout-ce-qu-il-faut-savoir-sur-les-concerts-les-horaires-les-parkings-la-restauration\" target=\"_blank\" rel=\"noopener\">le Nancy Open Air 2026<\/a> sera donc une premi\u00e8re, avec l\u2019ajout d\u2019une date pour un m\u00eame artiste. Celui qui r\u00e9alise ce tour de force n\u2019est autre que <a href=\"https:\/\/www.estrepublicain.fr\/culture-loisirs\/2025\/10\/24\/nancy-open-air-gims-rejoint-la-programmation-de-l-edition-2026\" target=\"_blank\" rel=\"noopener\">Gims,<\/a> qui reprendra son l\u00e9gendaire Bella , non seulement le samedi 20\u00a0juin mais \u00e9galement la veille, le vendredi\u00a019\u00a0! Cadence soutenue et projections assez hallucinantes ont convaincu Les Productions Label LN de doubler la mise<\/p>\n<p>\u00c0 y regarder de plus pr\u00e8s, cet ajout n\u2019a rien de surprenant. Gims est l\u2019un des artistes les plus \u00e9cout\u00e9s en 2025 (selon le classement <a href=\"https:\/\/www.dna.fr\/culture-loisirs\/2025\/12\/01\/beaucoup-de-rap-peu-de-femmes-les-artistes-qui-ont-eu-le-plus-de-succes-en-2025-selon-deezer\" target=\"_blank\" rel=\"noopener\">Deezer)<\/a> mais aussi le plus gros vendeur de billets. Pour sa venue \u00e0 Strasbourg, et son Z\u00e9nith de 12\u00a0000 places, il a doubl\u00e9 la mise. Idem \u00e0 Lille. Bruxelles\u00a0? Il l\u2019a tripl\u00e9e, comme \u00e0 Nantes. Bordeaux et Lyon\u00a0? Ce sera quatre soir\u00e9es\u2026 Quand Paris La D\u00e9fense Arena parisienne en affichera cinq en d\u00e9cembre.<\/p>\n<p>Avec les trois soir\u00e9es du <a href=\"https:\/\/www.estrepublicain.fr\/culture-loisirs\/2025\/11\/27\/nancy-open-air-2026-le-heavy-week-end-est-au-complet\" target=\"_blank\" rel=\"noopener\">Heavy Week-End,<\/a> \u00a0 <a href=\"https:\/\/www.estrepublicain.fr\/culture-loisirs\/2025\/11\/14\/orelsan-ajoute-une-date-exceptionnelle-au-zenith-de-nancy-dans-sa-tournee-2026\" target=\"_blank\" rel=\"noopener\">Orelsan,<\/a> \u00a0 <a href=\"https:\/\/www.estrepublicain.fr\/culture-loisirs\/2025\/11\/03\/nancy-open-air-2026-la-comedie-musicale-i-le-roi-soleil-i-regnera-au-zenith-du-grand-nancy-le-4-juillet-2026\" target=\"_blank\" rel=\"noopener\">Le Roi Soleil,<\/a> \u00a0 <a href=\"https:\/\/www.estrepublicain.fr\/culture-loisirs\/2025\/11\/21\/nancy-open-air-neil-young-et-elvis-costello-seront-sur-la-scene-du-zenith-de-nancy-en-2026\" target=\"_blank\" rel=\"noopener\">Neil Young et Elvis Costello,<\/a> \u00a0 <a href=\"https:\/\/www.estrepublicain.fr\/culture-loisirs\/2025\/10\/27\/nancy-open-air-katy-perry-pour-un-concert-hors-norme\" target=\"_blank\" rel=\"noopener\">Katy Perry<\/a> et donc les deux de Gims, le Nancy Open Air 2026 battra un record lors de sa prochaine \u00e9dition avec neuf dates folles au programme, faisant de l\u2019amphith\u00e9\u00e2tre plein air du Z\u00e9nith du Grand Nancy l\u2019un des phares hexagonaux du spectacle.<\/p>\n<p>Et il n\u2019est pas du tout certain que cela s\u2019arr\u00eate l\u00e0. Qui sait\u00a0?<\/p>\n<p class=\"note\">Pr\u00e9vente exclusivement sur site internet <a href=\"https:\/\/www.label-ln.fr\/\" target=\"_blank\" rel=\"noopener\">www.label-ln.fr<\/a> le jeudi\u00a04 d\u00e9cembre \u00e0 partir de 10\u00a0h. Ouverture g\u00e9n\u00e9rale le 5\u00a0d\u00e9cembre \u00e0 10\u00a0h.<\/p>\n","protected":false},"excerpt":{"rendered":"Avant lui, Soprano l\u2019avait fait. Mais pas dans les m\u00eames conditions. En juillet\u00a02021 il a align\u00e9 deux concerts,&hellip;\n","protected":false},"author":2,"featured_media":574738,"comment_status":"","ping_status":"","sticky":false,"template":"","format":"standard","meta":{"footnotes":""},"categories":[9635],"tags":[1111,11,1687,3602,1707,1704,1706,1705,10174,1777,674,1011,27,775,873,1702,1703,12,25],"class_list":{"0":"post-574737","1":"post","2":"type-post","3":"status-publish","4":"format-standard","5":"has-post-thumbnail","7":"category-nancy","8":"tag-actu","9":"tag-actualites","10":"tag-culture-loisirs","11":"tag-edition-bar-le-duc","12":"tag-edition-luneville","13":"tag-edition-nancy-et-agglomeration","14":"tag-edition-pont-a-mousson","15":"tag-edition-toul","16":"tag-edition-verdun","17":"tag-eu","18":"tag-europe","19":"tag-fr","20":"tag-france","21":"tag-grand-est","22":"tag-musique","23":"tag-nancy","24":"tag-nancy-ville-54b","25":"tag-news","26":"tag-republique-francaise"},"share_on_mastodon":{"url":"https:\/\/pubeurope.com\/@fr\/115654141101464652","error":""},"_links":{"self":[{"href":"https:\/\/www.europesays.com\/fr\/wp-json\/wp\/v2\/posts\/574737","targetHints":{"allow":["GET"]}}],"collection":[{"href":"https:\/\/www.europesays.com\/fr\/wp-json\/wp\/v2\/posts"}],"about":[{"href":"https:\/\/www.europesays.com\/fr\/wp-json\/wp\/v2\/types\/post"}],"author":[{"embeddable":true,"href":"https:\/\/www.europesays.com\/fr\/wp-json\/wp\/v2\/users\/2"}],"replies":[{"embeddable":true,"href":"https:\/\/www.europesays.com\/fr\/wp-json\/wp\/v2\/comments?post=574737"}],"version-history":[{"count":0,"href":"https:\/\/www.europesays.com\/fr\/wp-json\/wp\/v2\/posts\/574737\/revisions"}],"wp:featuredmedia":[{"embeddable":true,"href":"https:\/\/www.europesays.com\/fr\/wp-json\/wp\/v2\/media\/574738"}],"wp:attachment":[{"href":"https:\/\/www.europesays.com\/fr\/wp-json\/wp\/v2\/media?parent=574737"}],"wp:term":[{"taxonomy":"category","embeddable":true,"href":"https:\/\/www.europesays.com\/fr\/wp-json\/wp\/v2\/categories?post=574737"},{"taxonomy":"post_tag","embeddable":true,"href":"https:\/\/www.europesays.com\/fr\/wp-json\/wp\/v2\/tags?post=574737"}],"curies":[{"name":"wp","href":"https:\/\/api.w.org\/{rel}","templated":true}]}}