{"id":574739,"date":"2025-12-03T06:09:47","date_gmt":"2025-12-03T06:09:47","guid":{"rendered":"https:\/\/www.europesays.com\/fr\/574739\/"},"modified":"2025-12-03T06:09:47","modified_gmt":"2025-12-03T06:09:47","slug":"entre-nancy-et-metz-quel-marche-de-noel-est-le-moins-cher-pour-se-restaurer-voici-notre-bilan","status":"publish","type":"post","link":"https:\/\/www.europesays.com\/fr\/574739\/","title":{"rendered":"Entre Nancy et Metz, quel march\u00e9 de No\u00ebl est le moins cher pour se restaurer ? Voici notre bilan"},"content":{"rendered":"<p>                    Par<br \/>\n        <strong><br \/>\n            <a href=\"https:\/\/actu.fr\/auteur\/redaction-lorraine\" title=\"Consulter tous les articles de R\u00e9daction Lorraine\" target=\"_blank\" rel=\"noopener\">R\u00e9daction Lorraine<\/a><br \/>\n                    <\/strong><\/p>\n<p>        Publi\u00e9 le<\/p>\n<p>            3 d\u00e9c. 2025 \u00e0 7h02        <\/p>\n<p>Les festivit\u00e9s de fin d\u2019ann\u00e9e sont bel et bien lanc\u00e9es en Lorraine avec <a href=\"https:\/\/actu.fr\/grand-est\/nancy_54395\/video-revivez-le-lancement-des-fetes-de-saint-nicolas-2025-a-nancy_63473735.html\" target=\"_blank\" rel=\"noopener\">le lancement des F\u00eates de Saint-Nicolas \u00e0 Nancy<\/a> (Meurthe-et-Moselle) et <a href=\"https:\/\/actu.fr\/grand-est\/metz_57463\/le-marche-de-noel-de-metz-est-ouvert-revivez-en-images-cette-premiere-journee-de-festivites_63468742.html\" target=\"_blank\" rel=\"noopener\">l\u2019ouverture du march\u00e9 de No\u00ebl de Metz<\/a> (Moselle)<\/p>\n<p class=\" wall-content\">Outre l\u2019occasion de se balader et faire des cadeaux pour No\u00ebl, ces \u00e9v\u00e8nements proposent <strong>un large choix de restauration<\/strong>\u2009: vin chaud, churros, tartiflette, bretzel\u2026 <strong>Mais dans quelle ville manger co\u00fbte-t-il le moins cher\u2009?<\/strong> On a fait la comparaison.<\/p>\n<p>\u00c0 Nancy, cinq euros pour boire un vin chaud<\/p>\n<p class=\" wall-content\">Pour Nancy, nous nous sommes concentr\u00e9s sur le <a href=\"https:\/\/actu.fr\/grand-est\/nancy_54395\/grand-village-de-saint-nicolas-a-nancy-voici-les-nouveautes-de-l-edition-2025_63423731.html\" target=\"_blank\" rel=\"noopener\">Grand village de Saint-Nicolas<\/a>, install\u00e9 jusqu\u2019au dimanche 4\u00a0janvier 2026 sur la place Charles III, o\u00f9 on trouve le plus de chalets. Il est possible de trouver des tarifs l\u00e9g\u00e8rement diff\u00e9rents sur d\u2019autres villages de Saint-Nicolas.<\/p>\n<p class=\" wall-content\">En faisant le tour des stands, voici <strong>une liste des prix pratiqu\u00e9s<\/strong> pour les sp\u00e9cialit\u00e9s suivantes\u2009:<\/p>\n<ul class=\" wall-content\">\n<li><strong>Vin chaud<\/strong>\u2009: 5\u00a0euros pour 25\u00a0cl (pas de consigne pour le gobelet)<\/li>\n<li><strong>Escargots<\/strong>\u2009: 10\u00a0euros les 6<\/li>\n<li><strong>Bretzel gratin\u00e9<\/strong>\u2009: 5\u00a0euros (8,50\u00a0euros pour la version g\u00e9ante)<\/li>\n<li><strong>Tartiflette<\/strong>\u2009: 10\u00a0euros la portion<\/li>\n<li><strong>Cr\u00eape et gaufre au sucre<\/strong>\u2009: 3\u00a0euros<\/li>\n<li><strong>Cr\u00eape au Nutella<\/strong>\u2009: 5\u00a0euros<\/li>\n<li><strong>Churros<\/strong>\u2009: 7\u00a0euros les 8, 10\u00a0euros les 12<\/li>\n<\/ul>\n<p>Les escargots quasiment moiti\u00e9 prix \u00e0 Metz<\/p>\n<p class=\" wall-content\">\u00c0 Metz, le <a href=\"https:\/\/actu.fr\/grand-est\/metz_57463\/le-marche-de-noel-de-metz-est-ouvert-revivez-en-images-cette-premiere-journee-de-festivites_63468742.html\" target=\"_blank\" rel=\"noopener\">march\u00e9 de No\u00ebl<\/a> s\u2019\u00e9tale sur cinq endroits embl\u00e9matiques. Nous nous sommes concentr\u00e9s sur deux lieux\u2009: la <strong>place de la R\u00e9publique<\/strong> et la <strong>place Saint-Louis<\/strong>. Comme pour Nancy, les prix peuvent varier selon les stands. Mais voici notre bilan\u2009:<\/p>\n<p>Votre r\u00e9gion, votre actu !<\/p>\n<p>Recevez chaque jour les infos qui comptent pour vous.<\/p>\n<p>\t<a href=\"https:\/\/actu.fr\/newsletter\" class=\"ac-btn ac-btn--corner ac-btn--medium ac-btn--blue800\" target=\"_blank\" rel=\"noopener\">S&rsquo;incrire<\/a><\/p>\n<ul class=\" wall-content\">\n<li><strong>Vin chaud<\/strong>\u2009: 3,50\u00a0euros (Il faut ajouter un euro pour la consigne, qui vous sera rendu)<\/li>\n<li><strong>Escargots<\/strong>\u2009: 12\u00a0euros les 12<\/li>\n<li><strong>Bretzel gratin\u00e9<\/strong>\u2009: 3\u00a0euros<\/li>\n<li><strong>Tartiflette<\/strong>\u2009: 12\u00a0euros la portion (attention, elle est g\u00e9n\u00e9reuse\u2009!)<\/li>\n<li><strong>Cr\u00eape et gaufre au sucre<\/strong>\u2009: 4\u00a0euros<\/li>\n<li><strong>Cr\u00eape au Nutella<\/strong>\u2009: 5\u00a0euros<\/li>\n<li><strong>Churros<\/strong>\u2009: 5\u00a0euros les 6, 9\u00a0euros les 12 et 12\u00a0euros les 18<\/li>\n<\/ul>\n<p class=\" wall-content\">En conclusion, Metz appara\u00eet globalement <strong>un peu plus abordable pour grignoter rapidement<\/strong> (bretzel, vin chaud, churros), tandis que <strong>Nancy propose des prix plus doux sur certains plats chauds et classiques incontournables<\/strong> (tartiflette,\u00a0cr\u00eapes).<\/p>\n<p class=\" wall-content\">Par M\u00e9lissa Keller et Paul-Emile Bouchy.<\/p>\n<p class=\" wall-content\">Personnalisez votre actualit\u00e9 en ajoutant vos villes et m\u00e9dias en favori avec <a href=\"https:\/\/moncompte.actu.fr\" title=\"D\u00e9couvez Mon Actu\" rel=\"nofollow noopener\" data-trk=\"{&quot;cta&quot;:{&quot;action&quot;:&quot;https:\\\/\\\/moncompte.actu.fr&quot;,&quot;category&quot;:&quot;mon compte&quot;,&quot;from&quot;:&quot;article footer&quot;,&quot;name&quot;:&quot;Mon actu&quot;,&quot;type&quot;:&quot;cta&quot;}}\" target=\"_blank\">Mon Actu<\/a>.<\/p>\n","protected":false},"excerpt":{"rendered":"Par R\u00e9daction Lorraine Publi\u00e9 le 3 d\u00e9c. 2025 \u00e0 7h02 Les festivit\u00e9s de fin d\u2019ann\u00e9e sont bel et&hellip;\n","protected":false},"author":2,"featured_media":574740,"comment_status":"","ping_status":"","sticky":false,"template":"","format":"standard","meta":{"footnotes":""},"categories":[9635],"tags":[1111,11,1777,674,1011,27,775,1702,12,15830,25,14334,104],"class_list":{"0":"post-574739","1":"post","2":"type-post","3":"status-publish","4":"format-standard","5":"has-post-thumbnail","7":"category-nancy","8":"tag-actu","9":"tag-actualites","10":"tag-eu","11":"tag-europe","12":"tag-fr","13":"tag-france","14":"tag-grand-est","15":"tag-nancy","16":"tag-news","17":"tag-noel","18":"tag-republique-francaise","19":"tag-saint-nicolas","20":"tag-societe"},"share_on_mastodon":{"url":"https:\/\/pubeurope.com\/@fr\/115654152906390472","error":""},"_links":{"self":[{"href":"https:\/\/www.europesays.com\/fr\/wp-json\/wp\/v2\/posts\/574739","targetHints":{"allow":["GET"]}}],"collection":[{"href":"https:\/\/www.europesays.com\/fr\/wp-json\/wp\/v2\/posts"}],"about":[{"href":"https:\/\/www.europesays.com\/fr\/wp-json\/wp\/v2\/types\/post"}],"author":[{"embeddable":true,"href":"https:\/\/www.europesays.com\/fr\/wp-json\/wp\/v2\/users\/2"}],"replies":[{"embeddable":true,"href":"https:\/\/www.europesays.com\/fr\/wp-json\/wp\/v2\/comments?post=574739"}],"version-history":[{"count":0,"href":"https:\/\/www.europesays.com\/fr\/wp-json\/wp\/v2\/posts\/574739\/revisions"}],"wp:featuredmedia":[{"embeddable":true,"href":"https:\/\/www.europesays.com\/fr\/wp-json\/wp\/v2\/media\/574740"}],"wp:attachment":[{"href":"https:\/\/www.europesays.com\/fr\/wp-json\/wp\/v2\/media?parent=574739"}],"wp:term":[{"taxonomy":"category","embeddable":true,"href":"https:\/\/www.europesays.com\/fr\/wp-json\/wp\/v2\/categories?post=574739"},{"taxonomy":"post_tag","embeddable":true,"href":"https:\/\/www.europesays.com\/fr\/wp-json\/wp\/v2\/tags?post=574739"}],"curies":[{"name":"wp","href":"https:\/\/api.w.org\/{rel}","templated":true}]}}