{"id":574741,"date":"2025-12-03T06:11:14","date_gmt":"2025-12-03T06:11:14","guid":{"rendered":"https:\/\/www.europesays.com\/fr\/574741\/"},"modified":"2025-12-03T06:11:14","modified_gmt":"2025-12-03T06:11:14","slug":"a-sanary-300-euros-de-bourse-au-permis-en-echange-dun-comportement-exemplaire-de-ces-jeunes","status":"publish","type":"post","link":"https:\/\/www.europesays.com\/fr\/574741\/","title":{"rendered":"A Sanary, 300 euros de bourse au permis en \u00e9change d\u2019un comportement exemplaire de ces jeunes"},"content":{"rendered":"<p class=\"fs-5 \">\u00ab C\u2019est cool de conduire ! \u00bb C\u2019est par ces mots que Julien, 15 ans, a exprim\u00e9 son enthousiasme jeudi lors de la signature de sa \u00ab charte de bonne conduite \u00bb, condition sine qua non pour que ses parents puissent percevoir la prime \u00e0 la conduite accompagn\u00e9e, d\u2019un montant de 300 euros, offerte par la ville de Sanary pour l\u2019aider dans sa premi\u00e8re approche du volant.<\/p>\n<p class=\"fs-5 \">Ce lyc\u00e9en \u00e0 Toulon (mais r\u00e9sidant obligatoirement \u00e0 Sanary) \u00e9tait accompagn\u00e9 d\u2019une quarantaine de camarades du m\u00eame \u00e2ge, eux aussi b\u00e9n\u00e9ficiaires de ce dispositif qui a fait pr\u00e8s de 1 500 heureux depuis sa cr\u00e9ation il y a 23 ans, pour un montant total cumul\u00e9 de 200 000 euros.<\/p>\n<p>                                                                                Ne pas franchir la ligne jaune\u2026<\/p>\n<p class=\"fs-5 \">En signant cette charte, ces jeunes Sanaryens se sont engag\u00e9s \u00e0 avoir une conduite exemplaire et \u00e0 ne pas perdre de points durant les trois ans qui suivront l\u2019obtention de leur permis. Alors que certains d\u00e9couvrent \u00e0 peine le Code de la route, d\u2019autres comme Milo conduisent d\u00e9j\u00e0 du haut de ses 15 ans ! Toujours accompagn\u00e9 d\u2019un adulte, bien s\u00fbr.<\/p>\n<p class=\"fs-5 \">Pour que leurs parents b\u00e9n\u00e9ficient de ce soutien financier non n\u00e9gligeable au vu du co\u00fbt du permis de conduire, ces jeunes doivent d\u2019abord s\u2019\u00eatre inscrits dans une auto-\u00e9cole sous contrat AAC (Apprentissage anticip\u00e9 de la conduite). Julien, lorsqu\u2019il obtiendra le pr\u00e9cieux s\u00e9same, ne cumulera plus trains, bateaux et de trop rares autobus pour se rendre au lyc\u00e9e\u2026 Son camarade Pierre, qui a attaqu\u00e9 le code r\u00e9cemment, est press\u00e9 \u00ab de pouvoir aller partout et d\u2019\u00eatre plus libre de mes mouvements ! \u00bb. Quant \u00e0 Eva et Milo, ils ne d\u00e9pendront plus de leurs parents pour les conduire au lyc\u00e9e, qui appr\u00e9cieront sans nul doute d\u2019\u00eatre soulag\u00e9s de cette contrainte !<\/p>\n<p>                                                                                25 % d\u2019accidents en moins<\/p>\n<p class=\"fs-5 \">L\u2019\u00e9lue \u00e0 la jeunesse C\u00e9line Bottasso rappelle que \u00ab cette formation anticip\u00e9e et accompagn\u00e9e assure une meilleure r\u00e9ussite au permis de conduire, que 75 % obtiennent du premier coup, mais surtout les jeunes qui en b\u00e9n\u00e9ficient ont 25 % d\u2019accidents de moins par rapport \u00e0 la moyenne des jeunes de 18 \u00e0 19 ans \u00bb. Elle a conclu en esp\u00e9rant que \u00ab notre jeunesse mesure sa chance ! \u00bb. Et, bonne nouvelle, il est encore possible de b\u00e9n\u00e9ficier du dispositif\u2026 il suffit d\u2019envoyer un mail ou de se pr\u00e9senter \u00e0 la mairie annexe avant la fin de l\u2019ann\u00e9e avec un dossier complet (1). Alors, encore un peu de patience et\u2026 en route pour l\u2019autonomie !<\/p>\n<p class=\"fs-5 \">1. Justificatif de domicile, RIB, pi\u00e8ce d\u2019identit\u00e9, livret de famille et copie du contrat AAC. Mairie annexe, 3e \u00e9tage de l\u2019Espace Saint-Nazaire, 8 rue Joseph-Courrau \u00e0 Sanary, prime.jeunesse@sanarysurmer.com<\/p>\n","protected":false},"excerpt":{"rendered":"\u00ab C\u2019est cool de conduire ! \u00bb C\u2019est par ces mots que Julien, 15 ans, a exprim\u00e9 son&hellip;\n","protected":false},"author":2,"featured_media":574742,"comment_status":"","ping_status":"","sticky":false,"template":"","format":"standard","meta":{"footnotes":""},"categories":[9619],"tags":[1111,11,1777,674,1011,27,12,882,25,2310],"class_list":{"0":"post-574741","1":"post","2":"type-post","3":"status-publish","4":"format-standard","5":"has-post-thumbnail","7":"category-toulon","8":"tag-actu","9":"tag-actualites","10":"tag-eu","11":"tag-europe","12":"tag-fr","13":"tag-france","14":"tag-news","15":"tag-provence-alpes-cote-dazur","16":"tag-republique-francaise","17":"tag-toulon"},"share_on_mastodon":{"url":"https:\/\/pubeurope.com\/@fr\/115654156881396903","error":""},"_links":{"self":[{"href":"https:\/\/www.europesays.com\/fr\/wp-json\/wp\/v2\/posts\/574741","targetHints":{"allow":["GET"]}}],"collection":[{"href":"https:\/\/www.europesays.com\/fr\/wp-json\/wp\/v2\/posts"}],"about":[{"href":"https:\/\/www.europesays.com\/fr\/wp-json\/wp\/v2\/types\/post"}],"author":[{"embeddable":true,"href":"https:\/\/www.europesays.com\/fr\/wp-json\/wp\/v2\/users\/2"}],"replies":[{"embeddable":true,"href":"https:\/\/www.europesays.com\/fr\/wp-json\/wp\/v2\/comments?post=574741"}],"version-history":[{"count":0,"href":"https:\/\/www.europesays.com\/fr\/wp-json\/wp\/v2\/posts\/574741\/revisions"}],"wp:featuredmedia":[{"embeddable":true,"href":"https:\/\/www.europesays.com\/fr\/wp-json\/wp\/v2\/media\/574742"}],"wp:attachment":[{"href":"https:\/\/www.europesays.com\/fr\/wp-json\/wp\/v2\/media?parent=574741"}],"wp:term":[{"taxonomy":"category","embeddable":true,"href":"https:\/\/www.europesays.com\/fr\/wp-json\/wp\/v2\/categories?post=574741"},{"taxonomy":"post_tag","embeddable":true,"href":"https:\/\/www.europesays.com\/fr\/wp-json\/wp\/v2\/tags?post=574741"}],"curies":[{"name":"wp","href":"https:\/\/api.w.org\/{rel}","templated":true}]}}