{"id":574745,"date":"2025-12-03T06:13:31","date_gmt":"2025-12-03T06:13:31","guid":{"rendered":"https:\/\/www.europesays.com\/fr\/574745\/"},"modified":"2025-12-03T06:13:31","modified_gmt":"2025-12-03T06:13:31","slug":"les-commercants-du-centre-ville-surestiment-lusage-de-la-voiture-par-leurs-clients-les-mobilites-en-debat-ce-mercredi-a-montpellier","status":"publish","type":"post","link":"https:\/\/www.europesays.com\/fr\/574745\/","title":{"rendered":"\u00ab\u00a0Les commer\u00e7ants du centre-ville surestiment l\u2019usage de la voiture par leurs clients\u00a0\u00bb\u00a0: les mobilit\u00e9s en d\u00e9bat, ce mercredi, \u00e0 Montpellier"},"content":{"rendered":"<p>\n                                                                \u00ab\u00a0No parking no business en ville\u00a0: une id\u00e9e \u00e0 d\u00e9construire\u00a0\u00bb. C\u2019est le th\u00e8me d\u2019une conf\u00e9rence-d\u00e9bat avec l\u2019expert mobilit\u00e9s durables Mathieu Chassignet, organis\u00e9e par V\u00e9locit\u00e9, ce mercredi 3\u00a0d\u00e9cembre, \u00e0 Montpellier.\n                            <\/p>\n<p>Dans la dynamique de la campagne des Municipales 2026, V\u00e9locit\u00e9 accueille Mathieu Chassignet, expert mobilit\u00e9s durables, ce mercredi 3\u00a0d\u00e9cembre, \u00e0 Montpellier. Cette conf\u00e9rence-d\u00e9bat aura pour th\u00e8me la transformation des espaces publics en faveur de la marche et du v\u00e9lo pour l\u2019attractivit\u00e9 des centres-villes.<\/p>\n<p>\u00ab\u00a0Plusieurs \u00e9tudes mettent en \u00e9vidence les m\u00eames constats\u00a0: la plupart des clients (du centre-ville) vivent \u00e0 proximit\u00e9 des commerces, viennent majoritairement \u00e0 pied et en transport collectif et appellent de leurs v\u0153ux des espaces apais\u00e9s et une place restreinte de la voiture, souligne Mathieu Chassignet. De leur c\u00f4t\u00e9, les commer\u00e7ants surestiment syst\u00e9matiquement l\u2019usage de l\u2019automobile par leurs clients\u00a0\u00bb.<\/p>\n<p>\u00ab\u00a0Grand public et candidats bienvenus\u00a0\u00bb<\/p>\n<p>\u00ab\u00a0Le grand public, les candidats, les personnes qui se d\u00e9placent \u00e0 v\u00e9lo, \u00e0 pied, en transports en commun, en voiture, en trottinette, ou de toute autre mani\u00e8re, sont bienvenues pour prendre connaissance des \u00e9tudes scientifiques sur le sujet, et \u00e9changer ensuite\u00a0\u00bb, souligne V\u00e9locit\u00e9.<\/p>\n<p>Ce rendez-vous est programm\u00e9 en partenariat avec Modulauto, service d\u2019autopartage, le 2030 Festival, festival \u00e0 mission, et Montpellier \u00e0 pied, association de pi\u00e9tons.<\/p>\n<p>Mercredi 3\u00a0d\u00e9cembre, de 19\u00a0h \u00e0 21\u00a0h\u00a030, Espace Jacques 1er d\u2019Aragon, 117 rue des \u00c9tats G\u00e9n\u00e9raux, \u00e0 Montpellier.<\/p>\n<p>Pour en savoir plus\u00a0: <a href=\"https:\/\/theconversation.com\/no-parking-no-business-en-centre-ville-un-mythe-a-deconstruire-224182\" target=\"_self\" rel=\"noopener\">https:\/\/theconversation.com\/no-parking-no-business-en-centre-ville-un-mythe-a-deconstruire-224182<\/a><\/p>\n","protected":false},"excerpt":{"rendered":"\u00ab\u00a0No parking no business en ville\u00a0: une id\u00e9e \u00e0 d\u00e9construire\u00a0\u00bb. C\u2019est le th\u00e8me d\u2019une conf\u00e9rence-d\u00e9bat avec l\u2019expert mobilit\u00e9s&hellip;\n","protected":false},"author":2,"featured_media":574746,"comment_status":"","ping_status":"","sticky":false,"template":"","format":"standard","meta":{"footnotes":""},"categories":[9599],"tags":[1111,11,33,1777,674,1011,27,7089,2208,12,2680,25,800],"class_list":{"0":"post-574745","1":"post","2":"type-post","3":"status-publish","4":"format-standard","5":"has-post-thumbnail","7":"category-montpellier","8":"tag-actu","9":"tag-actualites","10":"tag-economie","11":"tag-eu","12":"tag-europe","13":"tag-fr","14":"tag-france","15":"tag-herault","16":"tag-montpellier","17":"tag-news","18":"tag-occitanie","19":"tag-republique-francaise","20":"tag-transports"},"share_on_mastodon":{"url":"https:\/\/pubeurope.com\/@fr\/115654164698366778","error":""},"_links":{"self":[{"href":"https:\/\/www.europesays.com\/fr\/wp-json\/wp\/v2\/posts\/574745","targetHints":{"allow":["GET"]}}],"collection":[{"href":"https:\/\/www.europesays.com\/fr\/wp-json\/wp\/v2\/posts"}],"about":[{"href":"https:\/\/www.europesays.com\/fr\/wp-json\/wp\/v2\/types\/post"}],"author":[{"embeddable":true,"href":"https:\/\/www.europesays.com\/fr\/wp-json\/wp\/v2\/users\/2"}],"replies":[{"embeddable":true,"href":"https:\/\/www.europesays.com\/fr\/wp-json\/wp\/v2\/comments?post=574745"}],"version-history":[{"count":0,"href":"https:\/\/www.europesays.com\/fr\/wp-json\/wp\/v2\/posts\/574745\/revisions"}],"wp:featuredmedia":[{"embeddable":true,"href":"https:\/\/www.europesays.com\/fr\/wp-json\/wp\/v2\/media\/574746"}],"wp:attachment":[{"href":"https:\/\/www.europesays.com\/fr\/wp-json\/wp\/v2\/media?parent=574745"}],"wp:term":[{"taxonomy":"category","embeddable":true,"href":"https:\/\/www.europesays.com\/fr\/wp-json\/wp\/v2\/categories?post=574745"},{"taxonomy":"post_tag","embeddable":true,"href":"https:\/\/www.europesays.com\/fr\/wp-json\/wp\/v2\/tags?post=574745"}],"curies":[{"name":"wp","href":"https:\/\/api.w.org\/{rel}","templated":true}]}}