{"id":574747,"date":"2025-12-03T06:14:10","date_gmt":"2025-12-03T06:14:10","guid":{"rendered":"https:\/\/www.europesays.com\/fr\/574747\/"},"modified":"2025-12-03T06:14:10","modified_gmt":"2025-12-03T06:14:10","slug":"vol-dun-sac-dans-le-tramway-et-dun-telephone-dans-un-bar-a-montpellier-le-suspect-etait-sous-le-coup-dune-interdiction-du-territoire","status":"publish","type":"post","link":"https:\/\/www.europesays.com\/fr\/574747\/","title":{"rendered":"Vol d\u2019un sac dans le tramway, et d\u2019un t\u00e9l\u00e9phone dans un bar \u00e0 Montpellier\u00a0: le suspect \u00e9tait sous le coup d\u2019une interdiction du territoire"},"content":{"rendered":"<p>\n                                                                Le mis en cause a affirm\u00e9 \u00e0 la police avoir \u00ab\u00a0trouv\u00e9\u00a0\u00bb le bagage comme le t\u00e9l\u00e9phone, lors de son interpellation, dimanche 30\u00a0novembre, pr\u00e8s du commissariat central.\n                            <\/p>\n<p>Dimanche 30\u00a0novembre \u00e0 22\u00a0h\u00a030, un jeune homme circule dans le tramway avec un gros sac de voyage qu\u2019il a d\u00e9pos\u00e9 un peu plus loin pour ne pas g\u00eaner les autres usagers. Arriv\u00e9 \u00e0 la station Rives du Lez, il s\u2019aper\u00e7oit que celui-ci a disparu. Une passag\u00e8re lui dit avoir vu un homme s\u2019en emparer et sortir de la rame \u00e0 la station pr\u00e9c\u00e9dente, Voltaire.<\/p>\n<p>La police interpelle rapidement l\u2019auteur des faits<\/p>\n<p>La victime du vol descend \u00e0 son tour et remonte \u00e0 pied en direction de cet arr\u00eat quand il croise des policiers et leur explique ce qui lui est arriv\u00e9. Les agents ont effectivement aper\u00e7u un homme transportant un bagage volumineux.<\/p>\n<p>Le mis en cause est rapidement rep\u00e9r\u00e9. Il d\u00e9clare avoir \u00ab\u00a0trouv\u00e9\u00a0\u00bb le sac dans le tramway. Il est aussi en possession d\u2019un t\u00e9l\u00e9phone vol\u00e9 dans la soir\u00e9e dans un bar de Montpellier. Mais l\u00e0 encore, l\u2019int\u00e9ress\u00e9 affirme l\u2019avoir r\u00e9cup\u00e9r\u00e9 dans une rame.<\/p>\n<p>Interdit du territoire national<\/p>\n<p>Plac\u00e9 en garde \u00e0 vue, cet Alg\u00e9rien\u00a0de 45 ans a \u00e9t\u00e9 d\u00e9f\u00e9r\u00e9 au parquet et sera jug\u00e9 en comparution imm\u00e9diate devant le tribunal correctionnel ce mercredi 3\u00a0d\u00e9cembre, pour vol et recel de vol. Il devra aussi r\u00e9pondre du non-respect de l\u2019interdiction du territoire fran\u00e7ais dont il faisait l\u2019objet.<\/p>\n","protected":false},"excerpt":{"rendered":"Le mis en cause a affirm\u00e9 \u00e0 la police avoir \u00ab\u00a0trouv\u00e9\u00a0\u00bb le bagage comme le t\u00e9l\u00e9phone, lors de&hellip;\n","protected":false},"author":2,"featured_media":574748,"comment_status":"","ping_status":"","sticky":false,"template":"","format":"standard","meta":{"footnotes":""},"categories":[9599],"tags":[1111,11,1777,674,118,1011,27,7089,2208,12,2680,25],"class_list":{"0":"post-574747","1":"post","2":"type-post","3":"status-publish","4":"format-standard","5":"has-post-thumbnail","7":"category-montpellier","8":"tag-actu","9":"tag-actualites","10":"tag-eu","11":"tag-europe","12":"tag-faits-divers","13":"tag-fr","14":"tag-france","15":"tag-herault","16":"tag-montpellier","17":"tag-news","18":"tag-occitanie","19":"tag-republique-francaise"},"share_on_mastodon":{"url":"https:\/\/pubeurope.com\/@fr\/115654168628284322","error":""},"_links":{"self":[{"href":"https:\/\/www.europesays.com\/fr\/wp-json\/wp\/v2\/posts\/574747","targetHints":{"allow":["GET"]}}],"collection":[{"href":"https:\/\/www.europesays.com\/fr\/wp-json\/wp\/v2\/posts"}],"about":[{"href":"https:\/\/www.europesays.com\/fr\/wp-json\/wp\/v2\/types\/post"}],"author":[{"embeddable":true,"href":"https:\/\/www.europesays.com\/fr\/wp-json\/wp\/v2\/users\/2"}],"replies":[{"embeddable":true,"href":"https:\/\/www.europesays.com\/fr\/wp-json\/wp\/v2\/comments?post=574747"}],"version-history":[{"count":0,"href":"https:\/\/www.europesays.com\/fr\/wp-json\/wp\/v2\/posts\/574747\/revisions"}],"wp:featuredmedia":[{"embeddable":true,"href":"https:\/\/www.europesays.com\/fr\/wp-json\/wp\/v2\/media\/574748"}],"wp:attachment":[{"href":"https:\/\/www.europesays.com\/fr\/wp-json\/wp\/v2\/media?parent=574747"}],"wp:term":[{"taxonomy":"category","embeddable":true,"href":"https:\/\/www.europesays.com\/fr\/wp-json\/wp\/v2\/categories?post=574747"},{"taxonomy":"post_tag","embeddable":true,"href":"https:\/\/www.europesays.com\/fr\/wp-json\/wp\/v2\/tags?post=574747"}],"curies":[{"name":"wp","href":"https:\/\/api.w.org\/{rel}","templated":true}]}}