{"id":574749,"date":"2025-12-03T06:18:12","date_gmt":"2025-12-03T06:18:12","guid":{"rendered":"https:\/\/www.europesays.com\/fr\/574749\/"},"modified":"2025-12-03T06:18:12","modified_gmt":"2025-12-03T06:18:12","slug":"metropole-de-grenoble-un-jeune-homme-retrouve-decede-en-pleine-rue-a-cote-de-sa-trottinette","status":"publish","type":"post","link":"https:\/\/www.europesays.com\/fr\/574749\/","title":{"rendered":"M\u00e9tropole de Grenoble. Un jeune homme retrouv\u00e9 d\u00e9c\u00e9d\u00e9 en pleine rue \u00e0 c\u00f4t\u00e9 de sa trottinette"},"content":{"rendered":"<p>Un homme \u00e2g\u00e9 d\u2019une trentaine d\u2019ann\u00e9es a trouv\u00e9 la mort dans la nuit de mardi \u00e0 mercredi sur la commune d\u2019\u00c9chirolles dans des circonstances encore ind\u00e9termin\u00e9es. Selon les premi\u00e8res informations, il a \u00e9t\u00e9 retrouv\u00e9 en arr\u00eat cardio-respiratoire vers 2 heures du matin, rue Georges-M\u00e9li\u00e8s, dans le centre-ville, \u00e0 proximit\u00e9 de sa trottinette.<\/p>\n<p>Les efforts des sapeurs-pompiers et du Samu pour le faire revenir \u00e0 la vie ont malheureusement \u00e9t\u00e9 vains et il est d\u00e9clar\u00e9 d\u00e9c\u00e9d\u00e9 peu apr\u00e8s. \u00a0M\u00eame si cela para\u00eet probable, on ignore \u00e0 l\u2019heure actuelle si l\u2019hypoth\u00e8se de l\u2019accident est privil\u00e9gi\u00e9e par la police.<\/p>\n<p>Ce contenu est bloqu\u00e9 car vous n&rsquo;avez pas accept\u00e9 les cookies et autres traceurs.<\/p>\n<p>En cliquant sur \u00ab J\u2019accepte \u00bb, les cookies et autres traceurs seront d\u00e9pos\u00e9s et vous pourrez visualiser les contenus  (<a href=\"\" class=\"consentModule_policy\" target=\"_blank\" title=\"Consulter la politique de protection des donn\u00e9es du fournisseur\">plus d&rsquo;informations<\/a>).<\/p>\n<p>En cliquant sur \u00ab J\u2019accepte tous les cookies \u00bb, vous autorisez des d\u00e9p\u00f4ts de cookies et autres traceurs pour le stockage de vos donn\u00e9es sur nos sites et applications \u00e0 des fins de personnalisation et de ciblage publicitaire.<\/p>\n<p class=\"consentModule_secondaryText\">Vous gardez la possibilit\u00e9 de retirer votre consentement \u00e0 tout moment en consultant notre <a href=\"https:\/\/www.ledauphine.com\/protection-des-donnees\" target=\"_blank\" title=\"Consulter notre politique de protection des donn\u00e9es\" rel=\"noopener\">politique de protection des donn\u00e9es<\/a>. <br \/>&#13;<br \/>\n            <a href=\"https:\/\/www.ledauphine.com\/faits-divers-justice\/2025\/12\/03\/javascript:Didomi.notice.show()\" class=\"consentModule_cmp\" target=\"_blank\" rel=\"noopener\">G\u00e9rer mes choix<\/a>&#13;\n        <\/p>\n<p>&#13;<br \/>\n                        J&rsquo;accepte&#13;<br \/>\n            J&rsquo;accepte tous les cookies&#13;\n        <\/p>\n<p>Dans la nuit du 7 au 8 novembre, un adolescent de 17 ans avait \u00e9t\u00e9 retrouv\u00e9\u00a0<a href=\"https:\/\/www.ledauphine.com\/faits-divers-justice\/2025\/11\/10\/accident-ou-agression-un-adolescent-retrouve-tres-gravement-blesse-a-echirolles\" target=\"_blank\" rel=\"noopener\">tr\u00e8s gravement bless\u00e9 \u00e0 la t\u00eate<\/a> sur l\u2019avenue des \u00c9tats-G\u00e9n\u00e9raux, \u00e9galement \u00e0 \u00c9chirolles.<\/p>\n<p>Il est apparu qu\u2019il circulait \u00e0 trottinette mais \u00e0 l\u2019arriv\u00e9e des secours, cette trottinette avait disparu. On ignore toujours si ce mineur a \u00e9t\u00e9 victime d\u2019une agression ou d\u2019un accident suivi du vol de l\u2019engin.<\/p>\n","protected":false},"excerpt":{"rendered":"Un homme \u00e2g\u00e9 d\u2019une trentaine d\u2019ann\u00e9es a trouv\u00e9 la mort dans la nuit de mardi \u00e0 mercredi sur&hellip;\n","protected":false},"author":2,"featured_media":574750,"comment_status":"","ping_status":"","sticky":false,"template":"","format":"standard","meta":{"footnotes":""},"categories":[9566],"tags":[1111,11,2430,271,272,9852,112,1777,674,274,107,1011,27,2731,108,12,25],"class_list":{"0":"post-574749","1":"post","2":"type-post","3":"status-publish","4":"format-standard","5":"has-post-thumbnail","7":"category-grenoble","8":"tag-actu","9":"tag-actualites","10":"tag-auvergne-rhone-alpes","11":"tag-crime","12":"tag-delit-et-contravention","13":"tag-echirolles","14":"tag-edition-grenoble-agglomeration","15":"tag-eu","16":"tag-europe","17":"tag-faits-divers-justice","18":"tag-fil-info","19":"tag-fr","20":"tag-france","21":"tag-grenoble","22":"tag-isere","23":"tag-news","24":"tag-republique-francaise"},"share_on_mastodon":{"url":"https:\/\/pubeurope.com\/@fr\/115654184603635065","error":""},"_links":{"self":[{"href":"https:\/\/www.europesays.com\/fr\/wp-json\/wp\/v2\/posts\/574749","targetHints":{"allow":["GET"]}}],"collection":[{"href":"https:\/\/www.europesays.com\/fr\/wp-json\/wp\/v2\/posts"}],"about":[{"href":"https:\/\/www.europesays.com\/fr\/wp-json\/wp\/v2\/types\/post"}],"author":[{"embeddable":true,"href":"https:\/\/www.europesays.com\/fr\/wp-json\/wp\/v2\/users\/2"}],"replies":[{"embeddable":true,"href":"https:\/\/www.europesays.com\/fr\/wp-json\/wp\/v2\/comments?post=574749"}],"version-history":[{"count":0,"href":"https:\/\/www.europesays.com\/fr\/wp-json\/wp\/v2\/posts\/574749\/revisions"}],"wp:featuredmedia":[{"embeddable":true,"href":"https:\/\/www.europesays.com\/fr\/wp-json\/wp\/v2\/media\/574750"}],"wp:attachment":[{"href":"https:\/\/www.europesays.com\/fr\/wp-json\/wp\/v2\/media?parent=574749"}],"wp:term":[{"taxonomy":"category","embeddable":true,"href":"https:\/\/www.europesays.com\/fr\/wp-json\/wp\/v2\/categories?post=574749"},{"taxonomy":"post_tag","embeddable":true,"href":"https:\/\/www.europesays.com\/fr\/wp-json\/wp\/v2\/tags?post=574749"}],"curies":[{"name":"wp","href":"https:\/\/api.w.org\/{rel}","templated":true}]}}