{"id":574751,"date":"2025-12-03T06:19:16","date_gmt":"2025-12-03T06:19:16","guid":{"rendered":"https:\/\/www.europesays.com\/fr\/574751\/"},"modified":"2025-12-03T06:19:16","modified_gmt":"2025-12-03T06:19:16","slug":"france-monde-une-avancee-majeure-a-grenoble-une-innovation-qui-donne-une-valeur-aux-plastiques-mal-tries-le-tour-de-lactu-deeptech","status":"publish","type":"post","link":"https:\/\/www.europesays.com\/fr\/574751\/","title":{"rendered":"France-Monde. Une avanc\u00e9e majeure \u00e0 Grenoble, une innovation qui donne une valeur aux plastiques mal tri\u00e9s&#8230; Le tour de l&rsquo;actu deeptech"},"content":{"rendered":"<p>  &#13;<br \/>\n      <a href=\"https:\/\/cdn-s-www.ledauphine.com\/images\/8a24a42c-b2c8-4039-a39c-ac48d204b280\/NW_raw\/photo-insa-1764666492.jpg\" title=\"Photo Insa\" class=\"chocolat-image GA-tracking\" data-ga_type=\"click\" data-ga_category=\"D\u00e9tail\" data-ga_action=\"zoomer\" data-ga_label=\"agrandir image\" target=\"_blank\" rel=\"noopener\">&#13;<br \/>\n          <img loading=\"lazy\" decoding=\"async\" src=\"https:\/\/www.europesays.com\/fr\/wp-content\/uploads\/2025\/12\/photo-insa-1764666492.jpg\" data-mobile=\"NW_listC_M|1764666492\" data-base=\"NW_listC|1764666492\" alt=\"Photo Insa\"\/>&#13;<br \/>\n      <\/a>&#13;<br \/>\n              Photo Insa&#13;<\/p>\n<p>  Oyonnax (Ain) \/ Bi-injection\u00a0: l\u2019innovation qui redonne une valeur aux plastiques mal tri\u00e9s<\/p>\n<p>Au c\u0153ur de la Plastics Vall\u00e9e, le doctorant Ayoub Agourram, ing\u00e9nieur en mat\u00e9riaux, m\u00e8ne \u00e0 l\u2019institut national des sciences appliqu\u00e9es (Insa) une recherche qui pourrait changer la vie des industriels du plastique\u00a0: rendre utiles des d\u00e9chets aujourd\u2019hui presque toujours incin\u00e9r\u00e9s.<\/p>\n<p>Sa m\u00e9thode consiste \u00e0 fabriquer une pi\u00e8ce avec un \u00ab\u2009c\u0153ur\u2009\u00bb issu de plastiques m\u00e9lang\u00e9s, recouvert d\u2019une fine couche parfaitement contr\u00f4l\u00e9e. R\u00e9sultat\u00a0: l\u2019objet garde une belle finition et de bonnes performances, tout en int\u00e9grant une mati\u00e8re recycl\u00e9e jusque-l\u00e0 inutilisable.<\/p>\n<p>Cette approche permettrait de r\u00e9duire le gaspillage, d\u2019abaisser l\u2019empreinte carbone et de limiter la d\u00e9pendance au plastique vierge. Soutenus par le Programme d\u2019investissement d\u2019avenir, les travaux associent\u00a0trois laboratoires\u00a0de Lyon et Villeurbanne\u00a0: IMP, Mat\u00e9IS et LaMCoS. Une avanc\u00e9e tr\u00e8s concr\u00e8te pour un territoire industriel qui cherche \u00e0 valoriser sa transition durable.<\/p>\n<p>  &#13;<br \/>\n      <a href=\"https:\/\/cdn-s-www.ledauphine.com\/images\/2ab6fd48-a62a-476b-9b31-c19d741432e0\/NW_raw\/francis-nappez-originaire-d-oyonnax-et-diplome-en-2000-d-un-dut-services-et-reseaux-de-communication-obtenu-a-grenoble-photo-hectar-1764666492.jpg\" title=\"Francis Nappez, originaire d\u2019Oyonnax et dipl\u00f4m\u00e9 en 2000 d\u2019un DUT Services et R\u00e9seaux de Communication obtenu \u00e0 Grenoble. Photo Hectar\" class=\"chocolat-image GA-tracking\" data-ga_type=\"click\" data-ga_category=\"D\u00e9tail\" data-ga_action=\"zoomer\" data-ga_label=\"agrandir image\" target=\"_blank\" rel=\"noopener\">&#13;<br \/>\n          <img loading=\"lazy\" decoding=\"async\" src=\"https:\/\/www.europesays.com\/fr\/wp-content\/uploads\/2025\/12\/francis-nappez-originaire-d-oyonnax-et-diplome-en-2000-d-un-dut-services-et-reseaux-de-communication.jpeg\" data-mobile=\"NW_listC_M|1764666492\" data-base=\"NW_listC|1764666492\" alt=\"Francis Nappez, originaire d\u2019Oyonnax et dipl\u00f4m\u00e9 en 2000 d\u2019un DUT Services et R\u00e9seaux de Communication obtenu \u00e0 Grenoble. Photo Hectar\"\/>&#13;<br \/>\n      <\/a>&#13;<\/p>\n<p>Francis Nappez, originaire d\u2019Oyonnax et dipl\u00f4m\u00e9 en 2000 d\u2019un DUT Services et R\u00e9seaux de Communication obtenu \u00e0 Grenoble. Photo Hectar<\/p>\n<p>&#13;<\/p>\n<p>  L\u00e9vis-Saint-Nom (Yvelines) \/ Francis Nappez\u00a0: l\u2019avenir de l\u2019agritech entre IA, robotisation et communaut\u00e9s tech<\/p>\n<p>Francis Nappez porte une vision renouvel\u00e9e de l\u2019agriculture num\u00e9rique. Apr\u00e8s avoir rejoint tr\u00e8s t\u00f4t le groupe Iliad, puis pris en main l\u2019architecture technologique de BlaBlaCar, il dirige aujourd\u2019hui Hectar, un lieu hybride d\u2019innovation dans les Yvelines accompagnant des startups o\u00f9 il exp\u00e9rimente \u00e0 grande \u00e9chelle l\u2019usage de l\u2019intelligence artificielle et de la robotisation au service des exploitations agricoles.<\/p>\n<p>L\u2019innovation y est concr\u00e8te\u00a0: assistants IA pour structurer automatiquement les op\u00e9rations du quotidien, outils pr\u00e9dictifs pour am\u00e9liorer les d\u00e9cisions, et premiers cobots (robots collaboratifs d\u2019assistance) capables de suivre l\u2019agriculteur dans les parcelles afin de r\u00e9duire la p\u00e9nibilit\u00e9.<\/p>\n<p>Sur la ferme pilote, chaque production g\u00e9n\u00e8re de la donn\u00e9e valorisable, tandis que capteurs de biodiversit\u00e9 et organisation du travail sont repens\u00e9s pour rendre les fermes plus attractives. Cofondateur de Tech Rocks, communaut\u00e9 qui f\u00e9d\u00e8re plus de 2500\u00a0directeurs techniques en France, tous secteurs confondus, et en mobilise pr\u00e8s de 500 de fa\u00e7on active, Nappez d\u00e9fend un mod\u00e8le de partage d\u2019exp\u00e9riences o\u00f9 le collectif devient un levier d\u2019efficacit\u00e9.<\/p>\n<p>  &#13;<br \/>\n      <a href=\"https:\/\/cdn-s-www.ledauphine.com\/images\/69fd53ab-3283-4ded-b3fe-feaea343e47b\/NW_raw\/laurence-lafanechere-conseillere-scientifique-et-philippe-bordeau-pdg-de-saxol-photo-le-dl-1743693418.jpg\" title=\"Laurence Lafanech\u00e8re, conseill\u00e8re scientifique, et Philippe Bordeau, PDG de Saxol. Photo Le DL\" class=\"chocolat-image GA-tracking\" data-ga_type=\"click\" data-ga_category=\"D\u00e9tail\" data-ga_action=\"zoomer\" data-ga_label=\"agrandir image\" target=\"_blank\" rel=\"noopener\">&#13;<br \/>\n          <img loading=\"lazy\" decoding=\"async\" src=\"https:\/\/www.europesays.com\/fr\/wp-content\/uploads\/2025\/12\/laurence-lafanechere-conseillere-scientifique-et-philippe-bordeau-pdg-de-saxol-photo-le-dl-174369341.jpeg\" data-mobile=\"NW_listC_M|1743693418\" data-base=\"NW_listC|1743693418\" alt=\"Laurence Lafanech\u00e8re, conseill\u00e8re scientifique, et Philippe Bordeau, PDG de Saxol. Photo Le DL\"\/>&#13;<br \/>\n      <\/a>&#13;<\/p>\n<p>Laurence Lafanech\u00e8re, conseill\u00e8re scientifique, et Philippe Bordeau, PDG de Saxol. Photo Le DL<\/p>\n<p>&#13;<\/p>\n<p>  Grenoble (Is\u00e8re) \/ Mol\u00e9cule fran\u00e7aise contre les neuropathies\u00a0: une avanc\u00e9e majeure<\/p>\n<p>Une \u00e9quipe de l\u2019Universit\u00e9 Grenoble Alpes (UGA), men\u00e9e par Laurence Lafanech\u00e8re, directrice de recherche au CNRS et <a href=\"https:\/\/www.ledauphine.com\/economie\/2025\/01\/06\/au-iventure-zoom-sur-les-espoirs-de-saxol\" target=\"_blank\" rel=\"noopener\">conseill\u00e8re scientifique de la start-up biotech Saxol<\/a>, a identifi\u00e9 une mol\u00e9cule innovante pour pr\u00e9venir les neuropathies p\u00e9riph\u00e9riques, qui touchent jusqu\u2019\u00e0 90\u00a0% des patients sous chimioth\u00e9rapie.<\/p>\n<p>Publi\u00e9s dans la revue Science Advances, ces travaux d\u00e9voilent Carba1, un compos\u00e9 capable \u00e0 la fois de prot\u00e9ger les neurones et de renforcer l\u2019efficacit\u00e9 de certains anticanc\u00e9reux. En agissant sur les microtubules et le m\u00e9tabolisme \u00e9nerg\u00e9tique neuronal, Carba1 limite la d\u00e9g\u00e9n\u00e9rescence induite par les traitements tout en permettant d\u2019en r\u00e9duire les doses.<\/p>\n<p>Soutenue par la Satt Linksium, Saxol conduit d\u00e9sormais son d\u00e9veloppement vers les \u00e9tudes cliniques, ouvrant la voie au premier traitement pr\u00e9ventif de ces atteintes nerveuses invalidantes.<\/p>\n<p>  Paris \/ Acquisition de Malizen par Wallix et lancement du Radar souverain de cybers\u00e9curit\u00e9<\/p>\n<p>Wallix, entreprise fran\u00e7aise fond\u00e9e en 2003 et cot\u00e9e sur Euronext, figure parmi les sp\u00e9cialistes europ\u00e9ens de la protection des identit\u00e9s et des acc\u00e8s. Elle renforce sa strat\u00e9gie en rachetant Malizen (pour 1,6\u00a0M EUR en actions), start-up rennaise issue de la recherche publique INRIA, dont la technologie d\u2019analyse automatique des comportements aide \u00e0 rep\u00e9rer plus t\u00f4t les usages anormaux et \u00e0 pr\u00e9venir les attaques.<\/p>\n<p>Cette int\u00e9gration met l\u2019intelligence artificielle au service d\u2019outils plus simples \u00e0 utiliser, pens\u00e9s pour des organisations confront\u00e9es \u00e0 un nombre d\u2019acc\u00e8s num\u00e9riques toujours plus \u00e9lev\u00e9. Jean-No\u00ebl de\u00a0Galzain, dirigeant de Wallix et pr\u00e9sident d\u2019Hexatrust (groupement qui r\u00e9unit les entreprises fran\u00e7aises et europ\u00e9ennes de la cybers\u00e9curit\u00e9 et du cloud de confiance) pr\u00e9sentera, le 9\u00a0d\u00e9cembre, dans la capitale, le Radar des solutions souveraines con\u00e7u avec le Club des experts de la s\u00e9curit\u00e9 de l\u2019information et du num\u00e9rique (CESIN).<\/p>\n<p>Fond\u00e9 sur le cadre m\u00e9thodologique du National Institute of Standards and Technology (NIST), cet outil aidera entreprises et administrations \u00e0 rep\u00e9rer plus facilement des offres europ\u00e9ennes fiables pour mieux prot\u00e9ger leurs environnements num\u00e9riques.<\/p>\n<p>  Paris \/ Quantique et cybers\u00e9curit\u00e9\u00a0: agir aujourd\u2019hui ou doubler la facture dans 10 ans\u2009?<\/p>\n<p>Dans un nouveau rapport th\u00e9matique, le Boston Consulting Group (BCG) d\u00e9taille un sc\u00e9nario tr\u00e8s concret\u00a0: d\u00e8s 2035, un ordinateur quantique suffisamment puissant pourrait casser les codes qui prot\u00e8gent aujourd\u2019hui nos transactions bancaires, nos dossiers m\u00e9dicaux ou les identit\u00e9s en ligne.<\/p>\n<p>Cette rupture ouvrirait la voie \u00e0 des attaques massives. \u00c0 court terme, des \u00c9tats pourraient espionner des communications confidentielles ou manipuler des informations sensibles.<\/p>\n<p>Vers 2040, des r\u00e9seaux criminels seraient capables de vider des comptes bancaires, de pirater des bases de donn\u00e9es d\u2019identit\u00e9 ou d\u2019obtenir des informations m\u00e9dicales prot\u00e9g\u00e9es. Plus grave encore, des groupes terroristes pourraient saboter des r\u00e9seaux \u00e9lectriques ou l\u2019approvisionnement en eau en s\u2019attaquant aux syst\u00e8mes industriels chiffr\u00e9s avec les standards actuels.<\/p>\n<p>L\u2019innovation du rapport est de quantifier cette menace\u00a0: pour une grande entreprise dot\u00e9e d\u2019un budget tech d\u2019un milliard d\u2019euros, la mise \u00e0 niveau cryptographique co\u00fbte environ 25\u00a0millions aujourd\u2019hui\u2026 mais 50\u00a0millions si elle attend 10 ans. Le message se veut explicite\u00a0: les donn\u00e9es \u00e9chang\u00e9es maintenant pourront \u00eatre d\u00e9crypt\u00e9es plus tard, d\u2019o\u00f9 la n\u00e9cessit\u00e9 d\u2019agir pour \u00e9viter une explosion des risques et des co\u00fbts.<\/p>\n<p>  &#13;<br \/>\n      <a href=\"https:\/\/cdn-s-www.ledauphine.com\/images\/6bd0cdd1-0401-459b-8b4e-f593da543693\/NW_raw\/pierre-alexandre-mattei-credit-universite-cote-d-azur-1764666492.jpg\" title=\"Pierre-Alexandre Mattei. Cr\u00e9dit Universit\u00e9 C\u00f4te d&#039;Azur\" class=\"chocolat-image GA-tracking\" data-ga_type=\"click\" data-ga_category=\"D\u00e9tail\" data-ga_action=\"zoomer\" data-ga_label=\"agrandir image\" target=\"_blank\" rel=\"noopener\">&#13;<br \/>\n          <img loading=\"lazy\" decoding=\"async\" src=\"https:\/\/www.europesays.com\/fr\/wp-content\/uploads\/2025\/12\/pierre-alexandre-mattei-credit-universite-cote-d-azur-1764666492.jpg\" data-mobile=\"NW_listC_M|1764666492\" data-base=\"NW_listC|1764666492\" alt=\"Pierre-Alexandre Mattei. Cr\u00e9dit Universit\u00e9 C\u00f4te d'Azur\"\/>&#13;<br \/>\n      <\/a>&#13;<\/p>\n<p>Pierre-Alexandre Mattei. Cr\u00e9dit Universit\u00e9 C\u00f4te d&rsquo;Azur<\/p>\n<p>&#13;<\/p>\n<p>  Alpes-Maritimes \/ L\u2019avenir de l\u2019IA se discute au soleil<\/p>\n<p>Au SophI.A Summit\u00a02025, \u00e9v\u00e8nement acad\u00e9mique organis\u00e9 par l\u2019Universit\u00e9 C\u00f4te d\u2019Azur, qui a r\u00e9uni pr\u00e8s de 300\u00a0chercheurs et \u00e9tudiants du 19 au 21\u00a0novembre, l\u2019intelligence artificielle s\u2019est d\u00e9voil\u00e9e sous un jour plus lucide, confirmant Sophia Antipolis comme l\u2019un des campus pluridisciplinaires o\u00f9 la th\u00e9orie rencontre la cr\u00e9ation et le d\u00e9veloppement d\u2019entreprises.<\/p>\n<p>Au c\u0153ur de cette dynamique, le chercheur Inria Pierre-Alexandre Mattei, coorganisateur scientifique, a orchestr\u00e9 un dialogue rare entre math\u00e9maticiens, cliniciens, ing\u00e9nieurs, \u00e9conomistes et entreprises. L\u2019\u00e9dition\u00a02025 marque un tournant\u00a0: les grands mod\u00e8les de langage (LLM) sont sortis du registre \u00ab\u2009magique\u2009\u00bb pour \u00eatre confront\u00e9s \u00e0 leurs limites\u2009; les applications IA en sant\u00e9 montrent leurs gains tangibles, et l\u2019inf\u00e9rence causale \u00e9merge, tel l\u2019un des champs les plus prometteurs pour des usages plus fiables.<\/p>\n<p>M\u00eame la d\u00e9couverte de mol\u00e9cules par IA, longtemps fantasm\u00e9e, est r\u00e9\u00e9valu\u00e9e sous l\u2019angle du r\u00e9alisme scientifique. On y a pr\u00e9sent\u00e9 une IA ancr\u00e9e dans les pratiques (comme la lutte contre les vid\u00e9os hypertruqu\u00e9es en IA), et surtout \u00ab\u2009partageable\u2009\u00bb (via la science ouverte \u2014 open science \u2014 et des mod\u00e8les d\u00e9ployables localement) pour r\u00e9pondre aux enjeux de souverainet\u00e9 et de protection des donn\u00e9es. Le SophI.A Summit confirme ainsi une tendance\u00a0: l\u2019avenir de l\u2019IA se construit dans la collaboration exigeante entre la recherche et les usages.<\/p>\n<p class=\"insetTitle\">L&rsquo;agenda<\/p>\n<p><strong>Paris La D\u00e9fense (CNIT Forest)\u00a0: FOST \u2013 Future of Software Technologies<br \/><\/strong>Du 9 au 11\u00a0d\u00e9cembre, FOST r\u00e9unira l\u2019\u00e9cosyst\u00e8me europ\u00e9en du logiciel et de l\u2019intelligence artificielle pour 3 jours de d\u00e9cryptage des mutations technologiques. Trois \u00e9v\u00e8nements en un\u00a0: APIdays (d\u00e9di\u00e9 aux API), GenerationAI (pour l\u2019IA) et Green IO (pour la tech durable), l\u2019ensemble des salons abordera notamment les perspectives de l\u2019IA, la gouvernance num\u00e9rique et l\u2019innovation responsable. D\u00e9monstrations en direct, sessions techniques et retours d\u2019exp\u00e9rience d\u2019acteurs majeurs rythmeront cette \u00e9dition pens\u00e9e comme un carrefour strat\u00e9gique pour anticiper les usages \u00e9mergents.<br \/><a href=\"http:\/\/www.generationaiconf.com\/events\/paris\" target=\"_blank\" rel=\"noopener\">www.generationaiconf.com\/events\/paris<\/a><\/p>\n<p><strong>\u00a0<\/strong><\/p>\n<p><strong>Paris (Cit\u00e9 des sciences et de l\u2019industrie)\u00a0: Open Source Experience<br \/><\/strong>Les\u00a010 et 11\u00a0d\u00e9cembre, Open Source Experience mettra en lumi\u00e8re l\u2019univers tech libre comme levier d\u2019autonomie strat\u00e9gique europ\u00e9enne. Plus de 130\u00a0conf\u00e9rences et 150\u00a0intervenants pr\u00e9senteront les avanc\u00e9es en IA ouverte, cybers\u00e9curit\u00e9, cloud et data. L\u2019\u00e9v\u00e9nement rassemblera entreprises, institutions et communaut\u00e9s techniques pour montrer concr\u00e8tement comment les standards ouverts soutiennent une innovation souveraine et collaborative.<br \/><a href=\"http:\/\/www.opensource-experience.com\" target=\"_blank\" rel=\"noopener\">www.opensource-experience.com<\/a><\/p>\n<p><strong>\u00a0<\/strong><\/p>\n<p><strong>Grenoble (EPN Campus)\u00a0: CARAC\u00a02025<br \/><\/strong>Le 11\u00a0d\u00e9cembre, CARAC invitera chercheurs et industriels autour de la caract\u00e9risation avanc\u00e9e des mat\u00e9riaux pour la micro\u00e9lectronique. Ce rendez-vous, d\u00e9di\u00e9 aux techniques X, neutroniques et d\u2019imagerie, pr\u00e9sentera 10 ans de progr\u00e8s issus de PAC-G et les apports de ces outils pour analyser d\u00e9fauts, fiabilit\u00e9 et performances des composants nouvelle g\u00e9n\u00e9ration, des puces quantiques aux architectures h\u00e9t\u00e9rog\u00e8nes.<br \/><a href=\"https:\/\/www.ledauphine.com\/economie\/2025\/12\/03\/workshops.ill.fr\/event\/544\" target=\"_blank\" rel=\"noopener\">workshops.ill.fr\/event\/544<\/a><\/p>\n<p>\u00a0<\/p>\n<p><strong>Grenoble (Maison Minatec)\u00a0: END\u201925 \u2014 \u00c9lectronique et num\u00e9rique durables<br \/><\/strong>Le 16\u00a0d\u00e9cembre, END\u201925 poursuivra la dynamique engag\u00e9e autour d\u2019un num\u00e9rique responsable. Chercheurs, ing\u00e9nieurs et industriels d\u00e9voileront 43\u00a0contributions sur les m\u00e9thodes, outils et d\u00e9monstrateurs permettant de repenser toute la cha\u00eene de valeur \u00e9lectronique dans une logique de sobri\u00e9t\u00e9 environnementale et de performance durable.<br \/><a href=\"https:\/\/www.ledauphine.com\/economie\/2025\/12\/03\/irtnanoelec.fr\/symposium-electronique-et-numerique-durables\" target=\"_blank\" rel=\"noopener\">irtnanoelec.fr\/symposium-electronique-et-numerique-durables<\/a><\/p>\n","protected":false},"excerpt":{"rendered":"&#13; &#13; &#13; &#13; Photo Insa&#13; Oyonnax (Ain) \/ Bi-injection\u00a0: l\u2019innovation qui redonne une valeur aux plastiques mal&hellip;\n","protected":false},"author":2,"featured_media":574752,"comment_status":"","ping_status":"","sticky":false,"template":"","format":"standard","meta":{"footnotes":""},"categories":[9566],"tags":[1111,11,2430,9810,1777,674,1011,27,329,2731,5015,12,25,20932],"class_list":{"0":"post-574751","1":"post","2":"type-post","3":"status-publish","4":"format-standard","5":"has-post-thumbnail","7":"category-grenoble","8":"tag-actu","9":"tag-actualites","10":"tag-auvergne-rhone-alpes","11":"tag-direct-entreprises","12":"tag-eu","13":"tag-europe","14":"tag-fr","15":"tag-france","16":"tag-france-monde","17":"tag-grenoble","18":"tag-innovation-et-start-up","19":"tag-news","20":"tag-republique-francaise","21":"tag-tech-and-fest"},"share_on_mastodon":{"url":"https:\/\/pubeurope.com\/@fr\/115654189334003788","error":""},"_links":{"self":[{"href":"https:\/\/www.europesays.com\/fr\/wp-json\/wp\/v2\/posts\/574751","targetHints":{"allow":["GET"]}}],"collection":[{"href":"https:\/\/www.europesays.com\/fr\/wp-json\/wp\/v2\/posts"}],"about":[{"href":"https:\/\/www.europesays.com\/fr\/wp-json\/wp\/v2\/types\/post"}],"author":[{"embeddable":true,"href":"https:\/\/www.europesays.com\/fr\/wp-json\/wp\/v2\/users\/2"}],"replies":[{"embeddable":true,"href":"https:\/\/www.europesays.com\/fr\/wp-json\/wp\/v2\/comments?post=574751"}],"version-history":[{"count":0,"href":"https:\/\/www.europesays.com\/fr\/wp-json\/wp\/v2\/posts\/574751\/revisions"}],"wp:featuredmedia":[{"embeddable":true,"href":"https:\/\/www.europesays.com\/fr\/wp-json\/wp\/v2\/media\/574752"}],"wp:attachment":[{"href":"https:\/\/www.europesays.com\/fr\/wp-json\/wp\/v2\/media?parent=574751"}],"wp:term":[{"taxonomy":"category","embeddable":true,"href":"https:\/\/www.europesays.com\/fr\/wp-json\/wp\/v2\/categories?post=574751"},{"taxonomy":"post_tag","embeddable":true,"href":"https:\/\/www.europesays.com\/fr\/wp-json\/wp\/v2\/tags?post=574751"}],"curies":[{"name":"wp","href":"https:\/\/api.w.org\/{rel}","templated":true}]}}