{"id":574753,"date":"2025-12-03T06:20:14","date_gmt":"2025-12-03T06:20:14","guid":{"rendered":"https:\/\/www.europesays.com\/fr\/574753\/"},"modified":"2025-12-03T06:20:14","modified_gmt":"2025-12-03T06:20:14","slug":"une-frequentation-en-baisse-lexpo-pinault-est-elle-en-perte-de-vitesse-a-rennes","status":"publish","type":"post","link":"https:\/\/www.europesays.com\/fr\/574753\/","title":{"rendered":"Une fr\u00e9quentation en baisse\u00a0: l\u2019expo Pinault est-elle en perte de vitesse \u00e0 Rennes\u00a0?"},"content":{"rendered":"<p>L\u2019exposition de la collection d\u2019art contemporain Pinault, pr\u00e9sent\u00e9e tous les deux ans pendant l\u2019\u00e9t\u00e9 au Centre des congr\u00e8s, a rassembl\u00e9 65 000 visiteurs en 2025 selon un rapport de l\u2019Audiar paru en octobre.<\/p>\n<p>Baisse de la fr\u00e9quentation<\/p>\n<p>Intitul\u00e9e Les yeux dans les yeux, elle est l\u2019exposition la plus fr\u00e9quent\u00e9e de la saison d\u2019art contemporain Exporama, organis\u00e9e par Rennes M\u00e9tropole. Juste apr\u00e8s vient celle consacr\u00e9e \u00e0 Claire Tabouret, qui a fait 47 000 entr\u00e9es au mus\u00e9e des Beaux-Arts, dans un \u00e9crin plus r\u00e9duit.<\/p>\n<p>La bonne performance de l\u2019expo Pinault marque n\u00e9anmoins une baisse significative de sa fr\u00e9quentation au fil des \u00e9ditions. La pr\u00e9c\u00e9dente avait accueilli 78 810 personnes. La premi\u00e8re, Debout !, en 2018, en avait rassembl\u00e9 plus de 93 000. Est-ce un signe de lassitude ? L\u2019\u00e9v\u00e9nement a-t-il atteint un plateau de fr\u00e9quentation, pass\u00e9 l\u2019attrait de la nouveaut\u00e9 ?<\/p>\n<p>Manque de retomb\u00e9es touristiques<\/p>\n<p>Parall\u00e8lement, la Soci\u00e9t\u00e9 publique locale Destination Rennes, en charge du Centre des congr\u00e8s, d\u00e9plore le manque de retomb\u00e9es touristiques et commerciales g\u00e9n\u00e9r\u00e9es par l\u2019expo Pinault. Nonobstant son int\u00e9r\u00eat culturel, celle-ci attire surtout un public local et prend la place d\u2019\u00e9v\u00e9nements professionnels plus rentables pour l\u2019\u00e9quipement public. Elle engendre aussi des surco\u00fbts li\u00e9s \u00e0 la s\u00e9curit\u00e9. Le tout allant jusqu\u2019\u00e0 g\u00e9n\u00e9rer un manque \u00e0 gagner pour Destination Rennes de 550 000 \u20ac pour l\u2019ann\u00e9e 2023. L\u2019assurance des \u0153uvres est prise en charge par Pinault collection.<\/p>\n<p>Pour l\u2019heure, ni Rennes M\u00e9tropole ni les repr\u00e9sentants de Fran\u00e7ois Pinault n\u2019ont comment\u00e9 cette baisse. N\u00e9anmoins, si l\u2019int\u00e9r\u00eat des Rennais devait poursuivre son \u00e9rosion, la question du format de l\u2019expo finira par s\u2019imposer, au milliardaire fran\u00e7ais comme aux \u00e9lus.<\/p>\n","protected":false},"excerpt":{"rendered":"L\u2019exposition de la collection d\u2019art contemporain Pinault, pr\u00e9sent\u00e9e tous les deux ans pendant l\u2019\u00e9t\u00e9 au Centre des congr\u00e8s,&hellip;\n","protected":false},"author":2,"featured_media":574754,"comment_status":"","ping_status":"","sticky":false,"template":"","format":"standard","meta":{"footnotes":""},"categories":[2821],"tags":[1111,11,829,3173,1777,674,1011,27,848,12,584,25],"class_list":{"0":"post-574753","1":"post","2":"type-post","3":"status-publish","4":"format-standard","5":"has-post-thumbnail","7":"category-rennes","8":"tag-actu","9":"tag-actualites","10":"tag-bretagne","11":"tag-culture-a-rennes","12":"tag-eu","13":"tag-europe","14":"tag-fr","15":"tag-france","16":"tag-ille-et-vilaine","17":"tag-news","18":"tag-rennes","19":"tag-republique-francaise"},"share_on_mastodon":{"url":"https:\/\/pubeurope.com\/@fr\/115654192399520733","error":""},"_links":{"self":[{"href":"https:\/\/www.europesays.com\/fr\/wp-json\/wp\/v2\/posts\/574753","targetHints":{"allow":["GET"]}}],"collection":[{"href":"https:\/\/www.europesays.com\/fr\/wp-json\/wp\/v2\/posts"}],"about":[{"href":"https:\/\/www.europesays.com\/fr\/wp-json\/wp\/v2\/types\/post"}],"author":[{"embeddable":true,"href":"https:\/\/www.europesays.com\/fr\/wp-json\/wp\/v2\/users\/2"}],"replies":[{"embeddable":true,"href":"https:\/\/www.europesays.com\/fr\/wp-json\/wp\/v2\/comments?post=574753"}],"version-history":[{"count":0,"href":"https:\/\/www.europesays.com\/fr\/wp-json\/wp\/v2\/posts\/574753\/revisions"}],"wp:featuredmedia":[{"embeddable":true,"href":"https:\/\/www.europesays.com\/fr\/wp-json\/wp\/v2\/media\/574754"}],"wp:attachment":[{"href":"https:\/\/www.europesays.com\/fr\/wp-json\/wp\/v2\/media?parent=574753"}],"wp:term":[{"taxonomy":"category","embeddable":true,"href":"https:\/\/www.europesays.com\/fr\/wp-json\/wp\/v2\/categories?post=574753"},{"taxonomy":"post_tag","embeddable":true,"href":"https:\/\/www.europesays.com\/fr\/wp-json\/wp\/v2\/tags?post=574753"}],"curies":[{"name":"wp","href":"https:\/\/api.w.org\/{rel}","templated":true}]}}