{"id":574757,"date":"2025-12-03T06:22:21","date_gmt":"2025-12-03T06:22:21","guid":{"rendered":"https:\/\/www.europesays.com\/fr\/574757\/"},"modified":"2025-12-03T06:22:21","modified_gmt":"2025-12-03T06:22:21","slug":"mulhouse-et-strasbourg-hansel-et-gretel-un-conte-cruel-dune-brulante-actualite-a-lopera-national-du-rhin","status":"publish","type":"post","link":"https:\/\/www.europesays.com\/fr\/574757\/","title":{"rendered":"Mulhouse et Strasbourg. \u201cHansel et Gretel\u201d, un conte cruel d\u2019une br\u00fblante actualit\u00e9 \u00e0 l\u2019Op\u00e9ra national du Rhin"},"content":{"rendered":"<p>L\u2019op\u00e9ra d\u2019Engelbert Humperdinck (1854-1921) a \u00e9t\u00e9 cr\u00e9\u00e9 en 1893, d\u2019apr\u00e8s le c\u00e9l\u00e8bre (et cruel) conte des fr\u00e8res Grimm. Le livret est de la s\u0153ur du compositeur allemand, Adelheid Wette. La\u00a0reprise de cette cr\u00e9ation de Hansel et Gretel  par l\u2019Op\u00e9ra national du Rhin en 2020 est quasiment \u00e0 l\u2019identique, si ce n\u2019est qu\u2019il est d\u00e9sormais possible d\u2019avoir des enfants sur sc\u00e8ne, en l\u2019occurrence ceux de la Ma\u00eetrise de l\u2019ONR. Une partie du casting a chang\u00e9 et c\u2019est l\u2019orchestre national de Mulhouse, dirig\u00e9 par Christoph Koncz, qui officie.<\/p>\n<p>Parler de l\u2019enfance matrait\u00e9e<\/p>\n<p>Le public de l\u2019ONR a d\u00e9j\u00e0 pu voir de Pierre-Emmanuel Rousseau la mise en sc\u00e8ne du Barbier de S\u00e9ville en 2018. Le voil\u00e0 de retour avec l\u2019un des contes les plus terribles qui soit\u00a0: les parents n\u2019arrivent pas \u00e0 nourrir leurs deux enfants et les abandonnent dans une for\u00eat. Une sorci\u00e8re les attire et les engraisse dans le but de les d\u00e9vorer. En passant commande, l\u2019ONR lui a demand\u00e9&#8230;<\/p>\n","protected":false},"excerpt":{"rendered":"L\u2019op\u00e9ra d\u2019Engelbert Humperdinck (1854-1921) a \u00e9t\u00e9 cr\u00e9\u00e9 en 1893, d\u2019apr\u00e8s le c\u00e9l\u00e8bre (et cruel) conte des fr\u00e8res Grimm.&hellip;\n","protected":false},"author":2,"featured_media":574758,"comment_status":"","ping_status":"","sticky":false,"template":"","format":"standard","meta":{"footnotes":""},"categories":[2820],"tags":[1111,11,2389,1687,1777,674,107,1011,27,775,873,12,25,3140,640],"class_list":{"0":"post-574757","1":"post","2":"type-post","3":"status-publish","4":"format-standard","5":"has-post-thumbnail","7":"category-strasbourg","8":"tag-actu","9":"tag-actualites","10":"tag-alsace","11":"tag-culture-loisirs","12":"tag-eu","13":"tag-europe","14":"tag-fil-info","15":"tag-fr","16":"tag-france","17":"tag-grand-est","18":"tag-musique","19":"tag-news","20":"tag-republique-francaise","21":"tag-spectacle","22":"tag-strasbourg"},"share_on_mastodon":{"url":"https:\/\/pubeurope.com\/@fr\/115654200111784414","error":""},"_links":{"self":[{"href":"https:\/\/www.europesays.com\/fr\/wp-json\/wp\/v2\/posts\/574757","targetHints":{"allow":["GET"]}}],"collection":[{"href":"https:\/\/www.europesays.com\/fr\/wp-json\/wp\/v2\/posts"}],"about":[{"href":"https:\/\/www.europesays.com\/fr\/wp-json\/wp\/v2\/types\/post"}],"author":[{"embeddable":true,"href":"https:\/\/www.europesays.com\/fr\/wp-json\/wp\/v2\/users\/2"}],"replies":[{"embeddable":true,"href":"https:\/\/www.europesays.com\/fr\/wp-json\/wp\/v2\/comments?post=574757"}],"version-history":[{"count":0,"href":"https:\/\/www.europesays.com\/fr\/wp-json\/wp\/v2\/posts\/574757\/revisions"}],"wp:featuredmedia":[{"embeddable":true,"href":"https:\/\/www.europesays.com\/fr\/wp-json\/wp\/v2\/media\/574758"}],"wp:attachment":[{"href":"https:\/\/www.europesays.com\/fr\/wp-json\/wp\/v2\/media?parent=574757"}],"wp:term":[{"taxonomy":"category","embeddable":true,"href":"https:\/\/www.europesays.com\/fr\/wp-json\/wp\/v2\/categories?post=574757"},{"taxonomy":"post_tag","embeddable":true,"href":"https:\/\/www.europesays.com\/fr\/wp-json\/wp\/v2\/tags?post=574757"}],"curies":[{"name":"wp","href":"https:\/\/api.w.org\/{rel}","templated":true}]}}