{"id":574759,"date":"2025-12-03T06:23:12","date_gmt":"2025-12-03T06:23:12","guid":{"rendered":"https:\/\/www.europesays.com\/fr\/574759\/"},"modified":"2025-12-03T06:23:12","modified_gmt":"2025-12-03T06:23:12","slug":"easyjet-va-relier-une-nouvelle-ville-francaise-depuis-laeroport-de-strasbourg-voici-laquelle","status":"publish","type":"post","link":"https:\/\/www.europesays.com\/fr\/574759\/","title":{"rendered":"EasyJet va relier une nouvelle ville fran\u00e7aise depuis l&rsquo;a\u00e9roport de Strasbourg : voici laquelle"},"content":{"rendered":"<p>                    Par<br \/>\n        <strong><br \/>\n            <a href=\"https:\/\/actu.fr\/auteur\/ivan-capecchi\" title=\"Consulter tous les articles de Ivan CAPECCHI\" target=\"_blank\" rel=\"noopener\">Ivan CAPECCHI<\/a><br \/>\n                    <\/strong><\/p>\n<p>        Publi\u00e9 le<\/p>\n<p>            3 d\u00e9c. 2025 \u00e0 7h02        <\/p>\n<p>EasyJet ouvrira au printemps 2026 une <strong>nouvelle ligne directe entre Strasbourg et une autre ville fran\u00e7aise<\/strong>. La liaison sera inaugur\u00e9e le <strong>17 avril 2026<\/strong>, avec<strong> deux vols par semaine<\/strong>, op\u00e9r\u00e9s les <strong>lundis<\/strong> et <strong>vendredis<\/strong> jusqu\u2019\u00e0 la <strong>fin mai<\/strong>.<\/p>\n<p>Strasbourg \u2013 Nantes via easyJet en 2026<\/p>\n<p class=\" wall-content\">Dans un communiqu\u00e9 diffus\u00e9 mardi, <a href=\"https:\/\/actu.fr\/tag\/easy-jet\" target=\"_blank\" rel=\"noopener\">easyJet<\/a> annonce le lancement de trois\u00a0nouvelles lignes en France\u00a0pour 2026, <strong>dont Nantes \u2013 Strasbourg<\/strong>.<\/p>\n<p class=\" wall-content\"><strong>Les billets sont d\u00e9j\u00e0 disponibles<\/strong>.<\/p>\n<p>Deux autres ouvertures pour 2026<\/p>\n<p class=\" wall-content\">En parall\u00e8le, easyJet annonce deux autres ouvertures pour 2026 : <a href=\"https:\/\/actu.fr\/hauts-de-france\/lesquin_59343\/depuis-lille-easyjet-lance-une-toute-nouvelle-ligne-en-exclusivite-vers-cette-charmante-region-francaise_63517500.html\" target=\"_blank\" rel=\"noopener\">B\u00e2le-Mulhouse \u2013 Lille<\/a> (\u00e0 partir du 22 juin, les lundis et vendredis) et <a href=\"https:\/\/actu.fr\/nouvelle-aquitaine\/bordeaux_33063\/aeroport-de-bordeaux-easyjet-annonce-une-nouvelle-ligne-vers-une-destination-ensoleillee_63516734.html\" target=\"_blank\" rel=\"noopener\">Bordeaux \u2013 Palerme<\/a> (d\u00e8s le 27 juin, le samedi).<\/p>\n<p class=\" wall-content\">Personnalisez votre actualit\u00e9 en ajoutant vos villes et m\u00e9dias en favori avec <a href=\"https:\/\/moncompte.actu.fr\" title=\"D\u00e9couvez Mon Actu\" rel=\"nofollow noopener\" data-trk=\"{&quot;cta&quot;:{&quot;action&quot;:&quot;https:\\\/\\\/moncompte.actu.fr&quot;,&quot;category&quot;:&quot;mon compte&quot;,&quot;from&quot;:&quot;article footer&quot;,&quot;name&quot;:&quot;Mon actu&quot;,&quot;type&quot;:&quot;cta&quot;}}\" target=\"_blank\">Mon Actu<\/a>.<\/p>\n","protected":false},"excerpt":{"rendered":"Par Ivan CAPECCHI Publi\u00e9 le 3 d\u00e9c. 2025 \u00e0 7h02 EasyJet ouvrira au printemps 2026 une nouvelle ligne&hellip;\n","protected":false},"author":2,"featured_media":573138,"comment_status":"","ping_status":"","sticky":false,"template":"","format":"standard","meta":{"footnotes":""},"categories":[2820],"tags":[1111,11,12527,1777,674,1011,27,775,1652,12,25,640],"class_list":{"0":"post-574759","1":"post","2":"type-post","3":"status-publish","4":"format-standard","5":"has-post-thumbnail","7":"category-strasbourg","8":"tag-actu","9":"tag-actualites","10":"tag-easy-jet","11":"tag-eu","12":"tag-europe","13":"tag-fr","14":"tag-france","15":"tag-grand-est","16":"tag-loisirs-culture","17":"tag-news","18":"tag-republique-francaise","19":"tag-strasbourg"},"share_on_mastodon":{"url":"https:\/\/pubeurope.com\/@fr\/115654204114250200","error":""},"_links":{"self":[{"href":"https:\/\/www.europesays.com\/fr\/wp-json\/wp\/v2\/posts\/574759","targetHints":{"allow":["GET"]}}],"collection":[{"href":"https:\/\/www.europesays.com\/fr\/wp-json\/wp\/v2\/posts"}],"about":[{"href":"https:\/\/www.europesays.com\/fr\/wp-json\/wp\/v2\/types\/post"}],"author":[{"embeddable":true,"href":"https:\/\/www.europesays.com\/fr\/wp-json\/wp\/v2\/users\/2"}],"replies":[{"embeddable":true,"href":"https:\/\/www.europesays.com\/fr\/wp-json\/wp\/v2\/comments?post=574759"}],"version-history":[{"count":0,"href":"https:\/\/www.europesays.com\/fr\/wp-json\/wp\/v2\/posts\/574759\/revisions"}],"wp:featuredmedia":[{"embeddable":true,"href":"https:\/\/www.europesays.com\/fr\/wp-json\/wp\/v2\/media\/573138"}],"wp:attachment":[{"href":"https:\/\/www.europesays.com\/fr\/wp-json\/wp\/v2\/media?parent=574759"}],"wp:term":[{"taxonomy":"category","embeddable":true,"href":"https:\/\/www.europesays.com\/fr\/wp-json\/wp\/v2\/categories?post=574759"},{"taxonomy":"post_tag","embeddable":true,"href":"https:\/\/www.europesays.com\/fr\/wp-json\/wp\/v2\/tags?post=574759"}],"curies":[{"name":"wp","href":"https:\/\/api.w.org\/{rel}","templated":true}]}}