{"id":574764,"date":"2025-12-03T06:26:15","date_gmt":"2025-12-03T06:26:15","guid":{"rendered":"https:\/\/www.europesays.com\/fr\/574764\/"},"modified":"2025-12-03T06:26:15","modified_gmt":"2025-12-03T06:26:15","slug":"les-motards-se-deguisent-en-peres-noel-pour-les-restos-du-coeur","status":"publish","type":"post","link":"https:\/\/www.europesays.com\/fr\/574764\/","title":{"rendered":"les motards se d\u00e9guisent en P\u00e8res No\u00ebl pour les Restos du C\u0153ur"},"content":{"rendered":"<p>                    Par<br \/>\n        <strong><br \/>\n            <a href=\"https:\/\/actu.fr\/auteur\/laure-gentil\" title=\"Consulter tous les articles de Laure Gentil\" target=\"_blank\" rel=\"noopener\">Laure Gentil<\/a><br \/>\n                    <\/strong><\/p>\n<p>        Publi\u00e9 le<\/p>\n<p>            3 d\u00e9c. 2025 \u00e0 6h46        <\/p>\n<p>Les actions se succ\u00e8dent pour venir en aide aux Restos du C\u0153ur et aux enfants. <a href=\"https:\/\/actu.fr\/pays-de-la-loire\/nantes_44109\/noel-a-nantes-des-jouets-collectes-pour-les-restos-du-coeur-et-la-croix-rouge_63500006.html\" target=\"_blank\" rel=\"noopener\">Du 1\u1d49\u02b3 au 19\u00a0d\u00e9cembre 2025, le D\u00e9partement de Loire-Atlantique collecte des jouets neufs <\/a>pour les enfants en difficult\u00e9 \u00e0 No\u00ebl. Mais le D\u00e9partement n\u2019est pas le seul \u00e0 agir, l\u2019association <b>Les Motards de l\u2019Espoir<\/b> (LME 44) se joignent au mouvement avec un \u00e9v\u00e8nement sp\u00e9cial, <b>dimanche 7\u00a0d\u00e9cembre 2025.<\/b><\/p>\n<p>Un jouet neuf<\/p>\n<p class=\" wall-content\">De 12\u2009h \u00e0 14\u2009h\u200930, les motards, d\u00e9guis\u00e9s en P\u00e8re No\u00ebl, s\u2019arr\u00eateront sur le<b> parking du Leclerc Atout-Sud,<\/b> \u00e0 Rez\u00e9. Il est possible de participer \u00e0 l\u2019\u00e9lan de solidarit\u00e9 en apportant un jouet neuf qui sera remis, le soir m\u00eame, aux Restos du C\u0153ur \u00ab\u2009au b\u00e9n\u00e9fice des enfants qui n\u2019ont pas la chance d\u2019avoir de cadeaux \u00e0 No\u00ebl\u2009\u00bb, indique la municipalit\u00e9 de Rez\u00e9.<\/p>\n<p class=\" wall-content\">Personnalisez votre actualit\u00e9 en ajoutant vos villes et m\u00e9dias en favori avec <a href=\"https:\/\/moncompte.actu.fr\" title=\"D\u00e9couvez Mon Actu\" rel=\"nofollow noopener\" data-trk=\"{&quot;cta&quot;:{&quot;action&quot;:&quot;https:\\\/\\\/moncompte.actu.fr&quot;,&quot;category&quot;:&quot;mon compte&quot;,&quot;from&quot;:&quot;article footer&quot;,&quot;name&quot;:&quot;Mon actu&quot;,&quot;type&quot;:&quot;cta&quot;}}\" target=\"_blank\">Mon Actu<\/a>.<\/p>\n","protected":false},"excerpt":{"rendered":"Par Laure Gentil Publi\u00e9 le 3 d\u00e9c. 2025 \u00e0 6h46 Les actions se succ\u00e8dent pour venir en aide&hellip;\n","protected":false},"author":2,"featured_media":574765,"comment_status":"","ping_status":"","sticky":false,"template":"","format":"standard","meta":{"footnotes":""},"categories":[2818],"tags":[1111,11,1777,674,1011,27,766,12,15830,2636,25,15710,104,3400],"class_list":{"0":"post-574764","1":"post","2":"type-post","3":"status-publish","4":"format-standard","5":"has-post-thumbnail","7":"category-nantes","8":"tag-actu","9":"tag-actualites","10":"tag-eu","11":"tag-europe","12":"tag-fr","13":"tag-france","14":"tag-nantes","15":"tag-news","16":"tag-noel","17":"tag-pays-de-la-loire","18":"tag-republique-francaise","19":"tag-restos-du-coeur","20":"tag-societe","21":"tag-solidarite"},"share_on_mastodon":{"url":"https:\/\/pubeurope.com\/@fr\/115654216098234864","error":""},"_links":{"self":[{"href":"https:\/\/www.europesays.com\/fr\/wp-json\/wp\/v2\/posts\/574764","targetHints":{"allow":["GET"]}}],"collection":[{"href":"https:\/\/www.europesays.com\/fr\/wp-json\/wp\/v2\/posts"}],"about":[{"href":"https:\/\/www.europesays.com\/fr\/wp-json\/wp\/v2\/types\/post"}],"author":[{"embeddable":true,"href":"https:\/\/www.europesays.com\/fr\/wp-json\/wp\/v2\/users\/2"}],"replies":[{"embeddable":true,"href":"https:\/\/www.europesays.com\/fr\/wp-json\/wp\/v2\/comments?post=574764"}],"version-history":[{"count":0,"href":"https:\/\/www.europesays.com\/fr\/wp-json\/wp\/v2\/posts\/574764\/revisions"}],"wp:featuredmedia":[{"embeddable":true,"href":"https:\/\/www.europesays.com\/fr\/wp-json\/wp\/v2\/media\/574765"}],"wp:attachment":[{"href":"https:\/\/www.europesays.com\/fr\/wp-json\/wp\/v2\/media?parent=574764"}],"wp:term":[{"taxonomy":"category","embeddable":true,"href":"https:\/\/www.europesays.com\/fr\/wp-json\/wp\/v2\/categories?post=574764"},{"taxonomy":"post_tag","embeddable":true,"href":"https:\/\/www.europesays.com\/fr\/wp-json\/wp\/v2\/tags?post=574764"}],"curies":[{"name":"wp","href":"https:\/\/api.w.org\/{rel}","templated":true}]}}