{"id":574766,"date":"2025-12-03T06:27:11","date_gmt":"2025-12-03T06:27:11","guid":{"rendered":"https:\/\/www.europesays.com\/fr\/574766\/"},"modified":"2025-12-03T06:27:11","modified_gmt":"2025-12-03T06:27:11","slug":"81-logements-en-accession-a-nantes-loire-atlantique-atelier-ramdam-et-palast-pour-bati-nantes-et-iceo-nommes-a-lequerre-dargent-2025","status":"publish","type":"post","link":"https:\/\/www.europesays.com\/fr\/574766\/","title":{"rendered":"81 logements en accession \u00e0 Nantes (Loire-Atlantique), Atelier Ramdam et Palast pour Bati-Nantes et ICEO, nomm\u00e9s \u00e0 l&rsquo;\u00c9querre d&rsquo;argent 2025"},"content":{"rendered":"<p class=\"tagQuality etiquetteAbo\">Abonn\u00e9s\u00a0<img decoding=\"async\" src=\"data:image\/gif;base64,R0lGODdhAQABAPAAAMPDwwAAACwAAAAAAQABAAACAkQBADs=\" data-original=\"\/images\/logo-amc-abo-tag.png\" alt=\"AMC\"\/><\/p>\n<p>&#13;<br \/>\n\t<strong>L&rsquo;atelier Ramdam et Palast livrent 81 logements en structure bois et b\u00e9ton de chanvre au coeur de Nantes, sur le mail de la Caserne Mellinet. Novateur \u00e0 cette \u00e9chelle, le projet s&rsquo;appuie sur la pr\u00e9fabrication de 450 modules de b\u00e9ton de chanvre.<\/strong><\/p>\n<p>                                <a class=\"subscription is-borderBox is-marginTop-20\" href=\"https:\/\/www.abonnement.infopro-digital.com\/amc\/formule\/276\/CTA-ST-ART?utm_medium=CTA&amp;utm_source=acquisition&amp;utm_campaign=abo-amc&amp;src_format=site_texte&amp;src_site=[return_url]&amp;src_emplacement_site=page_article&amp;src_variant=a\" target=\"_blank\" rel=\"nofollow noopener\" data-xiti-name=\"essai_article_ferme_amc\" data-xiti-chapter1=\"essai-article-ferme\" data-xiti-type=\"exit\"> Pour lire l&rsquo;int\u00e9gralit\u00e9 de cet article, abonnez-vous \u00e0 AMC &#8211; \u00e9dition Abonn\u00e9<br \/>\n    <\/a><\/p>\n<p>    <a class=\"subscription__mobile is-borderBox is-marginTop-20\" href=\"https:\/\/www.abonnement.infopro-digital.com\/offre-decouverte-amc-15-jours\/inscription\/483\/2863\/CTA-ST-ART?utm_medium=CTA&amp;utm_source=acquisition&amp;utm_campaign=essai-amc&amp;src_format=site_texte&amp;src_site=[return_url]&amp;src_emplacement_site=page_article&amp;src_variant=a\" target=\"_blank\" rel=\"noopener\"><br \/>\n        Pour lire l\u2019int\u00e9gralit\u00e9 de cet article, tester gratuitement AMC &#8211; \u00e9dition Abonn\u00e9<br \/>\n    <\/a><\/p>\n<p class=\"diaporamaAnnonce jqDiaporamaAnnonce slideshowOff\">\n<p>                                                    lancer le diaporama<\/p>\n<p>                                    <a href=\"https:\/\/www.amc-archi.com\/photos\/de-bois-et-de-chanvre-81-logements-en-accession-a-nantes-loire-atlantique-par-atelier-ramdam-et-palast,95974\/81-logements-en-accession-a-n.2\" class=\"diaporamaNavigationSuivant slideshowOff\" target=\"_blank\" rel=\"noopener\"><br \/>\n                        <img decoding=\"async\" src=\"data:image\/gif;base64,R0lGODdhAQABAPAAAMPDwwAAACwAAAAAAQABAAACAkQBADs=\" data-original=\"\/images\/diaporama-navigation-suivant.png\" alt=\"suivant\"\/><br \/>\n                    <\/a><\/p>\n<p>                                                                                        81 logements en accession \u00e0 Nantes (Loire-Atlantique), Atelier Ramdam et Palast pour Bati-Nantes et ICEO, nomm\u00e9s \u00e0 l&rsquo;\u00c9querre d&rsquo;argent 2025<\/p>\n<p>                                                                                        &#8211;\u00a0\u00a9\u00a0Photographies : Javier Callejas<\/p>\n<p>                    photo n\u00b0 1\/8<\/p>\n<p>                    <a href=\"https:\/\/www.amc-archi.com\/mediatheque\/0\/2\/1\/000415120\/81-logements-accession-a-nantes.jpg\" class=\"jqPopin is-noMobile\" target=\"_blank\" rel=\"noopener\"><img decoding=\"async\" src=\"data:image\/gif;base64,R0lGODdhAQABAPAAAMPDwwAAACwAAAAAAQABAAACAkQBADs=\" data-original=\"\/images\/zoom-article.png\" class=\"pictoZoom\" alt=\"Zoom sur l'image\"\/><\/a><br \/>\n                    <img decoding=\"async\" class=\"imagePrincipale\" itemprop=\"primaryImageOfPage\" src=\"data:image\/gif;base64,R0lGODdhAQABAPAAAMPDwwAAACwAAAAAAQABAAACAkQBADs=\" data-original=\"\/mediatheque\/0\/2\/1\/000415120_large\/81-logements-accession-a-nantes.jpg\" alt=\"De bois et de chanvre : 81 logements en accession \u00e0 Nantes (Loire-Atlantique) par Atelier Ramdam et Palast\"\/><\/p>\n<blockquote class=\"articleLiesPagesGalerie\">\n<p class=\"titreArticleLiesPagesGalerie\">Articles Li\u00e9s<\/p>\n<\/blockquote>\n<p>                                                                                                                                                                                                                                                            \u00c0 Nantes, sur le mail de la Caserne Mellinet, l\u2019ensemble de 81 logements se distingue par sa structure bois et ses fa\u00e7ades en b\u00e9ton de chanvre, une premi\u00e8re \u00e0 cette \u00e9chelle. Le b\u00e2timent s\u2019inscrit dans la [\u2026]<\/p>\n<p class=\"titleType1 titleType1--withLogo\">\n        ABONNEZ-VOUS POUR ACC\u00c9DER AU CONTENU DE\u00a0<br \/>\n        <img decoding=\"async\" class=\"titleType1__logoIn\" src=\"data:image\/gif;base64,R0lGODdhAQABAPAAAMPDwwAAACwAAAAAAQABAAACAkQBADs=\" data-original=\"\/images\/logo-amc-abo-text.png\" alt=\"AMC\"\/>\n    <\/p>\n<p class=\"blocPaywall__titleCol\">Pas encore abonn\u00e9\u00a0?<\/p>\n<p>            <img decoding=\"async\" class=\"\" src=\"data:image\/gif;base64,R0lGODdhAQABAPAAAMPDwwAAACwAAAAAAQABAAACAkQBADs=\" data-original=\"\/images\/multi-support-abo.png\" alt=\"AMC magazine et sa version digitale\"\/><\/p>\n","protected":false},"excerpt":{"rendered":"Abonn\u00e9s\u00a0 &#13; L&rsquo;atelier Ramdam et Palast livrent 81 logements en structure bois et b\u00e9ton de chanvre au coeur&hellip;\n","protected":false},"author":2,"featured_media":574767,"comment_status":"","ping_status":"","sticky":false,"template":"","format":"standard","meta":{"footnotes":""},"categories":[2818],"tags":[68904,1111,11,4154,63034,1777,674,1011,27,10486,63035,766,12,2636,25,63033],"class_list":{"0":"post-574766","1":"post","2":"type-post","3":"status-publish","4":"format-standard","5":"has-post-thumbnail","7":"category-nantes","8":"tag-44-loire-atlantique","9":"tag-actu","10":"tag-actualites","11":"tag-bois","12":"tag-equerre-dargent-2025","13":"tag-eu","14":"tag-europe","15":"tag-fr","16":"tag-france","17":"tag-galerie","18":"tag-logement-collectif","19":"tag-nantes","20":"tag-news","21":"tag-pays-de-la-loire","22":"tag-republique-francaise","23":"tag-u00c9querre-dargent"},"share_on_mastodon":{"url":"https:\/\/pubeurope.com\/@fr\/115654220138965062","error":""},"_links":{"self":[{"href":"https:\/\/www.europesays.com\/fr\/wp-json\/wp\/v2\/posts\/574766","targetHints":{"allow":["GET"]}}],"collection":[{"href":"https:\/\/www.europesays.com\/fr\/wp-json\/wp\/v2\/posts"}],"about":[{"href":"https:\/\/www.europesays.com\/fr\/wp-json\/wp\/v2\/types\/post"}],"author":[{"embeddable":true,"href":"https:\/\/www.europesays.com\/fr\/wp-json\/wp\/v2\/users\/2"}],"replies":[{"embeddable":true,"href":"https:\/\/www.europesays.com\/fr\/wp-json\/wp\/v2\/comments?post=574766"}],"version-history":[{"count":0,"href":"https:\/\/www.europesays.com\/fr\/wp-json\/wp\/v2\/posts\/574766\/revisions"}],"wp:featuredmedia":[{"embeddable":true,"href":"https:\/\/www.europesays.com\/fr\/wp-json\/wp\/v2\/media\/574767"}],"wp:attachment":[{"href":"https:\/\/www.europesays.com\/fr\/wp-json\/wp\/v2\/media?parent=574766"}],"wp:term":[{"taxonomy":"category","embeddable":true,"href":"https:\/\/www.europesays.com\/fr\/wp-json\/wp\/v2\/categories?post=574766"},{"taxonomy":"post_tag","embeddable":true,"href":"https:\/\/www.europesays.com\/fr\/wp-json\/wp\/v2\/tags?post=574766"}],"curies":[{"name":"wp","href":"https:\/\/api.w.org\/{rel}","templated":true}]}}