{"id":574772,"date":"2025-12-03T06:30:20","date_gmt":"2025-12-03T06:30:20","guid":{"rendered":"https:\/\/www.europesays.com\/fr\/574772\/"},"modified":"2025-12-03T06:30:20","modified_gmt":"2025-12-03T06:30:20","slug":"des-ralentissements-sur-pres-de-9-kilometres-sur-la64-au-sud-de-toulouse-ce-mercredi","status":"publish","type":"post","link":"https:\/\/www.europesays.com\/fr\/574772\/","title":{"rendered":"Des ralentissements sur pr\u00e8s de 9 kilom\u00e8tres sur l&rsquo;A64, au Sud de Toulouse, ce mercredi"},"content":{"rendered":"<p><strong>Des ralentissements sont \u00e0 d\u00e9plorer sur plusieurs kilom\u00e8tres au Sud de Toulouse. Le r\u00e9tr\u00e9cissement des voies impacte la circulation sur l\u2019A64, en direction de la Ville rose. Suivez l\u2019\u00e9volution du trafic avec Le Journal Toulousain.<\/strong><\/p>\n<p><img fetchpriority=\"high\" decoding=\"async\" width=\"1200\" height=\"794\" src=\"https:\/\/www.europesays.com\/fr\/wp-content\/uploads\/2025\/12\/Depositphotos_103382730_XL.jpg\" alt=\"Des ralentissements sur pr\u00e8s de 9 kilom\u00e8tres sur l'A64, au Sud de Toulouse, ce mercredi\"  \/><\/p>\n<p>Des ralentissements sur pr\u00e8s de 9 kilom\u00e8tres sur l\u2019A64, au Sud de Toulouse, ce mercredi \u00a9 khongkitwiriyachan \/ Depositphotos<\/p>\n<p><strong>Au Sud de Toulouse : <\/strong>Les automobilistes doivent prendre leur mal en patience sur l\u2019A64, dans le sens Bayonne-Toulouse. La circulation est au ralenti, \u00e0 cause du r\u00e9tr\u00e9cissement des voies, sur 3 kilom\u00e8tres entre Muret et Roques et pr\u00e8s de 6 kilom\u00e8tres entre Portet-sur-Garonne et la Ville rose. Sur l\u2019A620, dans le sens int\u00e9rieur de Toulouse sud vers Toulouse nord, un bouchon s\u2019\u00e9tend sur 2 kilom\u00e8tres entre les quartiers Rangueil et Empalot. <\/p>\n<p><strong>A l\u2019Ouest de Toulouse : <\/strong>Bison Fut\u00e9 signale un embouteillage de 2 kilom\u00e8tres sur l\u2019A624, entre Colomiers et Toulouse. La circulation est tr\u00e8s lente \u00e9galement sur la route nationale 124, dans le sens Langon-Toulouse, entre Pibrac et Colomiers.<\/p>\n","protected":false},"excerpt":{"rendered":"Des ralentissements sont \u00e0 d\u00e9plorer sur plusieurs kilom\u00e8tres au Sud de Toulouse. Le r\u00e9tr\u00e9cissement des voies impacte la&hellip;\n","protected":false},"author":2,"featured_media":574773,"comment_status":"","ping_status":"","sticky":false,"template":"","format":"standard","meta":{"footnotes":""},"categories":[2816],"tags":[1111,11,56873,57353,68905,1777,674,1011,27,12,2680,25,2312],"class_list":{"0":"post-574772","1":"post","2":"type-post","3":"status-publish","4":"format-standard","5":"has-post-thumbnail","7":"category-toulouse","8":"tag-actu","9":"tag-actualites","10":"tag-au-sud-de-toulouse","11":"tag-ce-mercredi","12":"tag-des-ralentissements-sur-pru00e8s-de-9-kilomu00e8tres-sur-la64","13":"tag-eu","14":"tag-europe","15":"tag-fr","16":"tag-france","17":"tag-news","18":"tag-occitanie","19":"tag-republique-francaise","20":"tag-toulouse"},"share_on_mastodon":{"url":"https:\/\/pubeurope.com\/@fr\/115654232148430988","error":""},"_links":{"self":[{"href":"https:\/\/www.europesays.com\/fr\/wp-json\/wp\/v2\/posts\/574772","targetHints":{"allow":["GET"]}}],"collection":[{"href":"https:\/\/www.europesays.com\/fr\/wp-json\/wp\/v2\/posts"}],"about":[{"href":"https:\/\/www.europesays.com\/fr\/wp-json\/wp\/v2\/types\/post"}],"author":[{"embeddable":true,"href":"https:\/\/www.europesays.com\/fr\/wp-json\/wp\/v2\/users\/2"}],"replies":[{"embeddable":true,"href":"https:\/\/www.europesays.com\/fr\/wp-json\/wp\/v2\/comments?post=574772"}],"version-history":[{"count":0,"href":"https:\/\/www.europesays.com\/fr\/wp-json\/wp\/v2\/posts\/574772\/revisions"}],"wp:featuredmedia":[{"embeddable":true,"href":"https:\/\/www.europesays.com\/fr\/wp-json\/wp\/v2\/media\/574773"}],"wp:attachment":[{"href":"https:\/\/www.europesays.com\/fr\/wp-json\/wp\/v2\/media?parent=574772"}],"wp:term":[{"taxonomy":"category","embeddable":true,"href":"https:\/\/www.europesays.com\/fr\/wp-json\/wp\/v2\/categories?post=574772"},{"taxonomy":"post_tag","embeddable":true,"href":"https:\/\/www.europesays.com\/fr\/wp-json\/wp\/v2\/tags?post=574772"}],"curies":[{"name":"wp","href":"https:\/\/api.w.org\/{rel}","templated":true}]}}