{"id":574776,"date":"2025-12-03T06:32:09","date_gmt":"2025-12-03T06:32:09","guid":{"rendered":"https:\/\/www.europesays.com\/fr\/574776\/"},"modified":"2025-12-03T06:32:09","modified_gmt":"2025-12-03T06:32:09","slug":"15-postes-a-pouvoir-en-decembre","status":"publish","type":"post","link":"https:\/\/www.europesays.com\/fr\/574776\/","title":{"rendered":"15 postes \u00e0 pouvoir en d\u00e9cembre"},"content":{"rendered":"<p>                    Par<br \/>\n        <strong><br \/>\n            <a href=\"https:\/\/actu.fr\/auteur\/margot-nicodeme\" title=\"Consulter tous les articles de Margot Nicod\u00e8me\" target=\"_blank\" rel=\"noopener\">Margot Nicod\u00e8me<\/a><br \/>\n                    <\/strong><\/p>\n<p>        Publi\u00e9 le<\/p>\n<p>            3 d\u00e9c. 2025 \u00e0 6h30        <\/p>\n<p><b>La Ville de <a href=\"https:\/\/actu.fr\/hauts-de-france\/lille_59350\" target=\"_blank\" rel=\"noopener\">Lille<\/a><\/b> met tr\u00e8s r\u00e9guli\u00e8rement \u00e0 jour <b>ses offres d\u2019<a href=\"https:\/\/actu.fr\/tag\/emploi\" target=\"_blank\" rel=\"noopener\">emploi<\/a><\/b>, et de nouvelles opportunit\u00e9s se dessinent chaque mois. D\u00e9but d\u00e9cembre\u00a02025, une nouvelle vague de recrutements va s\u2019op\u00e9rer\u2009:<b> 15 postes <\/b>sont \u00e0 pouvoir, en<b> CDI, CDD<\/b>, dans le cadre d\u2019<b>insertion<\/b> ou de <b>stage<\/b>. Concierge en \u00e9quipement sportif, \u00e9ducateur pour jeunes enfants, infirmier en Ehpad, agent en restauration scolaire\u2026 Les secteurs professionnels sont tr\u00e8s divers.<\/p>\n<p>La Ville de Lille recrute sur 15 postes en ce mois de d\u00e9cembre\u00a02025<\/p>\n<p class=\" wall-content\"><b>Postes permanents\u2009:<\/b><\/p>\n<ul class=\" wall-content\">\n<li>Agent de surveillance de la voie publique \u2013 F\/H<\/li>\n<li>Contr\u00f4leur de gestion \u2013 F\/H<\/li>\n<li>Instructeur du droit des sols \u2013 F\/H<\/li>\n<li>Chef du service t\u00e9l\u00e9coms, infrastructure, r\u00e9seaux et supervision (TIRS) \u2013 F\/H<\/li>\n<li>Infirmier en Ehpad \u00e0 Hellemmes \u2013 F\/H<\/li>\n<li>Responsable adjoint du service \u00c9tudes et usages du SI \u2013 F\/H<\/li>\n<li>Juriste au sein de l\u2019unit\u00e9 D\u00e9ontologie et discipline \u2013 F\/H<\/li>\n<\/ul>\n<p class=\" wall-content\"><b>Postes temporaires (CDD)\u2009:<\/b><\/p>\n<ul class=\" wall-content\">\n<li>Charg\u00e9 d\u2019actions \u00e9ducatives\u00a0\u2013 F\/H<\/li>\n<li>R\u00e9f\u00e9rent seniors \u2013 F\/H<\/li>\n<li>Assistant projet \u2013 F\/H<\/li>\n<li>Concierge rempla\u00e7ant en \u00e9quipements sportifs \u2013 F\/H<\/li>\n<li>\u00c9ducateur de jeunes enfants \u2013 F\/H<\/li>\n<\/ul>\n<p class=\" wall-content\"><b>Insertion\u2009<\/b>:<\/p>\n<ul class=\" wall-content\">\n<li>Agent d\u2019entretien en restauration scolaire \u2013 F\/H<\/li>\n<\/ul>\n<p class=\" wall-content\"><b>Stages\u2009:<\/b><b\/><\/p>\n<ul class=\" wall-content\">\n<li>M\u00e9diateur scientifique \u2013 F\/H<br \/>Assistant chef de projet informatique \u2013 F\/H<\/li>\n<\/ul>\n<p class=\" wall-content\">Comme d\u2019habitude, pour candidater, c\u2019est sur <a href=\"https:\/\/www.lille.fr\/Actualites\/Lille-recrute-en-decembre\" target=\"_blank\" rel=\"noopener\">le site de la mairie<\/a> que \u00e7a se passe. Il suffit de cliquer sur l\u2019offre qui vous int\u00e9resse, puis sur \u00ab\u2009Postulez\u2009\u00bb en haut de la page, et enfin de t\u00e9l\u00e9charger votre CV. Un emploi au pied du sapin \u00e0 No\u00ebl\u2026 C\u2019est tout ce qu\u2019on vous souhaite\u2009!<\/p>\n<p class=\" wall-content\">Personnalisez votre actualit\u00e9 en ajoutant vos villes et m\u00e9dias en favori avec <a href=\"https:\/\/moncompte.actu.fr\" title=\"D\u00e9couvez Mon Actu\" rel=\"nofollow noopener\" data-trk=\"{&quot;cta&quot;:{&quot;action&quot;:&quot;https:\\\/\\\/moncompte.actu.fr&quot;,&quot;category&quot;:&quot;mon compte&quot;,&quot;from&quot;:&quot;article footer&quot;,&quot;name&quot;:&quot;Mon actu&quot;,&quot;type&quot;:&quot;cta&quot;}}\" target=\"_blank\">Mon Actu<\/a>.<\/p>\n","protected":false},"excerpt":{"rendered":"Par Margot Nicod\u00e8me Publi\u00e9 le 3 d\u00e9c. 2025 \u00e0 6h30 La Ville de Lille met tr\u00e8s r\u00e9guli\u00e8rement \u00e0&hellip;\n","protected":false},"author":2,"featured_media":574777,"comment_status":"","ping_status":"","sticky":false,"template":"","format":"standard","meta":{"footnotes":""},"categories":[2815],"tags":[1111,11,33,341,1777,674,1011,27,811,1307,12,25],"class_list":{"0":"post-574776","1":"post","2":"type-post","3":"status-publish","4":"format-standard","5":"has-post-thumbnail","7":"category-lille","8":"tag-actu","9":"tag-actualites","10":"tag-economie","11":"tag-emploi","12":"tag-eu","13":"tag-europe","14":"tag-fr","15":"tag-france","16":"tag-hauts-de-france","17":"tag-lille","18":"tag-news","19":"tag-republique-francaise"},"share_on_mastodon":{"url":"https:\/\/pubeurope.com\/@fr\/115654239459858225","error":""},"_links":{"self":[{"href":"https:\/\/www.europesays.com\/fr\/wp-json\/wp\/v2\/posts\/574776","targetHints":{"allow":["GET"]}}],"collection":[{"href":"https:\/\/www.europesays.com\/fr\/wp-json\/wp\/v2\/posts"}],"about":[{"href":"https:\/\/www.europesays.com\/fr\/wp-json\/wp\/v2\/types\/post"}],"author":[{"embeddable":true,"href":"https:\/\/www.europesays.com\/fr\/wp-json\/wp\/v2\/users\/2"}],"replies":[{"embeddable":true,"href":"https:\/\/www.europesays.com\/fr\/wp-json\/wp\/v2\/comments?post=574776"}],"version-history":[{"count":0,"href":"https:\/\/www.europesays.com\/fr\/wp-json\/wp\/v2\/posts\/574776\/revisions"}],"wp:featuredmedia":[{"embeddable":true,"href":"https:\/\/www.europesays.com\/fr\/wp-json\/wp\/v2\/media\/574777"}],"wp:attachment":[{"href":"https:\/\/www.europesays.com\/fr\/wp-json\/wp\/v2\/media?parent=574776"}],"wp:term":[{"taxonomy":"category","embeddable":true,"href":"https:\/\/www.europesays.com\/fr\/wp-json\/wp\/v2\/categories?post=574776"},{"taxonomy":"post_tag","embeddable":true,"href":"https:\/\/www.europesays.com\/fr\/wp-json\/wp\/v2\/tags?post=574776"}],"curies":[{"name":"wp","href":"https:\/\/api.w.org\/{rel}","templated":true}]}}