{"id":574780,"date":"2025-12-03T06:34:11","date_gmt":"2025-12-03T06:34:11","guid":{"rendered":"https:\/\/www.europesays.com\/fr\/574780\/"},"modified":"2025-12-03T06:34:11","modified_gmt":"2025-12-03T06:34:11","slug":"comment-les-urbanistes-se-triturent-la-cervelle","status":"publish","type":"post","link":"https:\/\/www.europesays.com\/fr\/574780\/","title":{"rendered":"comment les urbanistes se \u00ab\u00a0triturent la cervelle\u00a0\u00bb"},"content":{"rendered":"<p>Difficile, lorsqu\u2019on vit en ville notamment, de faire le lien entre le d\u00e9r\u00e8glement climatique et notre sant\u00e9. Compliqu\u00e9, surtout, de faire les gestes qui, du tri des d\u00e9chets au choix du v\u00e9lo, contribuent \u00e0 am\u00e9liorer la qualit\u00e9 de vie. \u00ab\u00a0On est une boule d\u2019hormones et descendre la poubelle jaune ne change pas nos \u00e9motions, souligne le docteur Richard Chemla, membre du r\u00e9seau Villes Sant\u00e9 et adjoint \u00e0 Nice. Et dans le Sud, on continue \u00e0 vouloir entrer dans la boulangerie avec son 4&#215;4 pour acheter deux croissants au beurre. Pourtant, un corps humain n\u2019est pas fait pour vivre \u00e0 50 degr\u00e9s et on a perdu notre \u00e9ducation \u00e0 la nature.<a href=\"https:\/\/www.laprovence.com\/article\/societe\/68007689114964\/un-bebe-d-un-mois-qui-vit-dans-les-moisissures-hospitalise-pour-insuffisance-respiratoire-a-marseille\" target=\"_blank\" rel=\"noopener\"> Les enfants<\/a> ne savent plus d\u2019o\u00f9 vient le vent. On ne plante pas des arbres pour supprimer tout le carbone produit par les hommes, mais aussi pour apaiser, r\u00e9duire le bruit, amener des esp\u00e8ces, de l\u2019ombre et de la fra\u00eecheur.\u00a0\u00bb<\/p>\n<p>\u00ab\u00a0Le fil rouge est de bien vivre\u00a0\u00bb<\/p>\n<p>Cette forme de grammaire environnementale, les <a href=\"https:\/\/www.laprovence.com\/article\/ecoplanete\/27746683491328\/vegetaliser-le-centre-ville-de-sisteron-avec-le-jardin-gallo-romain-vestige-preserve-et-mis-en-valeur\" target=\"_blank\" rel=\"noopener\">urbanistes <\/a>en ont pris conscience. <a href=\"https:\/\/www.laprovence.com\/article\/region\/3617823240860714\/marseille-rebelle-face-a-lhabitat-indigne-les-gens-ont-pris-conscience-de-leur-pouvoir-dagir\" target=\"_blank\" rel=\"noopener\">\u00c0 Marseille<\/a>, le drame de la rue d\u2019Aubagne, en\u00a02018, a conduit \u00e0 se pencher s\u00e9rieusement sur l\u2019habitat insalubre et \u00e0 r\u00e9nover en r\u00e9fl\u00e9chissant. \u00ab\u00a0On s\u2019est beaucoup tritur\u00e9s la cervelle avec les impacts sur la sant\u00e9\u00a0\u00bb, indique Joffre&#8230;<\/p>\n","protected":false},"excerpt":{"rendered":"Difficile, lorsqu\u2019on vit en ville notamment, de faire le lien entre le d\u00e9r\u00e8glement climatique et notre sant\u00e9. Compliqu\u00e9,&hellip;\n","protected":false},"author":2,"featured_media":574781,"comment_status":"","ping_status":"","sticky":false,"template":"","format":"standard","meta":{"footnotes":""},"categories":[2814],"tags":[17,1111,11,68908,1129,20,436,1777,674,1011,27,151,884,12,882,25,71,68907,68906],"class_list":{"0":"post-574780","1":"post","2":"type-post","3":"status-publish","4":"format-standard","5":"has-post-thumbnail","7":"category-marseille","8":"tag-17","9":"tag-actu","10":"tag-actualites","11":"tag-cervelle","12":"tag-climat","13":"tag-comment","14":"tag-environnement","15":"tag-eu","16":"tag-europe","17":"tag-fr","18":"tag-france","19":"tag-les","20":"tag-marseille","21":"tag-news","22":"tag-provence-alpes-cote-dazur","23":"tag-republique-francaise","24":"tag-sante","25":"tag-triturent","26":"tag-urbanistes"},"share_on_mastodon":{"url":"https:\/\/pubeurope.com\/@fr\/115654247299387322","error":""},"_links":{"self":[{"href":"https:\/\/www.europesays.com\/fr\/wp-json\/wp\/v2\/posts\/574780","targetHints":{"allow":["GET"]}}],"collection":[{"href":"https:\/\/www.europesays.com\/fr\/wp-json\/wp\/v2\/posts"}],"about":[{"href":"https:\/\/www.europesays.com\/fr\/wp-json\/wp\/v2\/types\/post"}],"author":[{"embeddable":true,"href":"https:\/\/www.europesays.com\/fr\/wp-json\/wp\/v2\/users\/2"}],"replies":[{"embeddable":true,"href":"https:\/\/www.europesays.com\/fr\/wp-json\/wp\/v2\/comments?post=574780"}],"version-history":[{"count":0,"href":"https:\/\/www.europesays.com\/fr\/wp-json\/wp\/v2\/posts\/574780\/revisions"}],"wp:featuredmedia":[{"embeddable":true,"href":"https:\/\/www.europesays.com\/fr\/wp-json\/wp\/v2\/media\/574781"}],"wp:attachment":[{"href":"https:\/\/www.europesays.com\/fr\/wp-json\/wp\/v2\/media?parent=574780"}],"wp:term":[{"taxonomy":"category","embeddable":true,"href":"https:\/\/www.europesays.com\/fr\/wp-json\/wp\/v2\/categories?post=574780"},{"taxonomy":"post_tag","embeddable":true,"href":"https:\/\/www.europesays.com\/fr\/wp-json\/wp\/v2\/tags?post=574780"}],"curies":[{"name":"wp","href":"https:\/\/api.w.org\/{rel}","templated":true}]}}