{"id":574782,"date":"2025-12-03T06:35:15","date_gmt":"2025-12-03T06:35:15","guid":{"rendered":"https:\/\/www.europesays.com\/fr\/574782\/"},"modified":"2025-12-03T06:35:15","modified_gmt":"2025-12-03T06:35:15","slug":"stand-up-le-poetry-club-arrive-a-marseille","status":"publish","type":"post","link":"https:\/\/www.europesays.com\/fr\/574782\/","title":{"rendered":"Stand-up : le Poetry club arrive \u00e0 Marseille !"},"content":{"rendered":"<p><img loading=\"lazy\" decoding=\"async\" alt=\"\u00a9 Fabrice G. - Apr\u00e8s Paris en 2024 et Bordeaux (cr\u00e9\u00e9 en septembre 2025), le poetry club s\u2019installe \u00e0 Marseille, \u00e0 La Fabulerie.\" data-zoom-src=\"https:\/\/www.europesays.com\/fr\/wp-content\/uploads\/2025\/12\/initial-poetry-club.jpg\" data-zoomable=\"\" height=\"702\" src=\"https:\/\/www.europesays.com\/fr\/wp-content\/uploads\/2025\/12\/initial-poetry-club.jpg\" width=\"1248\"\/>  <\/p>\n<p class=\"article-desc\">\u00a9 Fabrice G. &#8211; Apr\u00e8s Paris en 2024 et Bordeaux (cr\u00e9\u00e9 en septembre 2025), le poetry club s\u2019installe \u00e0 Marseille, \u00e0 La Fabulerie. <\/p>\n<p>Le <a href=\"https:\/\/lepoetryclub.com\/\" rel=\"noopener\" target=\"_blank\">Poetry Club<\/a> est n\u00e9 \u00e0 Paris il y a un an. Son ambition\u00a0? \u00ab\u00a0Attirer la po\u00e9sie vers le spectacle pour la faire d\u00e9couvrir au plus grand nombre, en proposant\u00a0des soir\u00e9es grand public, r\u00e9unissant des po\u00e9tesses et po\u00e8tes de la sc\u00e8ne contemporaine et des talents \u00e9mergents\u00a0\u00bb, explique la communication de l\u2019\u00e9v\u00e9nement.\u00a0 <\/p>\n<p>Le renouveau de la po\u00e9sie <\/p>\n<p><strong>Le slam n\u2019est sans doute pas \u00e9tranger au retour de la po\u00e9sie sur le devant la sc\u00e8ne<\/strong>. Les concours d\u2019\u00e9loquence non plus. C\u2019est dans ce contexte qu\u2019est n\u00e9 le Poetry Club. Fond\u00e9 par un collectif port\u00e9 par trois amis mordus de po\u00e9sie, Hadrien, Victorien et Simon, ce club d\u2019un nouveau genre s\u2019est fait conna\u00eetre \u00e0 la Ga\u00eet\u00e9 lyrique, dans le 3e arrondissement de Paris. <\/p>\n<p>Le principe\u00a0? Comme pour un comedy club, sur la sc\u00e8ne du Poetry Club se succ\u00e8dent entre 6 et 8 artistes. Chacun leur tour, ils d\u00e9clament leur texte, dans des styles tous bien diff\u00e9rents. <strong>Tous ont \u00e9t\u00e9 rep\u00e9r\u00e9s sur Tik Tok, Instagram ou dans le milieu de la chanson, ou de la com\u00e9die.<\/strong><\/p>\n<p> Qui sera sur la sc\u00e8ne du poetry club \u00e0 Marseille\u00a0? <\/p>\n<p>Forc\u00e9ment pour cette premi\u00e8re \u00e9dition marseillaise,<strong> la programmation locale mise sur des po\u00e8tes de la r\u00e9gion<\/strong>. Le Poetry Club a choisi la sc\u00e8ne de <a href=\"https:\/\/lafabulerie.com\/\" rel=\"noopener\" target=\"_blank\">La Fabulerie<\/a>, un tiers-lieu culturel marseillais de 600 m2, \u00e9galement tourn\u00e9 vers les enjeux num\u00e9riques. Il poss\u00e8de son caf\u00e9 et sa sc\u00e8ne proche du public. L<strong>a Fabulerie est un des tiers-lieux pionniers de la cit\u00e9 phoc\u00e9enne<\/strong>, puisqu\u2019il a \u00e9t\u00e9 cr\u00e9\u00e9 en 2010 sur le boulevard Garibaldi, dans l\u2019ancien h\u00f4tel Astoria, ouvert en 1899.<\/p>\n<p>La soir\u00e9e sera anim\u00e9e par deux personnalit\u00e9s locales, issues \u00ab\u00a0des mots et de la po\u00e9sie\u00a0\u00bb :<strong> Emma Cambier et Quentin L\u00e9man<\/strong>. Le line-up de rentr\u00e9e mettra \u00e0 l\u2019honneur\u00a0Hortense Raynal ; Sophie Andry ; Quentin L\u00e9man; Fritzi ; Crottins Verbaux et Myriam Loussif. Un nouveau rendez-vous marseillais \u00e0 retrouver une fois par mois \u00e0 La Fabulerie.\u00a0 <\/p>\n<p>Parmi les artistes qui sont d\u00e9j\u00e0 pass\u00e9s au Poetry Club \u00e0 Paris : Laura Cahen, Kiy\u00e9mis, Marion Fritsch, Malo la Fleur, Rim Battal, Lisette Lomb\u00e9, Selim-a Attalah Chettaoui, Arthur Navellou, Hadrien de @crottinverbaux ou encore Paul Joubert de @grossomodo. <strong>Tarif La Fabulerie Marseille : 5,99 \u20ac.<\/strong> <\/p>\n","protected":false},"excerpt":{"rendered":"\u00a9 Fabrice G. &#8211; Apr\u00e8s Paris en 2024 et Bordeaux (cr\u00e9\u00e9 en septembre 2025), le poetry club s\u2019installe&hellip;\n","protected":false},"author":2,"featured_media":574783,"comment_status":"","ping_status":"","sticky":false,"template":"","format":"standard","meta":{"footnotes":""},"categories":[2814],"tags":[1111,11,3734,1777,674,1011,27,708,884,12,68909,882,25,7492,4698],"class_list":{"0":"post-574782","1":"post","2":"type-post","3":"status-publish","4":"format-standard","5":"has-post-thumbnail","7":"category-marseille","8":"tag-actu","9":"tag-actualites","10":"tag-art","11":"tag-eu","12":"tag-europe","13":"tag-fr","14":"tag-france","15":"tag-humour","16":"tag-marseille","17":"tag-news","18":"tag-pou00e9sie","19":"tag-provence-alpes-cote-dazur","20":"tag-republique-francaise","21":"tag-stand-up","22":"tag-thu00e9u00e2tre"},"share_on_mastodon":{"url":"https:\/\/pubeurope.com\/@fr\/115654251904806357","error":""},"_links":{"self":[{"href":"https:\/\/www.europesays.com\/fr\/wp-json\/wp\/v2\/posts\/574782","targetHints":{"allow":["GET"]}}],"collection":[{"href":"https:\/\/www.europesays.com\/fr\/wp-json\/wp\/v2\/posts"}],"about":[{"href":"https:\/\/www.europesays.com\/fr\/wp-json\/wp\/v2\/types\/post"}],"author":[{"embeddable":true,"href":"https:\/\/www.europesays.com\/fr\/wp-json\/wp\/v2\/users\/2"}],"replies":[{"embeddable":true,"href":"https:\/\/www.europesays.com\/fr\/wp-json\/wp\/v2\/comments?post=574782"}],"version-history":[{"count":0,"href":"https:\/\/www.europesays.com\/fr\/wp-json\/wp\/v2\/posts\/574782\/revisions"}],"wp:featuredmedia":[{"embeddable":true,"href":"https:\/\/www.europesays.com\/fr\/wp-json\/wp\/v2\/media\/574783"}],"wp:attachment":[{"href":"https:\/\/www.europesays.com\/fr\/wp-json\/wp\/v2\/media?parent=574782"}],"wp:term":[{"taxonomy":"category","embeddable":true,"href":"https:\/\/www.europesays.com\/fr\/wp-json\/wp\/v2\/categories?post=574782"},{"taxonomy":"post_tag","embeddable":true,"href":"https:\/\/www.europesays.com\/fr\/wp-json\/wp\/v2\/tags?post=574782"}],"curies":[{"name":"wp","href":"https:\/\/api.w.org\/{rel}","templated":true}]}}