{"id":574784,"date":"2025-12-03T06:36:20","date_gmt":"2025-12-03T06:36:20","guid":{"rendered":"https:\/\/www.europesays.com\/fr\/574784\/"},"modified":"2025-12-03T06:36:20","modified_gmt":"2025-12-03T06:36:20","slug":"rhone-pourquoi-lyon-devient-la-capitale-du-transport-fluvial-et-de-la-logistique-multimodale-pendant-deux-jours","status":"publish","type":"post","link":"https:\/\/www.europesays.com\/fr\/574784\/","title":{"rendered":"Rh\u00f4ne. Pourquoi Lyon devient la capitale du transport fluvial et de la logistique multimodale pendant deux jours"},"content":{"rendered":"<p>Ces 3 et 4\u00a0d\u00e9cembre, le centre des Congr\u00e8s de Lyon accueille Riverdating, la principale convention d\u2019affaires fran\u00e7aise d\u00e9di\u00e9e au transport fluvial et multimodal.<\/p>\n<p>Organis\u00e9 tous les deux ans, l\u2019\u00e9v\u00e9nement r\u00e9unit environ 400 professionnels du secteur, parmi lesquels des chargeurs, des op\u00e9rateurs fluviaux, des ports int\u00e9rieurs, des entreprises logistiques et des bureaux d\u2019\u00e9tudes.<\/p>\n<p>D\u00e9velopper l&rsquo;usage du fleuve<\/p>\n<p>Selon Christophe Wendling, directeur Rh\u00f4ne-Sa\u00f4ne\u00a0des Voies navigables de France (VNF), ce rendez-vous n\u2019a qu\u2019une vocation\u00a0:&#8230;<\/p>\n","protected":false},"excerpt":{"rendered":"Ces 3 et 4\u00a0d\u00e9cembre, le centre des Congr\u00e8s de Lyon accueille Riverdating, la principale convention d\u2019affaires fran\u00e7aise d\u00e9di\u00e9e&hellip;\n","protected":false},"author":2,"featured_media":574785,"comment_status":"","ping_status":"","sticky":false,"template":"","format":"standard","meta":{"footnotes":""},"categories":[1889],"tags":[1111,11,2430,4749,33,2757,436,1777,674,107,1011,27,2428,2756,12,25,2429,104,2803],"class_list":{"0":"post-574784","1":"post","2":"type-post","3":"status-publish","4":"format-standard","5":"has-post-thumbnail","7":"category-lyon","8":"tag-actu","9":"tag-actualites","10":"tag-auvergne-rhone-alpes","11":"tag-btp-et-chantiers","12":"tag-economie","13":"tag-edition-lyon-villeurbanne","14":"tag-environnement","15":"tag-eu","16":"tag-europe","17":"tag-fil-info","18":"tag-fr","19":"tag-france","20":"tag-lyon","21":"tag-lyon-bassin","22":"tag-news","23":"tag-republique-francaise","24":"tag-rhone","25":"tag-societe","26":"tag-transport"},"share_on_mastodon":{"url":"https:\/\/pubeurope.com\/@fr\/115654255825665181","error":""},"_links":{"self":[{"href":"https:\/\/www.europesays.com\/fr\/wp-json\/wp\/v2\/posts\/574784","targetHints":{"allow":["GET"]}}],"collection":[{"href":"https:\/\/www.europesays.com\/fr\/wp-json\/wp\/v2\/posts"}],"about":[{"href":"https:\/\/www.europesays.com\/fr\/wp-json\/wp\/v2\/types\/post"}],"author":[{"embeddable":true,"href":"https:\/\/www.europesays.com\/fr\/wp-json\/wp\/v2\/users\/2"}],"replies":[{"embeddable":true,"href":"https:\/\/www.europesays.com\/fr\/wp-json\/wp\/v2\/comments?post=574784"}],"version-history":[{"count":0,"href":"https:\/\/www.europesays.com\/fr\/wp-json\/wp\/v2\/posts\/574784\/revisions"}],"wp:featuredmedia":[{"embeddable":true,"href":"https:\/\/www.europesays.com\/fr\/wp-json\/wp\/v2\/media\/574785"}],"wp:attachment":[{"href":"https:\/\/www.europesays.com\/fr\/wp-json\/wp\/v2\/media?parent=574784"}],"wp:term":[{"taxonomy":"category","embeddable":true,"href":"https:\/\/www.europesays.com\/fr\/wp-json\/wp\/v2\/categories?post=574784"},{"taxonomy":"post_tag","embeddable":true,"href":"https:\/\/www.europesays.com\/fr\/wp-json\/wp\/v2\/tags?post=574784"}],"curies":[{"name":"wp","href":"https:\/\/api.w.org\/{rel}","templated":true}]}}