{"id":574788,"date":"2025-12-03T06:39:16","date_gmt":"2025-12-03T06:39:16","guid":{"rendered":"https:\/\/www.europesays.com\/fr\/574788\/"},"modified":"2025-12-03T06:39:16","modified_gmt":"2025-12-03T06:39:16","slug":"val-doise-un-million-deuros-pour-les-communes-sinistrees-par-la-tornade","status":"publish","type":"post","link":"https:\/\/www.europesays.com\/fr\/574788\/","title":{"rendered":"Val-d\u2019Oise : un million d\u2019euros pour les communes sinistr\u00e9es par la tornade"},"content":{"rendered":"<p><img loading=\"lazy\" decoding=\"async\" alt=\"\u00a9 Pr\u00e9fecture 95 - Le D\u00e9partement du Val-d\u2019Oise soutiendra \u00e0 hauteur d'un million d\u2019euros les communes sinistr\u00e9es par la tornade d'octobre dernier.\" data-zoom-src=\"https:\/\/www.europesays.com\/fr\/wp-content\/uploads\/2025\/12\/initial-ermont-degats-tornade.jpg\" data-zoomable=\"\" height=\"702\" src=\"https:\/\/www.europesays.com\/fr\/wp-content\/uploads\/2025\/12\/initial-ermont-degats-tornade.jpg\" width=\"1248\"\/>  <\/p>\n<p class=\"article-desc\">\u00a9 Pr\u00e9fecture 95 &#8211; Le D\u00e9partement du Val-d\u2019Oise soutiendra \u00e0 hauteur d&rsquo;un million d\u2019euros les communes sinistr\u00e9es par la tornade d&rsquo;octobre dernier. <\/p>\n<p><strong>Un million d\u2019euros<\/strong> pour la reconstruction. Ce <strong>vendredi 28 novembre<\/strong>, les<strong> \u00e9lus d\u00e9partementaux du Val-d\u2019Oise r\u00e9unis en assembl\u00e9e <\/strong>ont d\u00e9bloqu\u00e9 une <strong>aide d\u2019urgence<\/strong> afin d\u2019accompagner les communes d\u00e9vast\u00e9es par la <strong>violente tornade du 20 octobre dernier<\/strong>. En <a href=\"https:\/\/mesinfos.fr\/95120-ermont\/tornade-a-ermont-le-medef-et-la-cpme-du-val-d-oise-proposent-leur-aide-232348.html\" rel=\"noopener\" target=\"_blank\">traversant le Val-d\u2019Oise<\/a>, la catastrophe naturelle a laiss\u00e9 derri\u00e8re elle de nombreuses communes sous le choc. Toitures arrach\u00e9es, menuiseries \u00e9ventr\u00e9es, cl\u00f4tures d\u00e9truites, arbres centenaires d\u00e9racin\u00e9s. Des \u00e9tablissements scolaires, des centres de loisirs et culturels, des parcs, des cimeti\u00e8res et des voiries ont \u00e9t\u00e9 touch\u00e9s. <\/p>\n<p>\u00ab\u00a0La tornade a profond\u00e9ment touch\u00e9 des enfants, des familles, des \u00e9lus et des agents municipaux dans nos communes. Je souhaite \u00e0 nouveau saluer la mobilisation et l\u2019engagement de ces agents [\u2026]. Mes pens\u00e9es vont \u00e9galement aux familles des victimes, dont l\u2019une d\u2019entre elles n\u2019a pas surv\u00e9cu\u00a0\u00bb, a d\u00e9clar\u00e9 <a href=\"https:\/\/mesinfos.fr\/ile-de-france\/val-d-oise-les-departements-sont-dans-une-situation-critique-219829.html\" rel=\"noopener\" target=\"_blank\">Marie-Christine Cavecchi<\/a>, pr\u00e9sidente du D\u00e9partement du Val-d\u2019Oise. <\/p>\n<p>Des \u00e9quipements publics \u00e0 reconstruire <\/p>\n<p>Cette aide exceptionnelle, inscrite dans le cadre du <a href=\"https:\/\/mesinfos.fr\/95450-longuesse\/longuesse-se-modernise-grace-au-fonds-val-d-oise-territoires-229026.html\" rel=\"noopener\" target=\"_blank\">Fonds Val-d\u2019Oise Territoires<\/a>, permettra de <strong>financer<\/strong> jusqu\u2019\u00e0 <strong>30% du co\u00fbt net<\/strong> restant \u00e0 charge des collectivit\u00e9s. Une <strong>avance de 50% du montant<\/strong> de la subvention pourra \u00eatre vers\u00e9e afin de <strong>faciliter les travaux les plus urgents.<\/strong><\/p>\n<p>\u00c9coles, gymnases, parcs, voiries ou encore mobilier urbain\u00a0: ces infrastructures feront partie des chantiers r\u00e9alisables dans le cadre de ce dispositif qui pourra aussi financer l\u2019\u00e9clairage ou la vid\u00e9osurveillance. \u00c0 <a href=\"https:\/\/mesinfos.fr\/95120-ermont\/tornade-meurtriere-dans-le-val-d-oise-un-ouvrier-tue-trois-grues-renversees-a-ermont-232300.html\" rel=\"noopener\" target=\"_blank\">Ermont<\/a><strong> et Margency<\/strong>, des toits d\u2019\u00e9coles ont \u00e9t\u00e9 arrach\u00e9s, \u00e0 <strong>Cormeilles-en-Parisis<\/strong>, le mur du cimeti\u00e8re s\u2019est effondr\u00e9, \u00e0 <strong>Eaubonne<\/strong>, le centre sportif a \u00e9t\u00e9 endommag\u00e9 et \u00e0 Andilly un ch\u00eane multi-centenaire a \u00e9t\u00e9 d\u00e9racin\u00e9. Au-del\u00e0 des d\u00e9g\u00e2ts, la tornade a r\u00e9v\u00e9l\u00e9 la vuln\u00e9rabilit\u00e9 des <strong>petites communes<\/strong>, souvent mal couvertes par les assurances. \u00ab\u00a0Beaucoup ont d\u00fb s\u2019auto-assurer ou renoncer, car les co\u00fbts \u00e9taient trop \u00e9lev\u00e9s\u00a0\u00bb, a rappel\u00e9 la pr\u00e9sidente du D\u00e9partement. <\/p>\n<p>\u00ab\u00a0Les communes ont besoin de moyens rapides\u00a0\u00bb <\/p>\n<p>Les \u00e9lus locaux insistent sur l\u2019urgence de la situation. \u00c0 Margency, les <strong>services municipaux<\/strong> ont d\u00fb <strong>intervenir en pleine p\u00e9riode de vacances scolaires<\/strong> pour <strong>b\u00e2cher les toits<\/strong> et permettre la rentr\u00e9e des enfants dans des conditions s\u00e9curis\u00e9es. \u00c0 <strong>Montmorency<\/strong>, les enfants d\u2019un institut m\u00e9dico-\u00e9ducatif ont \u00e9t\u00e9 relog\u00e9s en urgence apr\u00e8s que leur \u00e9tablissement a \u00e9t\u00e9 endommag\u00e9. \u00ab\u00a0Nous devons <strong>accompagner nos communes par solidarit\u00e9<\/strong> pour qu\u2019elles puissent se relever. \u00a0\u00bb conclut la pr\u00e9sidente du D\u00e9partement.<\/p>\n","protected":false},"excerpt":{"rendered":"\u00a9 Pr\u00e9fecture 95 &#8211; Le D\u00e9partement du Val-d\u2019Oise soutiendra \u00e0 hauteur d&rsquo;un million d\u2019euros les communes sinistr\u00e9es par&hellip;\n","protected":false},"author":2,"featured_media":574789,"comment_status":"","ping_status":"","sticky":false,"template":"","format":"standard","meta":{"footnotes":""},"categories":[1592],"tags":[1111,11,1129,1777,674,1011,27,662,12,626,25],"class_list":{"0":"post-574788","1":"post","2":"type-post","3":"status-publish","4":"format-standard","5":"has-post-thumbnail","7":"category-ile-de-france","8":"tag-actu","9":"tag-actualites","10":"tag-climat","11":"tag-eu","12":"tag-europe","13":"tag-fr","14":"tag-france","15":"tag-ile-de-france","16":"tag-news","17":"tag-paris","18":"tag-republique-francaise"},"share_on_mastodon":{"url":"https:\/\/pubeurope.com\/@fr\/115654267784833581","error":""},"_links":{"self":[{"href":"https:\/\/www.europesays.com\/fr\/wp-json\/wp\/v2\/posts\/574788","targetHints":{"allow":["GET"]}}],"collection":[{"href":"https:\/\/www.europesays.com\/fr\/wp-json\/wp\/v2\/posts"}],"about":[{"href":"https:\/\/www.europesays.com\/fr\/wp-json\/wp\/v2\/types\/post"}],"author":[{"embeddable":true,"href":"https:\/\/www.europesays.com\/fr\/wp-json\/wp\/v2\/users\/2"}],"replies":[{"embeddable":true,"href":"https:\/\/www.europesays.com\/fr\/wp-json\/wp\/v2\/comments?post=574788"}],"version-history":[{"count":0,"href":"https:\/\/www.europesays.com\/fr\/wp-json\/wp\/v2\/posts\/574788\/revisions"}],"wp:featuredmedia":[{"embeddable":true,"href":"https:\/\/www.europesays.com\/fr\/wp-json\/wp\/v2\/media\/574789"}],"wp:attachment":[{"href":"https:\/\/www.europesays.com\/fr\/wp-json\/wp\/v2\/media?parent=574788"}],"wp:term":[{"taxonomy":"category","embeddable":true,"href":"https:\/\/www.europesays.com\/fr\/wp-json\/wp\/v2\/categories?post=574788"},{"taxonomy":"post_tag","embeddable":true,"href":"https:\/\/www.europesays.com\/fr\/wp-json\/wp\/v2\/tags?post=574788"}],"curies":[{"name":"wp","href":"https:\/\/api.w.org\/{rel}","templated":true}]}}