{"id":574790,"date":"2025-12-03T06:40:18","date_gmt":"2025-12-03T06:40:18","guid":{"rendered":"https:\/\/www.europesays.com\/fr\/574790\/"},"modified":"2025-12-03T06:40:18","modified_gmt":"2025-12-03T06:40:18","slug":"les-recherches-pour-retrouver-lavion-vont-reprendre-fin-decembre","status":"publish","type":"post","link":"https:\/\/www.europesays.com\/fr\/574790\/","title":{"rendered":"les recherches pour retrouver l&rsquo;avion vont reprendre fin d\u00e9cembre"},"content":{"rendered":"\n<p class=\"c-chapo \">\n  Le Boeing 777, qui transportait 239 personnes, a disparu des \u00e9crans radar le 8 mars 2014. Il effectuait la liaison entre Kuala Lumpur et P\u00e9kin.\n<\/p>\n<p>      lire plus tard<\/p>\n<p id=\"dialog__title\" class=\"dialog__title\">Pour sauvegarder cet article, connectez-vous ou cr\u00e9ez un compte franceinfo<\/p>\n<p class=\"dialog__description\">Sans paiement. Sans abonnement.<\/p>\n<p>        Fermer la fen\u00eatre d\u2019activation des notifications France Info<\/p>\n<p>      cr\u00e9er votre compte<\/p>\n<p>      se connecter<\/p>\n<p>        Fermer la fen\u00eatre de pr\u00e9sentation<\/p>\n<p>    <img loading=\"lazy\" decoding=\"async\" class=\"signature__image lazyload\" width=\"100\" height=\"100\" data- alt=\"\" src=\"https:\/\/www.europesays.com\/fr\/wp-content\/uploads\/2025\/05\/64a68815cd1a7_placeholder-36b69ec8.png\"\/><\/p>\n<p>    Publi\u00e9 le 03\/12\/2025 06:41<\/p>\n<p>        Temps de lecture : 1min<\/p>\n<p>    <img decoding=\"async\"  alt=\"Une affiche d'hommage lors d'un \u00e9v\u00e9nement comm\u00e9morant les dix ans de la disparition du vol MH370 de Malaysia Airlines, le 3 mars 2024 \u00e0 Subang Jaya, en Malaisie. (ARIF KARTONO \/ AFP)\" width=\"432\" height=\"243\" src=\"https:\/\/www.europesays.com\/fr\/wp-content\/uploads\/2025\/12\/000-86wf39h-692fcccba4aee003304017.jpg\" fetchpriority=\"high\"\/><\/p>\n<p>      Une affiche d&rsquo;hommage lors d&rsquo;un \u00e9v\u00e9nement comm\u00e9morant les dix ans de la disparition du vol MH370 de Malaysia Airlines, le 3 mars 2024 \u00e0 Subang Jaya, en Malaisie. (ARIF KARTONO \/ AFP)<\/p>\n<p>Les recherches <a href=\"https:\/\/www.franceinfo.fr\/replay-jt\/franceinfo\/21h-minuit\/23-heures\/vol-mh370-une-disparition-toujours-inexpliquee_7097352.html\" target=\"_blank\" rel=\"noopener\">du vol MH370 de Malaysia Airlines<\/a> reprendront le 30 d\u00e9cembre, a annonc\u00e9 mercredi 3 d\u00e9cembre le minist\u00e8re malaisien des Transports, plus de onze ans apr\u00e8s la disparition de l&rsquo;avion qui devait relier Kuala Lumpur \u00e0 P\u00e9kin. La soci\u00e9t\u00e9 britannique d&rsquo;exploration maritime Ocean Infinity m\u00e8nera les recherches \u00ab\u00a0dans une zone cibl\u00e9e jug\u00e9e comme pr\u00e9sentant la plus forte probabilit\u00e9 de localisation de l&rsquo;avion\u00a0\u00bb, a pr\u00e9cis\u00e9 le minist\u00e8re.<\/p>\n<p>Le Boeing 777, qui transportait 239 personnes, a disparu des \u00e9crans radar le 8 mars 2014, alors qu&rsquo;il effectuait la liaison entre Kuala Lumpur et P\u00e9kin. Malgr\u00e9 les recherches entreprises dans l&rsquo;oc\u00e9an Indien apr\u00e8s la catastrophe, consid\u00e9r\u00e9e comme l&rsquo;une des plus importantes de l&rsquo;histoire de l&rsquo;aviation, l&rsquo;appareil n&rsquo;a jamais \u00e9t\u00e9 retrouv\u00e9.<\/p>\n<p>Ocean Infinity avait d\u00e9j\u00e0 tent\u00e9 de retrouver l&rsquo;avion en 2018, sans succ\u00e8s, avant d&rsquo;accepter de r\u00e9essayer cette ann\u00e9e. Les recherches avaient \u00e9t\u00e9 interrompues en avril en raison des conditions m\u00e9t\u00e9o. Auparavant, <a href=\"https:\/\/www.franceinfo.fr\/monde\/asie\/boeing-disparu\/vol-mh370-ou-en-sont-les-recherches-dix-ans-apres-la-disparition-de-l-avion-de-la-malaysia-airlines_6409480.html\" target=\"_blank\" rel=\"noopener\">des recherches infructueuses<\/a> avaient \u00e9t\u00e9 dirig\u00e9es par l&rsquo;Australie pendant trois ans, jusqu&rsquo;en janvier 2017. La disparition du Boeing a longtemps fait l&rsquo;objet de nombreuses th\u00e9ories. Un rapport rendu public par la Malaisie en 2018 a mis en exergue les d\u00e9faillances du contr\u00f4le a\u00e9rien et relev\u00e9 que la trajectoire de l&rsquo;avion avait \u00e9t\u00e9 modifi\u00e9e manuellement, mais n&rsquo;a abouti \u00e0 aucune conclusion d\u00e9finitive.<\/p>\n","protected":false},"excerpt":{"rendered":"Le Boeing 777, qui transportait 239 personnes, a disparu des \u00e9crans radar le 8 mars 2014. Il effectuait&hellip;\n","protected":false},"author":2,"featured_media":574791,"comment_status":"","ping_status":"","sticky":false,"template":"","format":"standard","meta":{"footnotes":""},"categories":[1888],"tags":[1111,1928,11,1927,1777,674,1011,27,12,1926,626,1925,25],"class_list":{"0":"post-574790","1":"post","2":"type-post","3":"status-publish","4":"format-standard","5":"has-post-thumbnail","7":"category-paris","8":"tag-actu","9":"tag-actu-paris","10":"tag-actualites","11":"tag-actualites-paris","12":"tag-eu","13":"tag-europe","14":"tag-fr","15":"tag-france","16":"tag-news","17":"tag-news-paris","18":"tag-paris","19":"tag-paris-news","20":"tag-republique-francaise"},"share_on_mastodon":{"url":"https:\/\/pubeurope.com\/@fr\/115654271209736102","error":""},"_links":{"self":[{"href":"https:\/\/www.europesays.com\/fr\/wp-json\/wp\/v2\/posts\/574790","targetHints":{"allow":["GET"]}}],"collection":[{"href":"https:\/\/www.europesays.com\/fr\/wp-json\/wp\/v2\/posts"}],"about":[{"href":"https:\/\/www.europesays.com\/fr\/wp-json\/wp\/v2\/types\/post"}],"author":[{"embeddable":true,"href":"https:\/\/www.europesays.com\/fr\/wp-json\/wp\/v2\/users\/2"}],"replies":[{"embeddable":true,"href":"https:\/\/www.europesays.com\/fr\/wp-json\/wp\/v2\/comments?post=574790"}],"version-history":[{"count":0,"href":"https:\/\/www.europesays.com\/fr\/wp-json\/wp\/v2\/posts\/574790\/revisions"}],"wp:featuredmedia":[{"embeddable":true,"href":"https:\/\/www.europesays.com\/fr\/wp-json\/wp\/v2\/media\/574791"}],"wp:attachment":[{"href":"https:\/\/www.europesays.com\/fr\/wp-json\/wp\/v2\/media?parent=574790"}],"wp:term":[{"taxonomy":"category","embeddable":true,"href":"https:\/\/www.europesays.com\/fr\/wp-json\/wp\/v2\/categories?post=574790"},{"taxonomy":"post_tag","embeddable":true,"href":"https:\/\/www.europesays.com\/fr\/wp-json\/wp\/v2\/tags?post=574790"}],"curies":[{"name":"wp","href":"https:\/\/api.w.org\/{rel}","templated":true}]}}