{"id":574798,"date":"2025-12-03T06:44:13","date_gmt":"2025-12-03T06:44:13","guid":{"rendered":"https:\/\/www.europesays.com\/fr\/574798\/"},"modified":"2025-12-03T06:44:13","modified_gmt":"2025-12-03T06:44:13","slug":"la-russie-pourrait-elle-vraiment-attaquer-lotan-en-2029","status":"publish","type":"post","link":"https:\/\/www.europesays.com\/fr\/574798\/","title":{"rendered":"La Russie pourrait-elle vraiment attaquer l&rsquo;OTAN en 2029\u00a0?"},"content":{"rendered":"<p>Avec <a href=\"https:\/\/fr.euronews.com\/tag\/conflit-russie-ukraine\" target=\"_blank\" rel=\"noopener\">l&rsquo;invasion<\/a> \u00e0 grande \u00e9chelle de l&rsquo;Ukraine par la Russie, la pression s&rsquo;accro\u00eet sur l&rsquo;Allemagne pour qu&rsquo;elle remette \u00e0 niveau son industrie de d\u00e9fense rouill\u00e9e. Des mots comme \u00ab\u00a0aptitude \u00e0 la guerre\u00a0\u00bb ont entre-temps \u00e9t\u00e9 prononc\u00e9s \u00e0 plusieurs reprises, ainsi que l&rsquo;exigence que la \u00ab\u00a0Bundeswehr devienne l&rsquo;arm\u00e9e la plus puissante d&rsquo;Europe sur le plan conventionnel\u00a0\u00bb.<\/p>\n<p>Il y a quelques ann\u00e9es, cela \u00e9tait encore impensable.<\/p>\n<p>Les exigences maximales de la Russie dans sa guerre d&rsquo;agression contre l&rsquo;Ukraine et le retrait des Am\u00e9ricains de l&rsquo;OTAN qui se dessine lentement sont un rappel \u00e0 l&rsquo;ordre qui sonne \u00e9ternellement pour les Europ\u00e9ens, qui se voient de plus en plus contraints de s&rsquo;occuper eux-m\u00eames de leur s\u00e9curit\u00e9.<\/p>\n<p>Afin de devenir le plus rapidement possible apte \u00e0 la d\u00e9fense &#8211; et donc \u00e0 la guerre -, le budget du gouvernement f\u00e9d\u00e9ral pr\u00e9voit une augmentation du <a href=\"https:\/\/fr.euronews.com\/business\/2025\/12\/02\/defense-en-europe-quels-pays-depensent-le-plus\" target=\"_blank\" rel=\"noopener\">budget de la d\u00e9fense<\/a> \u00e0 pr\u00e8s de 153 milliards d&rsquo;euros d&rsquo;ici 2029.<\/p>\n<p>Le chiffre de 2029 est souvent pris comme point de rep\u00e8re. D&rsquo;ici l\u00e0, les d\u00e9penses de d\u00e9fense doivent augmenter pour atteindre environ 3,5 pour cent du produit int\u00e9rieur brut (PIB) et la Bundeswehr doit devenir \u00ab\u00a0apte \u00e0 la guerre\u00a0\u00bb, car selon ce calendrier, une \u00e9ventuelle attaque russe sur le territoire de l&rsquo;OTAN pourrait \u00e9galement avoir lieu cette ann\u00e9e.<\/p>\n<p>Lors de la Conf\u00e9rence sur la s\u00e9curit\u00e9 de Munich fin novembre, l&rsquo;inspecteur g\u00e9n\u00e9ral de la Bundeswehr, Carsten Breuer, <a href=\"https:\/\/x.com\/MunSecConf\/status\/1995143169244352954?s=20\" target=\"_blank\" rel=\"noreferrer\">a expliqu\u00e9<\/a> que \u00ab\u00a0personne n&rsquo;a simplement imagin\u00e9 cette ann\u00e9e\u00a0\u00bb, mais qu&rsquo;elle repose sur des \u00ab\u00a0analyses propres\u00a0\u00bb. <strong>\u00ab\u00a0Cela ne signifie pas\u00a0\u00bb, a compl\u00e9t\u00e9 Breuer, \u00ab\u00a0que la Russie attaquera alors, mais qu&rsquo;elle en sera capable\u00a0\u00bb.<\/strong><\/p>\n<p>2029 : l&rsquo;ann\u00e9e o\u00f9 il pourrait se passer beaucoup de choses<\/p>\n<p>L&rsquo;avertissement selon lequel une attaque russe est possible en 2029 se base sur une analyse de l&rsquo;OTAN datant de 2023, le \u00ab\u00a0Joint Threat Assessment\u00a0\u00bb.<\/p>\n<p>Il y est dit que la Russie pourrait \u00eatre en mesure de mener une guerre \u00e0 grande \u00e9chelle d&rsquo;ici trois \u00e0 cinq ans.<\/p>\n<p>Selon une <a href=\"https:\/\/www.tagesschau.de\/investigativ\/wdr\/russland-nato-militaer-100.html\" target=\"_blank\" rel=\"noreferrer noopener\">enqu\u00eate de la cha\u00eene de t\u00e9l\u00e9vision allemande WDR<\/a>, cette \u00e9valuation a \u00e9t\u00e9 r\u00e9alis\u00e9e \u00e0 l&rsquo;aide de satellites de reconnaissance qui ont permis de recenser les activit\u00e9s que la Russie d\u00e9ploie actuellement, notamment les volumes de production et les strat\u00e9gies de recrutement. Cette \u00e9valuation s&rsquo;est bas\u00e9e exclusivement sur des informations fournies par les services de renseignement.<\/p>\n<p>Cette \u00e9valuation a conclu en 2023 que la Russie serait en mesure dans cinq ans &#8211; c&rsquo;est-\u00e0-dire d&rsquo;ici 2028 &#8211; de mettre sur pied une arm\u00e9e de 1,5 million de soldats, y compris l&rsquo;\u00e9quipement n\u00e9cessaire, et de mener ainsi une telle attaque, a expliqu\u00e9 l&rsquo;expert en s\u00e9curit\u00e9, le professeur Carlo Masala, dans le podcast de Paul Ronzheimer.<\/p>\n<p>\u00ab\u00a0En 2024, le ministre de la D\u00e9fense <a href=\"https:\/\/fr.euronews.com\/tag\/boris-pistorius\" target=\"_blank\" rel=\"noopener\">Boris Pistorius <\/a>et l&rsquo;inspecteur g\u00e9n\u00e9ral de la Bundeswehr, Carsten Breuer, ont rendu public ce Joint Threat Assessment\u00a0\u00bb, ajoute-t-il, ajoutant son appr\u00e9ciation selon laquelle on n&rsquo;aurait apparemment pas voulu effrayer la population \u00ab\u00a0en parlant directement de 2028 en 2024\u00a0\u00bb.<\/p>\n<p>\u00ab\u00a0Apte \u00e0 la guerre\u00a0\u00bb jusqu&rsquo;en 2029<\/p>\n<p>Tant l&rsquo;arm\u00e9e allemande que le service f\u00e9d\u00e9ral de renseignement (BND) ont rapidement compris qu&rsquo;une analyse plus ancienne avait \u00e9t\u00e9 utilis\u00e9e. Mais aucune correction n&rsquo;a \u00e9t\u00e9 apport\u00e9e. Selon la WDR, il a \u00e9t\u00e9 dit en interne au minist\u00e8re de la D\u00e9fense de \u00ab\u00a0formuler l&rsquo;affirmation plus prudemment\u00a0\u00bb \u00e0 l&rsquo;avenir et d&rsquo;utiliser \u00e0 la place l&rsquo;expression plus g\u00e9n\u00e9rale \u00ab\u00a0jusqu&rsquo;\u00e0 la fin de la d\u00e9cennie\u00a0\u00bb.<\/p>\n<p>Presque plus d&rsquo;\u00e9changes entre l&rsquo;Allemagne et les Etats-Unis<\/p>\n<p>Les \u00c9tats-Unis disposent de la plus grande arm\u00e9e du monde. Cela est d\u00fb en premier lieu aux budgets \u00e9normes, \u00e0 la technologie avanc\u00e9e et \u00e0 la taille de la marine et de l&rsquo;arm\u00e9e de l&rsquo;air. D&rsquo;autres pays ont certes plus de soldats, mais ils sont d\u00e9pass\u00e9s par l&rsquo;influence mondiale des \u00c9tats-Unis et leurs d\u00e9penses \u00e9lev\u00e9es en mati\u00e8re de d\u00e9fense.<\/p>\n<p>Jusqu&rsquo;\u00e0 pr\u00e9sent, l&rsquo;Allemagne s&rsquo;est appuy\u00e9e sur l&rsquo;amiti\u00e9 transatlantique et l&rsquo;ordre mondial qui pr\u00e9valaient jusqu&rsquo;\u00e0 pr\u00e9sent. L&rsquo;inspecteur de l&rsquo;arm\u00e9e de terre, le Dr Christian Freuding, a d\u00e9clar\u00e9 dans une <a href=\"https:\/\/www.theatlantic.com\/magazine\/2026\/01\/german-militarism-european-security\/684951\/\" target=\"_blank\" rel=\"noreferrer noopener\">interview<\/a> \u00e0 l&rsquo;Atlantic qu&rsquo;il pouvait auparavant joindre les responsables am\u00e9ricains de la d\u00e9fense \u00ab\u00a0jour et nuit\u00a0\u00bb, mais qu&rsquo;entre-temps, les \u00e9changes \u00e9taient \u00ab\u00a0interrompus\u00a0\u00bb.<\/p>\n<p>Pour comprendre les positions am\u00e9ricaines, Freuding se fie d\u00e9sormais \u00e0 l&rsquo;ambassade allemande \u00e0 Washington, \u00ab\u00a0o\u00f9 quelqu&rsquo;un essaie de trouver quelqu&rsquo;un au Pentagone\u00a0\u00bb.<\/p>\n<p>Du point de vue des experts allemands en mati\u00e8re de s\u00e9curit\u00e9 de la Bundeswehr, la baisse du soutien des Etats-Unis intervient au plus mauvais moment : alors qu&rsquo;ils doivent suivre quotidiennement les mouvements de troupes russes et \u00e9valuer si Poutine pourrait oser attaquer un pays de l&rsquo;OTAN avant la fin de la d\u00e9cennie, la question de savoir si un pr\u00e9sident am\u00e9ricain d\u00e9fendrait l&rsquo;Europe se pose en m\u00eame temps.<\/p>\n<p>Ce n&rsquo;est que r\u00e9cemment que l&rsquo;ambassadeur am\u00e9ricain aupr\u00e8s de l&rsquo;Alliance a d\u00e9clar\u00e9 qu&rsquo;il souhaitait \u00e0 l&rsquo;avenir que l&rsquo;Allemagne reprenne le r\u00f4le de leader des Etats-Unis au sein de l&rsquo;OTAN. Les experts y voient de nouveaux signes que les Etats-Unis pourraient se retirer de l&rsquo;OTAN \u00e0 long terme.<\/p>\n<p>R\u00e9armement : personnel et mat\u00e9riel<\/p>\n<p>Pour dissuader une \u00e9ventuelle attaque russe sur le territoire de l&rsquo;OTAN, la Bundeswehr doit donc devenir \u00ab\u00a0apte \u00e0 la guerre\u00a0\u00bb d&rsquo;ici 2029. Cela signifie que les troupes doivent \u00eatre consid\u00e9rablement renforc\u00e9es et modernis\u00e9es, tant en termes de personnel que de mat\u00e9riel.<\/p>\n<p>Actuellement, la Bundeswehr dispose d&rsquo;environ 181 000 \u00e0 182 000 soldats actifs, officiellement, elle devrait passer \u00e0 environ 203 000.<\/p>\n<p>Pour y parvenir, le gouvernement du chancelier Friedrich Merz (CDU) a r\u00e9tabli le service militaire volontaire. Les jeunes hommes et femmes n\u00e9s en 2008 ou apr\u00e8s re\u00e7oivent un courrier de la Bundeswehr les invitant \u00e0 se pr\u00e9senter au recrutement. Seuls les hommes sont toutefois tenus de r\u00e9pondre.<\/p>\n<p>Le <a href=\"https:\/\/de.euronews.com\/2025\/08\/27\/freiwilligkeit-statt-pflicht-bundeskabinett-beschliesst-neuen-wehrdienst\" target=\"_blank\" rel=\"noopener\">service militaire<\/a> reste certes volontaire dans un premier temps, mais des objectifs clairs ont \u00e9t\u00e9 d\u00e9finis pour l&rsquo;augmentation des effectifs de la Bundeswehr. Si ces chiffres ne sont pas atteints, le Bundestag peut d\u00e9cider d&rsquo;une obligation de d\u00e9fense en fonction des besoins.<\/p>\n<p>Le service doit \u00eatre revaloris\u00e9 par des offres de formation attrayantes, une r\u00e9mun\u00e9ration plus \u00e9lev\u00e9e et des techniques modernes, comme la formation aux drones, afin d&rsquo;attirer des recrues volontaires.<\/p>\n","protected":false},"excerpt":{"rendered":"Avec l&rsquo;invasion \u00e0 grande \u00e9chelle de l&rsquo;Ukraine par la Russie, la pression s&rsquo;accro\u00eet sur l&rsquo;Allemagne pour qu&rsquo;elle remette&hellip;\n","protected":false},"author":2,"featured_media":574799,"comment_status":"","ping_status":"","sticky":false,"template":"","format":"standard","meta":{"footnotes":""},"categories":[1591],"tags":[11,31467,8164,1887,3482,12,136,1885,1886,132],"class_list":{"0":"post-574798","1":"post","2":"type-post","3":"status-publish","4":"format-standard","5":"has-post-thumbnail","7":"category-russie","8":"tag-actualites","9":"tag-armee-allemande","10":"tag-boris-pistorius","11":"tag-federation-de-russie","12":"tag-guerre-russie-ukraine","13":"tag-news","14":"tag-otan","15":"tag-russia","16":"tag-russian-federation","17":"tag-russie"},"share_on_mastodon":{"url":"https:\/\/pubeurope.com\/@fr\/115654286668315652","error":""},"_links":{"self":[{"href":"https:\/\/www.europesays.com\/fr\/wp-json\/wp\/v2\/posts\/574798","targetHints":{"allow":["GET"]}}],"collection":[{"href":"https:\/\/www.europesays.com\/fr\/wp-json\/wp\/v2\/posts"}],"about":[{"href":"https:\/\/www.europesays.com\/fr\/wp-json\/wp\/v2\/types\/post"}],"author":[{"embeddable":true,"href":"https:\/\/www.europesays.com\/fr\/wp-json\/wp\/v2\/users\/2"}],"replies":[{"embeddable":true,"href":"https:\/\/www.europesays.com\/fr\/wp-json\/wp\/v2\/comments?post=574798"}],"version-history":[{"count":0,"href":"https:\/\/www.europesays.com\/fr\/wp-json\/wp\/v2\/posts\/574798\/revisions"}],"wp:featuredmedia":[{"embeddable":true,"href":"https:\/\/www.europesays.com\/fr\/wp-json\/wp\/v2\/media\/574799"}],"wp:attachment":[{"href":"https:\/\/www.europesays.com\/fr\/wp-json\/wp\/v2\/media?parent=574798"}],"wp:term":[{"taxonomy":"category","embeddable":true,"href":"https:\/\/www.europesays.com\/fr\/wp-json\/wp\/v2\/categories?post=574798"},{"taxonomy":"post_tag","embeddable":true,"href":"https:\/\/www.europesays.com\/fr\/wp-json\/wp\/v2\/tags?post=574798"}],"curies":[{"name":"wp","href":"https:\/\/api.w.org\/{rel}","templated":true}]}}