{"id":574806,"date":"2025-12-03T06:48:19","date_gmt":"2025-12-03T06:48:19","guid":{"rendered":"https:\/\/www.europesays.com\/fr\/574806\/"},"modified":"2025-12-03T06:48:19","modified_gmt":"2025-12-03T06:48:19","slug":"barca-raphinha-peut-partir-flick-a-un-plan-b-en-allemagne","status":"publish","type":"post","link":"https:\/\/www.europesays.com\/fr\/574806\/","title":{"rendered":"Bar\u00e7a : Raphinha peut partir, Flick a un plan B en Allemagne"},"content":{"rendered":"<p>Karim Adeyemi ne manque pas de pr\u00e9tendants.<\/p>\n<p>Alors que son nom revient avec insistance du c\u00f4t\u00e9 du Real Madrid depuis plusieurs jours, l\u2019international allemand pourrait finalement prendre une autre direction. D\u2019apr\u00e8s les informations du sp\u00e9cialiste mercato Ekrem Konur, le joueur du Borussia Dortmund figure aussi sur la short-list du FC Barcelone, qui \u00e9tudie ses options en cas de d\u00e9part de Raphinha.<img loading=\"lazy\" alt=\"\" decoding=\"async\" width=\"850\" height=\"567\" src=\"https:\/\/www.europesays.com\/fr\/wp-content\/uploads\/2025\/12\/ICONSPORT_240724_0035.jpg\" class=\"wp-image-1219803\"  \/>Karim Adeyemi (Photo by Icon Sport)<\/p>\n<p>Le Bar\u00e7a verrait en Adeyemi un profil explosif et compatible avec le jeu souhait\u00e9 par Hansi Flick, que l\u2019ailier allemand conna\u00eet d\u00e9j\u00e0 pour l\u2019avoir c\u00f4toy\u00e9 en s\u00e9lection. L\u2019int\u00e9ress\u00e9, de son c\u00f4t\u00e9, serait \u00ab pr\u00eat \u00e0 quitter Dortmund et relever un nouveau d\u00e9fi \u00bb, selon les informations relay\u00e9es. Avec un contrat courant jusqu\u2019en juin 2027, la bataille s\u2019annonce anim\u00e9e pour l\u2019ailier du BVB dans les prochains mois.<\/p>\n","protected":false},"excerpt":{"rendered":"Karim Adeyemi ne manque pas de pr\u00e9tendants. Alors que son nom revient avec insistance du c\u00f4t\u00e9 du Real&hellip;\n","protected":false},"author":2,"featured_media":574807,"comment_status":"","ping_status":"","sticky":false,"template":"","format":"standard","meta":{"footnotes":""},"categories":[1587],"tags":[11,672,1804,1805,1803,1777,674,1801,12,1802],"class_list":{"0":"post-574806","1":"post","2":"type-post","3":"status-publish","4":"format-standard","5":"has-post-thumbnail","7":"category-allemagne","8":"tag-actualites","9":"tag-allemagne","10":"tag-bundesrepublik-deutschland","11":"tag-de","12":"tag-deutschland","13":"tag-eu","14":"tag-europe","15":"tag-germany","16":"tag-news","17":"tag-republique-federale-dallemagne"},"share_on_mastodon":{"url":"https:\/\/pubeurope.com\/@fr\/115654302378113301","error":""},"_links":{"self":[{"href":"https:\/\/www.europesays.com\/fr\/wp-json\/wp\/v2\/posts\/574806","targetHints":{"allow":["GET"]}}],"collection":[{"href":"https:\/\/www.europesays.com\/fr\/wp-json\/wp\/v2\/posts"}],"about":[{"href":"https:\/\/www.europesays.com\/fr\/wp-json\/wp\/v2\/types\/post"}],"author":[{"embeddable":true,"href":"https:\/\/www.europesays.com\/fr\/wp-json\/wp\/v2\/users\/2"}],"replies":[{"embeddable":true,"href":"https:\/\/www.europesays.com\/fr\/wp-json\/wp\/v2\/comments?post=574806"}],"version-history":[{"count":0,"href":"https:\/\/www.europesays.com\/fr\/wp-json\/wp\/v2\/posts\/574806\/revisions"}],"wp:featuredmedia":[{"embeddable":true,"href":"https:\/\/www.europesays.com\/fr\/wp-json\/wp\/v2\/media\/574807"}],"wp:attachment":[{"href":"https:\/\/www.europesays.com\/fr\/wp-json\/wp\/v2\/media?parent=574806"}],"wp:term":[{"taxonomy":"category","embeddable":true,"href":"https:\/\/www.europesays.com\/fr\/wp-json\/wp\/v2\/categories?post=574806"},{"taxonomy":"post_tag","embeddable":true,"href":"https:\/\/www.europesays.com\/fr\/wp-json\/wp\/v2\/tags?post=574806"}],"curies":[{"name":"wp","href":"https:\/\/api.w.org\/{rel}","templated":true}]}}