{"id":574808,"date":"2025-12-03T06:49:19","date_gmt":"2025-12-03T06:49:19","guid":{"rendered":"https:\/\/www.europesays.com\/fr\/574808\/"},"modified":"2025-12-03T06:49:19","modified_gmt":"2025-12-03T06:49:19","slug":"en-direct-guerre-en-ukraine-la-rencontre-poutine-witkoff-na-debouche-sur-aucun-compromis-sur-les-territoires-occupes-liberation","status":"publish","type":"post","link":"https:\/\/www.europesays.com\/fr\/574808\/","title":{"rendered":"EN DIRECT &#8211; Guerre en Ukraine\u00a0: la rencontre Poutine-Witkoff n\u2019a d\u00e9bouch\u00e9 sur \u00abaucun compromis\u00bb sur les territoires occup\u00e9s \u2013 Lib\u00e9ration"},"content":{"rendered":"<p class=\"sc-cPiKLX AiZTS text-element\">Une discussion \u00abutile\u00bb mais qui n\u2019a abouti \u00e0 \u00abaucune solution de compromis\u00bb sur la question des territoires ukrainiens occup\u00e9s par la Russie, qui repr\u00e9sentent 19% du pays. Voil\u00e0 comment le conseiller du Kremlin Iouri Ouchakov a labellis\u00e9 la rencontre de la nuit entre Vladimir Poutine d\u2019un c\u00f4t\u00e9 et les \u00e9missaires de Donald Trump, Steve Witkoff Jared Kushner. \u00abCertaines propositions am\u00e9ricaines peuvent \u00eatre discut\u00e9es. Nous avons pu nous mettre d\u2019accord sur certains points [&#8230;], d\u2019autres ont suscit\u00e9 des critiques, mais l\u2019essentiel est qu\u2019une discussion constructive ait eu lieu et que les parties aient d\u00e9clar\u00e9 leur volont\u00e9 de poursuivre leurs efforts.\u00bb<\/p>\n<p class=\"sc-cPiKLX AiZTS text-element\">Voyant le verre \u00e0 moiti\u00e9 plein, le secr\u00e9taire d\u2019Etat am\u00e9ricain Marco Rubio a estim\u00e9 dans une interview \u00e0 Fox News que la partie am\u00e9ricaine avait \u00abfait quelques progr\u00e8s\u00bb dans ses tentatives pour \u00abd\u00e9terminer ce qui pourrait convenir aux Ukrainiens et leur donner des garanties de s\u00e9curit\u00e9 pour l\u2019avenir\u00bb. Avant cette rencontre, Vladimir Poutine s\u2019\u00e9tait dit <a href=\"https:\/\/www.liberation.fr\/international\/europe\/nous-sommes-prets-des-maintenant-vladimir-poutine-menace-directement-leurope-dune-guerre-20251202_FY7Y5MNP6FHIVNOHCPK6ZQRKR4\/\" target=\"_blank\" rel=\"noreferrer noopener\" title=\"https:\/\/www.liberation.fr\/international\/europe\/nous-sommes-prets-des-maintenant-vladimir-poutine-menace-directement-leurope-dune-guerre-20251202_FY7Y5MNP6FHIVNOHCPK6ZQRKR4\/\">\u00abpr\u00eat \u00e0 la guerre\u00bb<\/a> avec l\u2019Europe. <\/p>\n","protected":false},"excerpt":{"rendered":"Une discussion \u00abutile\u00bb mais qui n\u2019a abouti \u00e0 \u00abaucune solution de compromis\u00bb sur la question des territoires ukrainiens&hellip;\n","protected":false},"author":2,"featured_media":574809,"comment_status":"","ping_status":"","sticky":false,"template":"","format":"standard","meta":{"footnotes":""},"categories":[1586],"tags":[11,73,1777,674,1011,27,12,25,132,220,297],"class_list":{"0":"post-574808","1":"post","2":"type-post","3":"status-publish","4":"format-standard","5":"has-post-thumbnail","7":"category-europe","8":"tag-actualites","9":"tag-etats-unis","10":"tag-eu","11":"tag-europe","12":"tag-fr","13":"tag-france","14":"tag-news","15":"tag-republique-francaise","16":"tag-russie","17":"tag-ukraine","18":"tag-ukraine-la-crise"},"share_on_mastodon":{"url":"https:\/\/pubeurope.com\/@fr\/115654306331396065","error":""},"_links":{"self":[{"href":"https:\/\/www.europesays.com\/fr\/wp-json\/wp\/v2\/posts\/574808","targetHints":{"allow":["GET"]}}],"collection":[{"href":"https:\/\/www.europesays.com\/fr\/wp-json\/wp\/v2\/posts"}],"about":[{"href":"https:\/\/www.europesays.com\/fr\/wp-json\/wp\/v2\/types\/post"}],"author":[{"embeddable":true,"href":"https:\/\/www.europesays.com\/fr\/wp-json\/wp\/v2\/users\/2"}],"replies":[{"embeddable":true,"href":"https:\/\/www.europesays.com\/fr\/wp-json\/wp\/v2\/comments?post=574808"}],"version-history":[{"count":0,"href":"https:\/\/www.europesays.com\/fr\/wp-json\/wp\/v2\/posts\/574808\/revisions"}],"wp:featuredmedia":[{"embeddable":true,"href":"https:\/\/www.europesays.com\/fr\/wp-json\/wp\/v2\/media\/574809"}],"wp:attachment":[{"href":"https:\/\/www.europesays.com\/fr\/wp-json\/wp\/v2\/media?parent=574808"}],"wp:term":[{"taxonomy":"category","embeddable":true,"href":"https:\/\/www.europesays.com\/fr\/wp-json\/wp\/v2\/categories?post=574808"},{"taxonomy":"post_tag","embeddable":true,"href":"https:\/\/www.europesays.com\/fr\/wp-json\/wp\/v2\/tags?post=574808"}],"curies":[{"name":"wp","href":"https:\/\/api.w.org\/{rel}","templated":true}]}}