{"id":574810,"date":"2025-12-03T06:50:11","date_gmt":"2025-12-03T06:50:11","guid":{"rendered":"https:\/\/www.europesays.com\/fr\/574810\/"},"modified":"2025-12-03T06:50:11","modified_gmt":"2025-12-03T06:50:11","slug":"les-deputes-saccordent-pour-interdire-le-gaz-russe-a-lautomne-2027","status":"publish","type":"post","link":"https:\/\/www.europesays.com\/fr\/574810\/","title":{"rendered":"les d\u00e9put\u00e9s s\u2019accordent pour interdire le gaz russe \u00e0 l\u2019automne 2027"},"content":{"rendered":"<p>Un accord a \u00e9t\u00e9 trouv\u00e9 entre eurod\u00e9put\u00e9s et \u00c9tats europ\u00e9ens pour interdire toutes les importations de gaz russe dans l\u2019Union europ\u00e9enne (UE) \u00e0 l\u2019automne 2027, ont-ils indiqu\u00e9 dans la nuit de mardi\u00a02 \u00e0 mercredi 3\u00a0d\u00e9cembre 2025. Il s\u2019agit d\u2019un compromis entre le Parlement europ\u00e9en, qui souhaitait une interdiction plus rapide, <a target=\"_self\" href=\"https:\/\/www.lanouvellerepublique.fr\/a-la-une\/guerre-en-ukraine-l-interdiction-des-achats-de-gaz-russe-dans-l-union-europeenne-franchit-une-etape-cle-1760983527\" rel=\"noopener\">et les \u00c9tats membres<\/a> qui voulaient prendre un peu plus de temps.<\/p>\n<p>Pour les gazoducs, l\u2019interdiction des contrats de long terme, les plus sensibles car ils courent parfois sur des dizaines d\u2019ann\u00e9es, entrera en vigueur le 30\u00a0septembre 2027, sous r\u00e9serve que les stocks soient suffisants et s\u2019appliquera au plus tard le 1er\u00a0novembre 2027.<\/p>\n<p>Pour le gaz naturel liqu\u00e9fi\u00e9, le GNL, l\u2019interdiction des contrats longs s\u2019appliquera d\u00e8s le 1er\u00a0janvier 2027, conform\u00e9ment aux annonces de la pr\u00e9sidente de la Commission europ\u00e9enne Ursula von\u00a0der\u00a0Leyen pour sanctionner la Russie.<\/p>\n<p>Pour les contrats courts, l\u2019interdiction s\u2019appliquera \u00e0 partir du 25\u00a0avril 2026 pour le gaz naturel liqu\u00e9fi\u00e9 et du 17\u00a0juin 2026 pour le gaz achemin\u00e9 par gazoduc<\/p>\n<p>Un vote sans suspense<\/p>\n<p>Ce calendrier devra \u00eatre approuv\u00e9 une derni\u00e8re fois par les \u00c9tats membres et le Parlement, mais cet accord ouvre la voie \u00e0 un vote sans suspense. Les entreprises europ\u00e9ennes pourront invoquer un cas de \u00ab\u00a0force majeure\u00a0\u00bb afin de justifier l\u00e9galement ces ruptures contractuelles, en mentionnant l\u2019interdiction d\u2019importation d\u00e9cid\u00e9e par l\u2019Union europ\u00e9enne.<\/p>\n<p>L\u2019ex\u00e9cutif europ\u00e9en a opt\u00e9 pour une proposition l\u00e9gislative plut\u00f4t que des sanctions, car elle peut \u00eatre adopt\u00e9e \u00e0 la majorit\u00e9 qualifi\u00e9e des \u00c9tats membres. Le but est d\u2019\u00e9viter un veto de la Hongrie et de la Slovaquie, consid\u00e9r\u00e9es comme proches de Moscou et fermement oppos\u00e9es \u00e0 ces mesures.<\/p>\n<p>La part du gaz russe dans les importations de gaz de l\u2019Union europ\u00e9enne est pass\u00e9e de 45\u00a0% en 2021 \u00e0 19\u00a0% en 2024. Mais si l\u2019UE s\u2019est efforc\u00e9e de r\u00e9duire ses approvisionnements par gazoducs, elle s\u2019est en partie tourn\u00e9e vers le gaz naturel liqu\u00e9fi\u00e9 (GNL), transport\u00e9 par navire, d\u00e9charg\u00e9 dans des ports, regaz\u00e9ifi\u00e9 puis inject\u00e9 dans le r\u00e9seau europ\u00e9en.<\/p>\n<p>Derri\u00e8re les \u00c9tats-Unis (45\u00a0%), la Russie occupe une place centrale avec 20\u00a0% des importations de GNL de l\u2019UE en 2024, soit 20\u00a0milliards de m\u00e8tres cubes sur la centaine de milliards import\u00e9s.<\/p>\n","protected":false},"excerpt":{"rendered":"Un accord a \u00e9t\u00e9 trouv\u00e9 entre eurod\u00e9put\u00e9s et \u00c9tats europ\u00e9ens pour interdire toutes les importations de gaz russe&hellip;\n","protected":false},"author":2,"featured_media":574811,"comment_status":"","ping_status":"","sticky":false,"template":"","format":"standard","meta":{"footnotes":""},"categories":[1586],"tags":[328,11,893,1777,674,1779,1011,27,329,74,12,25,132,1778,220,364],"class_list":{"0":"post-574810","1":"post","2":"type-post","3":"status-publish","4":"format-standard","5":"has-post-thumbnail","7":"category-europe","8":"tag-a-la-une","9":"tag-actualites","10":"tag-energie","11":"tag-eu","12":"tag-europe","13":"tag-european-union","14":"tag-fr","15":"tag-france","16":"tag-france-monde","17":"tag-monde","18":"tag-news","19":"tag-republique-francaise","20":"tag-russie","21":"tag-ue","22":"tag-ukraine","23":"tag-union-europeenne"},"share_on_mastodon":{"url":"https:\/\/pubeurope.com\/@fr\/115654310201999401","error":""},"_links":{"self":[{"href":"https:\/\/www.europesays.com\/fr\/wp-json\/wp\/v2\/posts\/574810","targetHints":{"allow":["GET"]}}],"collection":[{"href":"https:\/\/www.europesays.com\/fr\/wp-json\/wp\/v2\/posts"}],"about":[{"href":"https:\/\/www.europesays.com\/fr\/wp-json\/wp\/v2\/types\/post"}],"author":[{"embeddable":true,"href":"https:\/\/www.europesays.com\/fr\/wp-json\/wp\/v2\/users\/2"}],"replies":[{"embeddable":true,"href":"https:\/\/www.europesays.com\/fr\/wp-json\/wp\/v2\/comments?post=574810"}],"version-history":[{"count":0,"href":"https:\/\/www.europesays.com\/fr\/wp-json\/wp\/v2\/posts\/574810\/revisions"}],"wp:featuredmedia":[{"embeddable":true,"href":"https:\/\/www.europesays.com\/fr\/wp-json\/wp\/v2\/media\/574811"}],"wp:attachment":[{"href":"https:\/\/www.europesays.com\/fr\/wp-json\/wp\/v2\/media?parent=574810"}],"wp:term":[{"taxonomy":"category","embeddable":true,"href":"https:\/\/www.europesays.com\/fr\/wp-json\/wp\/v2\/categories?post=574810"},{"taxonomy":"post_tag","embeddable":true,"href":"https:\/\/www.europesays.com\/fr\/wp-json\/wp\/v2\/tags?post=574810"}],"curies":[{"name":"wp","href":"https:\/\/api.w.org\/{rel}","templated":true}]}}