{"id":574814,"date":"2025-12-03T06:52:14","date_gmt":"2025-12-03T06:52:14","guid":{"rendered":"https:\/\/www.europesays.com\/fr\/574814\/"},"modified":"2025-12-03T06:52:14","modified_gmt":"2025-12-03T06:52:14","slug":"lea-salame-fait-un-rectificatif-au-jt-apres-le-piege-tendu-par-un-humoriste-a-france-2","status":"publish","type":"post","link":"https:\/\/www.europesays.com\/fr\/574814\/","title":{"rendered":"L\u00e9a Salam\u00e9 fait un rectificatif au JT apr\u00e8s le pi\u00e8ge tendu par un humoriste \u00e0 France 2"},"content":{"rendered":"<p>        <img decoding=\"async\" loading=\"lazy\" src=\"https:\/\/www.europesays.com\/fr\/wp-content\/uploads\/2025\/12\/50d9bcf_upload-1-gffgiaog42u2-capture-d-ecran-2025-12-03-020505.png\"  width=\"728\" height=\"410\" alt=\"Au 20\u00a0H de France 2\u00a0ce mardi 2\u00a0d\u00e9cembre au soir, la pr\u00e9sentatrice L\u00e9a Salam\u00e9 a reconnu une erreur dans un reportage diffus\u00e9 la veille.\"\/>  <\/p>\n<p>France 2<\/p>\n<p>Au 20\u00a0H de France 2\u00a0ce mardi 2\u00a0d\u00e9cembre au soir, la pr\u00e9sentatrice L\u00e9a Salam\u00e9 a reconnu une erreur dans un reportage diffus\u00e9 la veille.<\/p>\n<p class=\"asset asset-text\">Tomb\u00e9 dans le pi\u00e8ge. Au 20\u00a0Heures de France 2\u00a0ce mardi 2\u00a0d\u00e9cembre au soir, la pr\u00e9sentatrice <a href=\"https:\/\/www.huffingtonpost.fr\/culture\/article\/la-sequence-genante-du-jt-de-lea-salame-avec-marion-cotillard-resurgit-a-cause-de-guillaume-canet_257567.html\" target=\"_blank\" rel=\"noopener\">L\u00e9a Salam\u00e9<\/a> a reconnu une <a href=\"https:\/\/www.huffingtonpost.fr\/medias\/article\/lea-salame-fait-une-grossiere-erreur-au-20-heures-colere-des-enseignants-et-excuses-de-france-tele_255960.html\" target=\"_blank\" rel=\"noopener\">erreur <\/a>dans un reportage diffus\u00e9 la veille, dans lequel un humoriste s\u2019\u00e9tait d\u00e9guis\u00e9 et s\u2019\u00e9tait fait passer pour un client d\u2019un supermarch\u00e9.<\/p>\n<p class=\"asset asset-text\">\u00ab\u00a0Nous tenions \u00e0 vous signaler qu\u2019hier lors de notre reportage sur les bons plans et les promotions dans les supermarch\u00e9s, l\u2019une des personnes interrog\u00e9es a tromp\u00e9 l\u2019une de nos journalistes, en falsifiant son identit\u00e9. Il s\u2019agissait en fait d\u2019un humoriste adepte de canular\u00a0\u00bb, a pr\u00e9cis\u00e9ment d\u00e9clar\u00e9 L\u00e9a Salam\u00e9. Une mise au point partag\u00e9e \u00e9galement par France 2\u00a0sur son compte X.<\/p>\n<p class=\"asset asset-text\">L\u2019humoriste en question \u00e9tait pr\u00e9sent\u00e9 dans le reportage comme \u00ab\u00a0Arnaud Rolland\u00a0\u00bb, un trentenaire \u00ab\u00a0qui touche 1\u00a0300\u00a0euros mensuels d\u2019allocation ch\u00f4mage\u00a0\u00bb et qui \u00ab\u00a0privil\u00e9gie les marques distributeurs\u00a0\u00bb pour faire des \u00e9conomies. Son classeur \u00e0 la main o\u00f9 il disait regrouper ses bons de r\u00e9duction, ce faux client d\u2019un supermarch\u00e9 se r\u00e9jouissait d\u2019avoir \u00e9conomis\u00e9 trois euros sur son ticket de caisse.<\/p>\n<p>    L\u2019\u0153uvre de \u00ab\u00a0Mehdi tu connais\u00a0\u00bb    <\/p>\n<p class=\"asset asset-text\">Il s\u2019agissait en r\u00e9alit\u00e9 de Mehdi Jibril, aussi connu sur les r\u00e9seaux sociaux sous le nom de \u00ab\u00a0Mehdi tu connais\u00a0\u00bb. Ce sp\u00e9cialiste des canulars ou des cam\u00e9ras cach\u00e9es sur Internet a repartag\u00e9 la s\u00e9quence sur son compte Instagram, et en a profit\u00e9 pour appeler ses 40\u00a0000 \u00ab\u00a0followers\u00a0\u00bb \u00e0 prendre des places pour son prochain spectacle. Parmi ces \u00ab\u00a0pranks\u00a0\u00bb connus, l\u2019humoriste s\u2019\u00e9tait d\u00e9j\u00e0 incrust\u00e9 dans un duplex au Louvre, en direct \u00e0 la t\u00e9l\u00e9vision, d\u00e9guis\u00e9 en Napol\u00e9on, rapporte <a href=\"https:\/\/www.leparisien.fr\/culture-loisirs\/tv\/le-roi-des-bons-plans-etait-un-humoriste-le-jt-de-france-2-victime-dun-nouveau-couac-02-12-2025-ZKNBVRMVOFA3JG3LSTX46JLZUM.php\" target=\"_blank\" rel=\"noopener\" title=\"Nouvelle fen\u00eatre\">Le Parisien<\/a>.<\/p>\n<p> La lecture de ce contenu est susceptible d\u2019entra\u00eener un d\u00e9p\u00f4t de cookies de la part de l\u2019op\u00e9rateur tiers qui l\u2019h\u00e9berge. Compte-tenu des choix que vous avez exprim\u00e9s en mati\u00e8re de d\u00e9p\u00f4t de cookies, nous avons bloqu\u00e9 l\u2019affichage de ce contenu. Si vous souhaitez y acc\u00e9der, vous devez accepter la cat\u00e9gorie de cookies \u201cContenus tiers\u201d en cliquant sur le bouton ci-dessous. <\/p>\n<p> Lire la Vid\u00e9o        <\/p>\n<p class=\"asset asset-text\">Si ce pi\u00e8ge est plut\u00f4t amusant sur le papier, il intervient dans un contexte tendu pour France T\u00e9l\u00e9visions, en bras de fer contre l\u2019extr\u00eame droite qui <a href=\"https:\/\/www.huffingtonpost.fr\/politique\/article\/pourquoi-l-extreme-droite-en-veut-autant-a-l-audiovisuel-public_257475.html\" target=\"_blank\" rel=\"noopener\">r\u00eave de privatiser l\u2019audiovisuel public<\/a>.<\/p>\n<p class=\"asset asset-text\">Par ailleurs, depuis le d\u00e9part d\u2019Anne-Sophie Lapix, le journal de France 2\u00a0est scrut\u00e9 \u00e0 la loupe par ses d\u00e9tracteurs et aucune erreur commise par L\u00e9a Salam\u00e9 n\u2019est laiss\u00e9e de c\u00f4t\u00e9. France T\u00e9l\u00e9visions avait notamment d\u00fb pr\u00e9senter des excuses en octobre pour une fausse affirmation r\u00e9p\u00e9t\u00e9e dans deux de ses JT sur France 2, o\u00f9 il avait \u00e9t\u00e9 dit par erreur que le professeur de lettres Dominique Bernard avait \u00e9t\u00e9 tu\u00e9 en 2023 apr\u00e8s avoir \u00ab\u00a0montr\u00e9 des caricatures de Charlie Hebdo\u00a0\u00bb. Il s\u2019agissait d\u2019une confusion avec la mort du professeur Samuel Paty. Apr\u00e8s ces erreurs, la pression est donc maximale pour la journaliste devenue la vedette<a href=\"https:\/\/www.huffingtonpost.fr\/medias\/article\/le-message-de-lea-salame-aux-telespectateurs-avant-d-ouvrir-son-premier-20h-sur-france-2_254278.html\" target=\"_blank\" rel=\"noopener\"> du JT en septembre<\/a>.<\/p>\n","protected":false},"excerpt":{"rendered":"France 2 Au 20\u00a0H de France 2\u00a0ce mardi 2\u00a0d\u00e9cembre au soir, la pr\u00e9sentatrice L\u00e9a Salam\u00e9 a reconnu une&hellip;\n","protected":false},"author":2,"featured_media":574815,"comment_status":"","ping_status":"","sticky":false,"template":"","format":"standard","meta":{"footnotes":""},"categories":[2],"tags":[11,1011,27,2400,594,3806,500,12,25,252],"class_list":{"0":"post-574814","1":"post","2":"type-post","3":"status-publish","4":"format-standard","5":"has-post-thumbnail","7":"category-actualites","8":"tag-actualites","9":"tag-fr","10":"tag-france","11":"tag-france-televisions","12":"tag-france-2","13":"tag-lea-salame","14":"tag-medias","15":"tag-news","16":"tag-republique-francaise","17":"tag-television"},"share_on_mastodon":{"url":"https:\/\/pubeurope.com\/@fr\/115654319695610617","error":""},"_links":{"self":[{"href":"https:\/\/www.europesays.com\/fr\/wp-json\/wp\/v2\/posts\/574814","targetHints":{"allow":["GET"]}}],"collection":[{"href":"https:\/\/www.europesays.com\/fr\/wp-json\/wp\/v2\/posts"}],"about":[{"href":"https:\/\/www.europesays.com\/fr\/wp-json\/wp\/v2\/types\/post"}],"author":[{"embeddable":true,"href":"https:\/\/www.europesays.com\/fr\/wp-json\/wp\/v2\/users\/2"}],"replies":[{"embeddable":true,"href":"https:\/\/www.europesays.com\/fr\/wp-json\/wp\/v2\/comments?post=574814"}],"version-history":[{"count":0,"href":"https:\/\/www.europesays.com\/fr\/wp-json\/wp\/v2\/posts\/574814\/revisions"}],"wp:featuredmedia":[{"embeddable":true,"href":"https:\/\/www.europesays.com\/fr\/wp-json\/wp\/v2\/media\/574815"}],"wp:attachment":[{"href":"https:\/\/www.europesays.com\/fr\/wp-json\/wp\/v2\/media?parent=574814"}],"wp:term":[{"taxonomy":"category","embeddable":true,"href":"https:\/\/www.europesays.com\/fr\/wp-json\/wp\/v2\/categories?post=574814"},{"taxonomy":"post_tag","embeddable":true,"href":"https:\/\/www.europesays.com\/fr\/wp-json\/wp\/v2\/tags?post=574814"}],"curies":[{"name":"wp","href":"https:\/\/api.w.org\/{rel}","templated":true}]}}