{"id":574826,"date":"2025-12-03T07:02:15","date_gmt":"2025-12-03T07:02:15","guid":{"rendered":"https:\/\/www.europesays.com\/fr\/574826\/"},"modified":"2025-12-03T07:02:15","modified_gmt":"2025-12-03T07:02:15","slug":"la-decision-fracassante-de-balotelli-pour-son-avenir","status":"publish","type":"post","link":"https:\/\/www.europesays.com\/fr\/574826\/","title":{"rendered":"la d\u00e9cision fracassante de Balotelli pour son avenir"},"content":{"rendered":"<p>Malgr\u00e9 ses nombreux d\u00e9boires, Mario Balotelli n\u2019a jamais laiss\u00e9 le football italien indiff\u00e9rent. L\u2019attaquant a marqu\u00e9 chacun de ses clubs que ce soit l\u2019Inter ou le Milan AC, par son talent brut autant que par son impr\u00e9visibilit\u00e9 sur le terrain et en dehors. Alors que la plupart des observateurs transalpins l\u2019imaginait perdu pour le football, \u00abSuper Mario\u00bb refuse visiblement de raccrocher les crampons. \u00c0 moins d\u2019un mois du mercato hivernal qui s\u2019annonce plut\u00f4t anim\u00e9, l\u2019avant-centre a choisi de reprendre le contr\u00f4le de sa carri\u00e8re en s\u2019entra\u00eenant avec Carpenedolo, club de Serie D, afin de maintenir son poids de forme et sa condition physique, obligatoire pour esp\u00e9rer attirer un club de <a href=\"https:\/\/www.onzemondial.com\/etranger\/italie.html\" target=\"_blank\" rel=\"noopener\">Serie A<\/a>.<\/p>\n<blockquote class=\"twitter-tweet\">\n<p dir=\"ltr\" lang=\"it\">Mario <a href=\"https:\/\/twitter.com\/hashtag\/Balotelli?src=hash&amp;ref_src=twsrc%5Etfw\" target=\"_blank\" rel=\"noopener\">#Balotelli<\/a> ha voglia di tornare in campo: in attesa della chiamata giusta a gennaio l\u2019ex centravanti di Inter e Milan si allener\u00e0 in questi giorni col <a href=\"https:\/\/twitter.com\/hashtag\/Carpenedolo?src=hash&amp;ref_src=twsrc%5Etfw\" target=\"_blank\" rel=\"noopener\">#Carpenedolo<\/a> per tenersi in forma e farsi cos\u00ec trovare pronto per la sua nuova squadra. <a href=\"https:\/\/twitter.com\/hashtag\/calciomercato?src=hash&amp;ref_src=twsrc%5Etfw\" target=\"_blank\" rel=\"noopener\">#calciomercato<\/a><\/p>\n<p>\u2014 Nicol\u00f2 Schira (@NicoSchira) <a href=\"https:\/\/twitter.com\/NicoSchira\/status\/1995800867681804673?ref_src=twsrc%5Etfw\" target=\"_blank\" rel=\"noopener\">December 2, 2025<\/a><\/p>\n<\/blockquote>\n<p>\u00a0\u00c0 lire aussi :Balotelli recherche un club pour cet hiver<\/p>\n<p>Loin de lui l\u2019id\u00e9e de se servir de ce modeste club comme d\u2019un simple tapis d\u2019entrainement pour tuer le temps qui peut sembler long lorsque l\u2019on ne baigne plus dans l\u2019adr\u00e9naline de la comp\u00e9tition. Au contraire, il veut redevenir comp\u00e9titif et disponible, pr\u00eat \u00e0 saisir la moindre ouverture en janvier. Invit\u00e9 \u00e0 la t\u00e9l\u00e9vision italienne, Balotelli n\u2019a pas cherch\u00e9 \u00e0 masquer son ambition, encore moins sa lucidit\u00e9 envers une situation pas facile : \u00abApr\u00e8s le Genoa, j&rsquo;attendais des offres de Serie A, mais nous n&rsquo;avons pas trouv\u00e9 d&rsquo;accord. J&rsquo;avais de l&rsquo;espoir, mais \u00e0 partir de janvier, je vais explorer les possibilit\u00e9s. Peut-\u00eatre que Padoue ne sera plus en Italie. \u00c0 chaque \u00e9ch\u00e9ance de mon contrat, je vois mon nom associ\u00e9 \u00e0 de nombreuses \u00e9quipes, mais souvent, il n&rsquo;y a rien de concret.\u00bb<\/p>\n<p>\u00c0 mesure que le mercato approche, les rumeurs et les sp\u00e9culations s\u2019intensifient en Italie. La presse se demande quel club pourrait bien tenter sa chance. Les prochaines semaines diront si Balotelli trouvera un projet ambitieux pour se relancer, mais une chose est s\u00fbre, sa d\u00e9termination, elle, semble d\u00e9j\u00e0 revenue et on le sait bien, dans la carri\u00e8re de Super Mario, c\u2019est souvent \u00e0 partir de l\u00e0 que les histoires recommencent. Les fans de l\u2019<a href=\"https:\/\/www.onzemondial.com\/france\/om.html\" target=\"_blank\" rel=\"noopener\">Olympique de Marseille<\/a> en ont v\u00e9cu l\u2019exp\u00e9rience\u2026<\/p>\n<p>   Partagez cette info avec vos amis et vos proches en cliquant ici<br \/> Pour r\u00e9sumer<\/p>\n<p>Balotelli s\u2019entra\u00eene \u00e0 Carpenedolo pour rester en forme avant le prochain mercato hivernal. D\u00e9termin\u00e9 \u00e0 trouver un nouveau d\u00e9fi, il affirme attendre des opportunit\u00e9s d\u00e8s janvier, regrettant l\u2019absence de pistes en Serie A.<\/p>\n<p>R\u00e9dacteur<\/p>\n<p><img decoding=\"async\" width=\"76\" height=\"76\" loading=\"lazy\" src=\"https:\/\/www.europesays.com\/fr\/wp-content\/uploads\/2025\/04\/avatar-onze.webp.webp\" alt=\"J\u00e9r\u00e9my lhostis\"\/><script async src=\"https:\/\/platform.twitter.com\/widgets.js\" charset=\"utf-8\"><\/script><\/p>\n","protected":false},"excerpt":{"rendered":"Malgr\u00e9 ses nombreux d\u00e9boires, Mario Balotelli n\u2019a jamais laiss\u00e9 le football italien indiff\u00e9rent. L\u2019attaquant a marqu\u00e9 chacun de&hellip;\n","protected":false},"author":2,"featured_media":574827,"comment_status":"","ping_status":"","sticky":false,"template":"","format":"standard","meta":{"footnotes":""},"categories":[1410],"tags":[63,1011,27,68910,149,60,10662],"class_list":{"0":"post-574826","1":"post","2":"type-post","3":"status-publish","4":"format-standard","5":"has-post-thumbnail","7":"category-football","8":"tag-football","9":"tag-fr","10":"tag-france","11":"tag-italie-serie-a","12":"tag-om","13":"tag-sports","14":"tag-transferts"},"share_on_mastodon":{"url":"https:\/\/pubeurope.com\/@fr\/115654358250547851","error":""},"_links":{"self":[{"href":"https:\/\/www.europesays.com\/fr\/wp-json\/wp\/v2\/posts\/574826","targetHints":{"allow":["GET"]}}],"collection":[{"href":"https:\/\/www.europesays.com\/fr\/wp-json\/wp\/v2\/posts"}],"about":[{"href":"https:\/\/www.europesays.com\/fr\/wp-json\/wp\/v2\/types\/post"}],"author":[{"embeddable":true,"href":"https:\/\/www.europesays.com\/fr\/wp-json\/wp\/v2\/users\/2"}],"replies":[{"embeddable":true,"href":"https:\/\/www.europesays.com\/fr\/wp-json\/wp\/v2\/comments?post=574826"}],"version-history":[{"count":0,"href":"https:\/\/www.europesays.com\/fr\/wp-json\/wp\/v2\/posts\/574826\/revisions"}],"wp:featuredmedia":[{"embeddable":true,"href":"https:\/\/www.europesays.com\/fr\/wp-json\/wp\/v2\/media\/574827"}],"wp:attachment":[{"href":"https:\/\/www.europesays.com\/fr\/wp-json\/wp\/v2\/media?parent=574826"}],"wp:term":[{"taxonomy":"category","embeddable":true,"href":"https:\/\/www.europesays.com\/fr\/wp-json\/wp\/v2\/categories?post=574826"},{"taxonomy":"post_tag","embeddable":true,"href":"https:\/\/www.europesays.com\/fr\/wp-json\/wp\/v2\/tags?post=574826"}],"curies":[{"name":"wp","href":"https:\/\/api.w.org\/{rel}","templated":true}]}}