{"id":574828,"date":"2025-12-03T07:03:12","date_gmt":"2025-12-03T07:03:12","guid":{"rendered":"https:\/\/www.europesays.com\/fr\/574828\/"},"modified":"2025-12-03T07:03:12","modified_gmt":"2025-12-03T07:03:12","slug":"stephane-bern-rejoint-laure-manaudou-et-julien-lieb-au-casting-de-danse-avec-les-stars","status":"publish","type":"post","link":"https:\/\/www.europesays.com\/fr\/574828\/","title":{"rendered":"St\u00e9phane Bern rejoint Laure Manaudou et Julien Lieb au casting de Danse avec les stars"},"content":{"rendered":"<p>Le casting de la quinzi\u00e8me saison de <strong><a href=\"https:\/\/www.public.fr\/tag\/danse-avec-les-stars\" target=\"_blank\" rel=\"noopener\">Danse avec les stars<\/a><\/strong> se pr\u00e9cise. Depuis hier, plusieurs noms ont \u00e9t\u00e9 d\u00e9voil\u00e9s et officialis\u00e9s au casting de la prochaine saison. Ce mardi 2 d\u00e9cembre 2025, TF1 a d\u00e9cid\u00e9 d\u2019officialiser non pas un, mais deux candidats de la saison 15. <a href=\"https:\/\/www.public.fr\/danse-avec-les-stars-un-ancien-candidat-de-la-star-academy-2023-officialise-et-ce-nest-pas-pierre-garnier\" target=\"_blank\" rel=\"noopener\">Apr\u00e8s Julien Lieb<\/a>, <strong>St\u00e9phane Bern vient d\u2019\u00eatre annonc\u00e9.\u00a0<\/strong><\/p>\n<p>Comme lors de la pr\u00e9c\u00e9dente \u00e9dition dans laquelle <a href=\"https:\/\/www.public.fr\/tag\/sophie-davant\" target=\"_blank\" rel=\"noopener\">Sophie Davant<\/a> et <a href=\"https:\/\/vsd.fr\/tag\/nelson-monfort\/\" target=\"_blank\" rel=\"noopener\">Nelson Monfort<\/a> \u00e9taient r\u00e9unis, la Une a donc d\u00e9cid\u00e9 de convier un (ou plusieurs ?) animateur des cha\u00eenes concurrentes. En esp\u00e9rant que le compagnon de Yori parvienne \u00e0 rester plus longtemps que ses confr\u00e8res.<\/p>\n<p>En effet, Nelson Monfort se faisait \u00e9liminer rapidement de<strong> Danse avec les stars<\/strong>, au bout du premier prime \u00e9liminatoire, alors que la compagne de William Leymergie a quitt\u00e9 l\u2019aventure lors de la quatri\u00e8me soir\u00e9e.\u00a0<\/p>\n<p>Les autres candidats annonc\u00e9s au casting de \u00ab\u00a0Danse avec les stars\u00a0\u00bb en plus de St\u00e9phane Bern<\/p>\n<p>S\u2019il va falloir encore patienter avant de d\u00e9couvrir le casting officiel et complet, notre confr\u00e8re Cl\u00e9ment Garin l\u2019a n\u00e9anmoins d\u00e9j\u00e0 annonc\u00e9 depuis plusieurs jours. Il avait d\u00e9j\u00e0 annonc\u00e9 depuis quelque temps la pr\u00e9sence de St\u00e9phane Bern au casting de la prochaine saison de <strong>Danse avec les stars<\/strong>. L\u2019animateur de France T\u00e9l\u00e9visions devrait d\u2019ailleurs retrouver et \u00eatre en comp\u00e9tition <strong>avec Philippe Lellouche et Anny Duperey<\/strong> selon les informations du journaliste.<\/p>\n<p>Notre confr\u00e8re a \u00e9galement annonc\u00e9 la pr\u00e9sence d\u2019un c\u00e9l\u00e8bre humoriste au casting de la saison 15 de <strong>Danse avec les stars<\/strong>. Il s\u2019agit d\u2019un artiste qui a fait ses d\u00e9buts avec Jamel Debbouze et qui a pour habitude de prendre part \u00e0 divers programmes humoristiques de TF1 dont <strong>Vendredi tout est permis<\/strong>. En effet, selon notre confr\u00e8re Cl\u00e9ment Garin, Samuel Bambi devrait bel et bien faire partie de l\u2019aventure dans les prochains mois. Nos confr\u00e8res du Parisien, de leur c\u00f4t\u00e9, ont fait savoir <a href=\"https:\/\/www.public.fr\/danse-avec-les-stars-angelique-angarni-filopon-fera-partie-de-laventure\" target=\"_blank\" rel=\"noopener\">qu\u2019Ang\u00e9lique Angarni-Filopon, Miss France 2025<\/a>, devrait int\u00e9grer prochainement le casting.\u00a0<\/p>\n<p>Seulement trois noms officialis\u00e9s par TF1 pour le moment<\/p>\n<p>La Une, quant \u00e0 elle, n\u2019a officialis\u00e9 que trois noms pour le moment. St\u00e9phane Bern, donc, depuis quelques heures, mais aussi Julien Lieb plus t\u00f4t dans la journ\u00e9e. En effet, l\u2019ancien candidat de la <strong>Star Academy <\/strong>et ami de Pierre Garnier, va succ\u00e9der \u00e0 Lenie, grande gagnante de l\u2019an dernier et ancienne colocataire de Julien au ch\u00e2teau de Dammarie-les-Lys.<\/p>\n<p>En plus de l\u2019animateur de <strong>France T\u00e9l\u00e9visions<\/strong> et du chanteur issu de la <strong>Star Academy<\/strong>, TF1 a \u00e9galement <a href=\"https:\/\/www.public.fr\/apres-florent-laure-manaudou-participera-a-la-prochaine-saison-de-danse-avec-les-stars-sur-tf1\" target=\"_blank\" rel=\"noopener\">officialis\u00e9 la pr\u00e9sence de Laure Manaudou<\/a>, un an apr\u00e8s la venue de son fr\u00e8re, Florent, pour cette quinzi\u00e8me saison \u00e0 venir.\u00a0<\/p>\n<p>\n          Hits &amp; People en continu\n        <\/p>\n<p>\n          Public Radio\n        <\/p>\n<p>      Mentionn\u00e9s dans cet article<\/p>\n<p>      Sur le m\u00eame sujet<\/p>\n","protected":false},"excerpt":{"rendered":"Le casting de la quinzi\u00e8me saison de Danse avec les stars se pr\u00e9cise. Depuis hier, plusieurs noms ont&hellip;\n","protected":false},"author":2,"featured_media":574829,"comment_status":"","ping_status":"","sticky":false,"template":"","format":"standard","meta":{"footnotes":""},"categories":[1359],"tags":[194,58,59,1011,27,2400,17349,2117,973,18875,199],"class_list":{"0":"post-574828","1":"post","2":"type-post","3":"status-publish","4":"format-standard","5":"has-post-thumbnail","7":"category-people","8":"tag-danse-avec-les-stars","9":"tag-divertissement","10":"tag-entertainment","11":"tag-fr","12":"tag-france","13":"tag-france-televisions","14":"tag-julien-lieb","15":"tag-laure-manaudou","16":"tag-people","17":"tag-stephane-bern","18":"tag-tf1"},"share_on_mastodon":{"url":"https:\/\/pubeurope.com\/@fr\/115654361396510707","error":""},"_links":{"self":[{"href":"https:\/\/www.europesays.com\/fr\/wp-json\/wp\/v2\/posts\/574828","targetHints":{"allow":["GET"]}}],"collection":[{"href":"https:\/\/www.europesays.com\/fr\/wp-json\/wp\/v2\/posts"}],"about":[{"href":"https:\/\/www.europesays.com\/fr\/wp-json\/wp\/v2\/types\/post"}],"author":[{"embeddable":true,"href":"https:\/\/www.europesays.com\/fr\/wp-json\/wp\/v2\/users\/2"}],"replies":[{"embeddable":true,"href":"https:\/\/www.europesays.com\/fr\/wp-json\/wp\/v2\/comments?post=574828"}],"version-history":[{"count":0,"href":"https:\/\/www.europesays.com\/fr\/wp-json\/wp\/v2\/posts\/574828\/revisions"}],"wp:featuredmedia":[{"embeddable":true,"href":"https:\/\/www.europesays.com\/fr\/wp-json\/wp\/v2\/media\/574829"}],"wp:attachment":[{"href":"https:\/\/www.europesays.com\/fr\/wp-json\/wp\/v2\/media?parent=574828"}],"wp:term":[{"taxonomy":"category","embeddable":true,"href":"https:\/\/www.europesays.com\/fr\/wp-json\/wp\/v2\/categories?post=574828"},{"taxonomy":"post_tag","embeddable":true,"href":"https:\/\/www.europesays.com\/fr\/wp-json\/wp\/v2\/tags?post=574828"}],"curies":[{"name":"wp","href":"https:\/\/api.w.org\/{rel}","templated":true}]}}