{"id":574830,"date":"2025-12-03T07:04:22","date_gmt":"2025-12-03T07:04:22","guid":{"rendered":"https:\/\/www.europesays.com\/fr\/574830\/"},"modified":"2025-12-03T07:04:22","modified_gmt":"2025-12-03T07:04:22","slug":"lot-hommage-a-gilles-sacksick-le-joli-temps-passe-a-peindre","status":"publish","type":"post","link":"https:\/\/www.europesays.com\/fr\/574830\/","title":{"rendered":"Lot. Hommage \u00e0 Gilles Sacksick, le joli temps pass\u00e9 \u00e0 peindre"},"content":{"rendered":"<p>                    Par<br \/>\n        <strong><br \/>\n            <a href=\"https:\/\/actu.fr\/auteur\/redaction-viequercynoise\" title=\"Consulter tous les articles de R\u00e9daction Cahors\" target=\"_blank\" rel=\"noopener\">R\u00e9daction Cahors<\/a><br \/>\n                    <\/strong><\/p>\n<p>        Publi\u00e9 le<\/p>\n<p>            2 d\u00e9c. 2025 \u00e0 17h00        <\/p>\n<p>Mi-octobre, <b><a href=\"https:\/\/fr.wikipedia.org\/wiki\/Gilles_Sacksick\" target=\"_blank\" rel=\"noopener\">Gilles Sacksick<\/a> <\/b>d\u00e9c\u00e9dait \u00e0 l\u2019\u00e2ge de 83\u00a0ans, dont presque 80\u00a0ans \u00e0 tenir \u00e0 la main un crayon ou un pinceau. Gilles, peintre, graveur et lithographe, d\u00e9couvre le Lot \u00e0 l\u2019occasion de retrouvailles avec l\u2019ami <b>Robert Doisneau<\/b>. Il s\u2019installe avec sa famille d\u2019abord \u00e0 Loubressac (1970), puis \u00e0 V\u00e9gennes, pr\u00e8s de <b><a href=\"https:\/\/www.vayrac.fr\/\" target=\"_blank\" rel=\"noopener\">Vayrac<\/a> <\/b>(1989).<\/p>\n<p class=\" wall-content\">Peintre reconnu, il a expos\u00e9 \u00e0 Paris, puis Londres, Bath, New York, Tokyo, Osaka, le mus\u00e9e Goya \u00e0 Castres et l\u2019\u00c9cole V\u00e9t\u00e9rinaire de Maisons-Alfort.<\/p>\n<p class=\" wall-content\">Dans le Lot, Gilles fait la connaissance du couple Delbos, les extraordinaires inventeurs du Casino de Saint-C\u00e9r\u00e9, lieu qui deviendra fameux en accueillant les grands noms de la chanson fran\u00e7aise et pour la qualit\u00e9 des expositions qu\u2019ils organisaient. Suivront Carennac, Martel, Floirac, Loubressac, Vayrac, Les Quatre-Route-du-Lot, Saint-Michel-de-Banni\u00e8res.<\/p>\n<p class=\" wall-content\">Les quatre textes ci-dessous sont extraits de sa monographie parue en 1992.<\/p>\n<p>    <img   decoding=\"async\" loading=\"lazy\" class=\"size-large\" src=\"https:\/\/www.europesays.com\/fr\/wp-content\/uploads\/2025\/12\/1adf7fa1032963edf7fa1032912ef7v-791x640.jpg\" alt=\"Autoportrait\" width=\"791\" height=\"640\"\/><br \/>\n    Autoportrait \u00a9C. LamicMon premier atelier, c\u2019est la cuisine maternelle<\/p>\n<p class=\" wall-content\">Aussi loin que remontent mes souvenirs \u2013 et ceux de ma m\u00e8re\u2009! \u2013 je dessine. Dessiner n\u2019\u00e9tait pas tenu pour quelque chose de notable, mais comme l\u2019une de ces particularit\u00e9s que la nature accorde \u00e0 chaque enfant\u2009: certains s\u2019endorment difficilement, d\u2019autres encore marchent tardivement. Je me baladais dans le dessin, sans guide, sans boussole, sans rep\u00e8res, dans la m\u00eame libert\u00e9 \u2013 je n\u2019avais que celle-l\u00e0 au sein du foyer familial \u2013 que celle accord\u00e9e \u00e0 l\u2019enfant jouant sur le sable.<\/p>\n<p class=\" wall-content\">Comme beaucoup, j\u2019appris \u00e0 \u00e9crire avant de savoir lire par la copie inlassable que je faisais des alphabets de mes s\u0153urs plus \u00e2g\u00e9es que moi. Je dessinais tout\u2009: la vie qui m\u2019entourait, celle qu\u2019on me racontait. Je m\u2019essayais \u00e0 copier les vignettes des livres de classe, les calendriers des postes, ainsi que les illustrations des rares journaux qui passaient chez moi.<\/p>\n<p>Votre r\u00e9gion, votre actu !<\/p>\n<p>Recevez chaque jour les infos qui comptent pour vous.<\/p>\n<p>\t<a href=\"https:\/\/actu.fr\/newsletter\" class=\"ac-btn ac-btn--corner ac-btn--medium ac-btn--blue800\" target=\"_blank\" rel=\"noopener\">S&rsquo;incrire<\/a><\/p>\n<p>    <img   decoding=\"async\" loading=\"lazy\" class=\"size-large\" src=\"https:\/\/www.europesays.com\/fr\/wp-content\/uploads\/2025\/12\/37c76fd2032963bc76fd203292fc76v-759x640.jpg\" alt=\"Un de ses derniers autoportraits\" width=\"759\" height=\"640\"\/><br \/>\n    Un de ses derniers autoportraits \u00a9C. LamicAu lyc\u00e9e, la rencontre avec l\u2019ennui<\/p>\n<p class=\" wall-content\">Je n\u2019ai su que relativement tard que dessiner \u2013 ou peindre \u2013 pouvait constituer un m\u00e9tier\u2009: pour moi, dessiner n\u2019\u00e9tait qu\u2019un \u00e9tat de nature comme de respirer, de participer aux jeux rudes et \u00e9patants de mes copains d\u2019\u00e9cole, gar\u00e7ons particuli\u00e8rement dessal\u00e9s. Je me dois de dire que jusqu\u2019\u00e0 l\u2019\u00e2ge de dix ans, je ne me suis jamais ennuy\u00e9 en classe\u2009: j\u2019apprenais facilement et l\u2019\u00e9tude ne me paraissait qu\u2019un jeu parmi d\u2019autres. Au lyc\u00e9e par contre, je d\u00e9couvrais un monde qui pr\u00e9figurait bien, h\u00e9las, les grands ensembles en tout genre dont notre si\u00e8cle s\u2019est fait une sp\u00e9cialit\u00e9. Il y avait dix ou onze classes de 6e et nous \u00e9tions quarante ou quarante-cinq \u00e9l\u00e8ves par classe. D\u2019embl\u00e9e, j\u2019ai d\u00e9test\u00e9 cet enr\u00e9gimentement.<\/p>\n<p class=\" wall-content\">Progressivement, je me d\u00e9sint\u00e9ressais de tout cela, faisant connaissance pour la premi\u00e8re fois avec l\u2019ennui. L\u2019ennui compact, pompeux, l\u2019ennui gris.<\/p>\n<p>\u00c0 12\u00a0ans, je d\u00e9couvre le mus\u00e9e du Louvre<\/p>\n<p class=\" wall-content\">Fort heureusement, et dans le m\u00eame temps o\u00f9 je me trouvais en classe de 6e, je d\u00e9couvris, seul, le Louvre. Ce fut la r\u00e9v\u00e9lation\u2009: je sortais du Mus\u00e9e avec les yeux que d\u00fbt avoir Mo\u00efse redescendant du Mont Sina\u00ef. Je regardais tout. Sans le savoir, j\u2019\u00e9tais affam\u00e9 et par cons\u00e9quent j\u2019aimais tout. Ce d\u00e9luge de formes sculpt\u00e9es et peintes me remplissait d\u2019une joie, d\u2019une jubilation que je ne peux d\u00e9crire. Les conflits de style ou d\u2019\u00e9poque m\u2019\u00e9taient parfaitement \u00e9trangers (et me le sont en grande partie rest\u00e9s). Aimer Cimabue et Rembrandt en m\u00eame temps, ou Ingres et Delacroix, ou Rubens et la Dentelli\u00e8re de Vermeer, ne me causait pas le moindre embarras.<\/p>\n<p class=\" wall-content\">Les matins du jeudi, ceux du dimanche \u00e9taient vou\u00e9s au Louvre, tandis que les apr\u00e8s-midi l\u2019\u00e9taient \u00e0 des fr\u00e9quentations douteuses qui, assez t\u00f4t, m\u2019ont permis d\u2019identifier certains mouvements de mon corps\u00a0pour rencontrer les filles \u2013 ceci dans une \u00e9poque o\u00f9 une sorte d\u2019apartheid s\u00e9parait les coll\u00e9giens des deux sexes\u2026 Un vrai travail, mais aussi exaltant que le dessin, aussi n\u00e9cessaire et pur que ce dernier.<\/p>\n<p>Mes d\u00e9buts \u00e0 la peinture \u00e0 l\u2019huile\u2026 Lesieur<\/p>\n<p class=\" wall-content\">Ma classe de 1re s\u2019est termin\u00e9e par mon exclusion d\u00e9finitive du lyc\u00e9e, ceci pour indiscipline avec, en prime, un baccalaur\u00e9at somptueusement manqu\u00e9. Je manquerais beaucoup \u00e0 mon souci de v\u00e9rit\u00e9, si je ne pr\u00e9cisais qu\u2019il entrait dans cet \u00e9chec une bonne part de calcul. Depuis deux ou trois ans en effet \u2013 voulant devenir peintre et uniquement peintre \u2013 j\u2019avais d\u00e9cid\u00e9 de forcer le destin, c\u2019est-\u00e0-dire ma m\u00e8re, en sabordant mes \u00e9tudes de fa\u00e7on si irr\u00e9m\u00e9diable que, de guerre lasse, on m\u2019accord\u00e2t de me consacrer \u00e0 l\u2019\u00e9tude et \u00e0 la pratique du dessin.<\/p>\n<p class=\" wall-content\">Il est vrai que je dessinais tout le temps\u2009; je poss\u00e9dais m\u00eame peu \u00e0 peu quelques petits ouvrages sur la peinture, bien modestes pourtant, mais qui m\u2019\u00e9taient un tr\u00e9sor. J\u2019en copiais les reproductions inlassablement. J\u2019ai peint \u00e0 l\u2019huile pour la premi\u00e8re fois entre quatorze et quinze ans\u2009; j\u2019avais punais\u00e9 sur le mur du couloir un morceau de drap, utilisant comme diluant, tant ma candeur \u00e9tait grande, de l\u2019huile Lesieur. Il s\u2019agissait d\u2019une copie d\u2019apr\u00e8s un autoportrait de Rembrandt, copie que je poss\u00e8de encore.<\/p>\n<p>Sa peinture par C. Lamic<\/p>\n<p class=\" wall-content\">Les th\u00e8mes picturaux d\u00e9velopp\u00e9s par Gilles Sacksick peuvent \u00eatre dits \u00ab\u2009classiques\u2009\u00bb\u2009: nu, portrait, nature morte, paysage, animaux\u2026 En revanche, son choix de traitement, sa fa\u00e7on de peindre ne le sont pas. Il saupoudre, il ensemence ses toiles d\u2019une nu\u00e9e de couleurs, les pigments naturels voltigent dans tout l\u2019atelier. Il se surnomme avec un brin d\u2019ironie, le \u00ab\u2009bougnat des couleurs\u2009\u00bb tellement ses cheveux, ses v\u00eatements, ses mains en sont impr\u00e9gn\u00e9s. C\u2019est dans l\u2019instant que s\u2019invente le th\u00e8me de la toile. C\u2019est d\u2019abord une m\u00e9ditation r\u00eaveuse, puis c\u2019est le saut dans le vif de la peinture, les taches de couleurs jet\u00e9es l\u00e0 se constituent en dessin. Pas de contour trac\u00e9 ou de crayon\u2009; il privil\u00e9gie l\u2019espace, imprime sa spontan\u00e9it\u00e9. Son seul guide, un pinceau imbib\u00e9 d\u2019eau et de colle, support qui recueille les pigments jet\u00e9s comme autant de \u00ab\u2009poudre \u00e0 sorcier\u2009\u00bb. \u00ab\u2009Tout artiste rejoue en permanence, chaque fois \u00e0 sa propre fa\u00e7on, toute l\u2019histoire de la peinture\u2009\u00bb commentait-il.<\/p>\n<p class=\" wall-content\">Son \u0153il a d\u00e9velopp\u00e9 une connaissance sensible et aig\u00fce des nuances et des tons. Un rayon de soleil sur une poutre, la clart\u00e9 d\u2019une pi\u00e8ce se d\u00e9cline en une palette infinie de nuances. Connaissance qui vient alimenter son art du portrait, une discipline qu\u2019il affectionne et qui lui vaut le Grand Prix de Portrait Paul-Louis Weiller en 1979 (Extrait d\u2019un article dans Dire Lot).<\/p>\n<p class=\" wall-content\">Gilles Sacksick aimait expliquer \u00ab\u2009combien sa peinture lui permettait d\u2019exprimer l\u2019inexprimable de ses sentiments, de ses croyances, de son \u00eatre si profond que les mots \u00e9taient vains\u2009\u00bb.<\/p>\n<p class=\" wall-content\">Nos pens\u00e9es vont \u00e0 son \u00e9pouse Isabelle, \u00e0 leurs deux enfants, Thomas et Charlotte, et \u00e0 leur famille.<\/p>\n<p class=\" wall-content\">Personnalisez votre actualit\u00e9 en ajoutant vos villes et m\u00e9dias en favori avec <a href=\"https:\/\/moncompte.actu.fr\" title=\"D\u00e9couvez Mon Actu\" rel=\"nofollow noopener\" data-trk=\"{&quot;cta&quot;:{&quot;action&quot;:&quot;https:\\\/\\\/moncompte.actu.fr&quot;,&quot;category&quot;:&quot;mon compte&quot;,&quot;from&quot;:&quot;article footer&quot;,&quot;name&quot;:&quot;Mon actu&quot;,&quot;type&quot;:&quot;cta&quot;}}\" target=\"_blank\">Mon Actu<\/a>.<\/p>\n","protected":false},"excerpt":{"rendered":"Par R\u00e9daction Cahors Publi\u00e9 le 2 d\u00e9c. 2025 \u00e0 17h00 Mi-octobre, Gilles Sacksick d\u00e9c\u00e9dait \u00e0 l\u2019\u00e2ge de 83\u00a0ans,&hellip;\n","protected":false},"author":2,"featured_media":574831,"comment_status":"","ping_status":"","sticky":false,"template":"","format":"standard","meta":{"footnotes":""},"categories":[1358],"tags":[1477,1348,1384,1385,1386,58,59,1011,27,25167,1652],"class_list":{"0":"post-574830","1":"post","2":"type-post","3":"status-publish","4":"format-standard","5":"has-post-thumbnail","7":"category-arts-et-design","8":"tag-artisanat","9":"tag-arts","10":"tag-arts-and-design","11":"tag-arts-et-design","12":"tag-design","13":"tag-divertissement","14":"tag-entertainment","15":"tag-fr","16":"tag-france","17":"tag-le-lot","18":"tag-loisirs-culture"},"share_on_mastodon":{"url":"https:\/\/pubeurope.com\/@fr\/115654366325127013","error":""},"_links":{"self":[{"href":"https:\/\/www.europesays.com\/fr\/wp-json\/wp\/v2\/posts\/574830","targetHints":{"allow":["GET"]}}],"collection":[{"href":"https:\/\/www.europesays.com\/fr\/wp-json\/wp\/v2\/posts"}],"about":[{"href":"https:\/\/www.europesays.com\/fr\/wp-json\/wp\/v2\/types\/post"}],"author":[{"embeddable":true,"href":"https:\/\/www.europesays.com\/fr\/wp-json\/wp\/v2\/users\/2"}],"replies":[{"embeddable":true,"href":"https:\/\/www.europesays.com\/fr\/wp-json\/wp\/v2\/comments?post=574830"}],"version-history":[{"count":0,"href":"https:\/\/www.europesays.com\/fr\/wp-json\/wp\/v2\/posts\/574830\/revisions"}],"wp:featuredmedia":[{"embeddable":true,"href":"https:\/\/www.europesays.com\/fr\/wp-json\/wp\/v2\/media\/574831"}],"wp:attachment":[{"href":"https:\/\/www.europesays.com\/fr\/wp-json\/wp\/v2\/media?parent=574830"}],"wp:term":[{"taxonomy":"category","embeddable":true,"href":"https:\/\/www.europesays.com\/fr\/wp-json\/wp\/v2\/categories?post=574830"},{"taxonomy":"post_tag","embeddable":true,"href":"https:\/\/www.europesays.com\/fr\/wp-json\/wp\/v2\/tags?post=574830"}],"curies":[{"name":"wp","href":"https:\/\/api.w.org\/{rel}","templated":true}]}}