{"id":574832,"date":"2025-12-03T07:06:27","date_gmt":"2025-12-03T07:06:27","guid":{"rendered":"https:\/\/www.europesays.com\/fr\/574832\/"},"modified":"2025-12-03T07:06:27","modified_gmt":"2025-12-03T07:06:27","slug":"helene-empoisonnee-en-prison-le-complot-se-confirme-claire-en-alerte-un-si-grand-soleil-17-decembre-2025-episode-1816-resume-complet-usgs","status":"publish","type":"post","link":"https:\/\/www.europesays.com\/fr\/574832\/","title":{"rendered":"H\u00e9l\u00e8ne empoisonn\u00e9e en prison : le complot se confirme, Claire en alerte &#8211; Un si grand soleil 17 d\u00e9cembre 2025 (\u00e9pisode 1816 &#8211; r\u00e9sum\u00e9 complet USGS)"},"content":{"rendered":"<p>\tD\u00e9couvrez le r\u00e9sum\u00e9 complet d\u2019Un si grand soleil en avance avec l\u2019\u00e9pisode 1816 du mercredi 17 d\u00e9cembre 2025 de France 3. H\u00e9l\u00e8ne (Sophie Le Tellier) d\u00e9couvre l\u2019horrible v\u00e9rit\u00e9 sur sa co-d\u00e9tenue.  #UnSiGrandSoleil en avance avec Nouveaut\u00e9s T\u00e9l\u00e9.<br \/>\n<img fetchpriority=\"high\" decoding=\"async\" aria-describedby=\"caption-attachment-330451\" src=\"https:\/\/www.europesays.com\/fr\/wp-content\/uploads\/2025\/12\/helene-claire-grand-soleil-1816ba.jpg\" alt=\"Helene et Claire un si grand soleil \" width=\"1280\" height=\"720\" class=\"size-full wp-image-330451\"  \/><\/p>\n<p id=\"caption-attachment-330451\" class=\"wp-caption-text\">Claire va-t-elle se rendre compte de ce qui se passe pour H\u00e9l\u00e8ne<\/p>\n<p>Retrouvez le r\u00e9sum\u00e9 int\u00e9gral d\u2019<strong> Un si grand soleil \u00e9pisode 1816 saison 8<\/strong> en diffusion sur France 3 du mercredi 17 d\u00e9cembre 2025 \u00e0 20H40 (<strong><a href=\"https:\/\/www.nouveautes-tele.com\/86457-grand-soleil-le-guide-complet-du-feuilleton-france-2-rentree-2018.html\" target=\"_blank\" rel=\"noopener\">voir les r\u00e9sum\u00e9s en avance d\u2019Un si grand soleil<\/a> <\/strong> archiv\u00e9s par semaine) <\/p>\n<p>Vous pouvez lire le r\u00e9sum\u00e9 complet de l\u2019\u00e9pisode pr\u00e9c\u00e9dent <a href=\"https:\/\/www.nouveautes-tele.com\/330291-claire-face-a-linevitable-helene-craque-en-prison-son-corps-lache-un-si-grand-soleil-16-decembre-2025-episode-1815-resume-complet-usgs.html\" target=\"_blank\" rel=\"noopener\">Un si grand soleil \u00e9pisode 1815<\/a> est en ligne. <\/p>\n<p>\ud83d\udccc Quels sont les temps forts de l\u2019\u00e9pisode 1816 d\u2019Un si grand soleil en avance du 17 d\u00e9cembre 2025 (France 3) ? Ce qu\u2019il faut retenir<\/p>\n<ul>\n<li><strong>H\u00e9l\u00e8ne tr\u00e8s affaiblie<\/strong> : elle a 8,5 de tension et dort 12h par nuit, Claire s\u2019interroge sur un malaise psychologique<\/li>\n<li><strong>Becker h\u00e9rite de 150 000 euros<\/strong> : son oncle Andr\u00e9 lui l\u00e8gue un local commercial, il r\u00eave d\u2019acheter un chalet, pas du tout la priorit\u00e9 de Janet<\/li>\n<li><strong>Victor et Cl\u00e9mence se s\u00e9parent<\/strong> : entre eux c\u2019\u00e9tait plus de la tendresse que de l\u2019amour, il dit avoir gagn\u00e9 une amie<\/li>\n<li><strong>H\u00e9l\u00e8ne empoisonn\u00e9e par sa co-d\u00e9tenue<\/strong> : un surveillant complice lui donne des m\u00e9dicaments pour qu\u2019elle \u00ab dorme, pas qu\u2019elle cr\u00e8ve \u00bb<\/li>\n<li><strong>H\u00e9l\u00e8ne d\u00e9couvre le complot<\/strong> : elle voit le m\u00e9dicament dans sa tisane, fait semblant de dormir et surprend un appel suspect<\/li>\n<\/ul>\n<p><\/p>\n<p>Tout ce qu\u2019il faut savoir sur l\u2019\u00e9pisode 1816 d\u2019Un si grand soleil du 17 d\u00e9cembre 2025 \u00e0 20H40 : tous les spoilers cl\u00e9s des intrigues du jour.<\/p>\n<p>Un si grand soleil en avance : Becker revoit ses priorit\u00e9s<br \/>\n<img loading=\"lazy\" decoding=\"async\" aria-describedby=\"caption-attachment-330439\" src=\"data:image\/svg+xml,%3Csvg%20xmlns=\" http:=\"\" alt=\"Alex et Manu\" width=\"1200\" height=\"630\" class=\"size-full wp-image-330439\" data-lazy- data-lazy- data-lazy-src=\"https:\/\/www.europesays.com\/fr\/wp-content\/uploads\/2025\/12\/grand-soleil-1816dB.jpg\"\/><\/p>\n<p id=\"caption-attachment-330439\" class=\"wp-caption-text\">Alex et Manu trop curieux de savoir qui est la nouvelle<\/p>\n<p>La co-d\u00e9tenue incite H\u00e9l\u00e8ne \u00e0 aller se promener, mais elle lui dit qu\u2019elle tient \u00e0 peine debout. H\u00e9l\u00e8ne lui explique qu\u2019elle a rendez-vous avec l\u2019infirmi\u00e8re, elle aimerait une prise de sang pour savoir d\u2019o\u00f9 vient son malaise. La co-d\u00e9tenue lui dit que \u00e7a doit venir du vaccin de la veille.<br \/>Claire prend la tension d\u2019H\u00e9l\u00e8ne, elle a <strong>8,5 de tension<\/strong>. Elle lui dit que \u00e7a fait longtemps qu\u2019elle \u00e9tait \u00e9puis\u00e9e. Faire le tour de la cour de la prison devient un calvaire. H\u00e9l\u00e8ne lui dit qu\u2019elle doit <strong>dormir 10 \u00e0 12h par nuit<\/strong>.<br \/>Claire se demande si ce malaise n\u2019est pas psychologique. Elle la rassure, on va faire un bilan pour voir ce qui se passe.<br \/>Becker re\u00e7oit un appel du notaire de son <strong>oncle Andr\u00e9 d\u00e9c\u00e9d\u00e9<\/strong> la semaine derni\u00e8re. Il est l\u00e9gataire. Becker ne comprend pas, ils n\u2019\u00e9taient pas tr\u00e8s proches et il ne l\u2019avait pas vu depuis des ann\u00e9es. Becker <strong>h\u00e9rite d\u2019un local commercial (qui vaut 150 000 euros) et de pi\u00e8ces de collection<\/strong>.<br \/>&#13;<\/p>\n<p style=\"margin:0; font-size:18px;\">\ud83d\udce8 <strong>Ne manquez plus rien de vos s\u00e9ries pr\u00e9f\u00e9r\u00e9es !<\/strong><\/p>\n<p style=\"margin:8px 0 16px 0;\">Abonnez-vous \u00e0 notre \ud83d\udea8 <strong>newsletter \u00ab\u00a0Alerte S\u00e9ries\u00a0\u00bb<\/strong> d\u00e8s la publication d\u2019un nouvel article afin de recevoir les actus <strong>Nouveaut\u00e9s-T\u00e9l\u00e9<\/strong> en direct !<\/p>\n<p><\/p>\n<p>  <a href=\"https:\/\/www.nouveautes-tele.com\/alerte-nouvel-article-notification-mail\" target=\"_blank\" style=\"background-color:#00b4d8; color:#ffffff; padding:10px 26px; border-radius:6px; text-decoration:none; font-weight:bold; display:inline-flex; align-items:center; justify-content:center; font-size:16px; line-height:1; vertical-align:middle;\" rel=\"noopener\">&#13;<br \/>\n     \u2709\ufe0f Je m\u2019abonne \u00e0 la newsletter&#13;<br \/>\n  <\/a><br \/>\n&#13;<br \/>\n<br \/>&#13;<\/p>\n<p><img loading=\"lazy\" decoding=\"async\" aria-describedby=\"caption-attachment-330437\" src=\"data:image\/svg+xml,%3Csvg%20xmlns=\" http:=\"\" alt=\"berthier un si grand soleil \" width=\"1200\" height=\"636\" class=\"size-full wp-image-330437\" data-lazy- data-lazy- data-lazy-src=\"https:\/\/www.europesays.com\/fr\/wp-content\/uploads\/2025\/12\/grand-soleil-1816bC.jpg\"\/><\/p>\n<p id=\"caption-attachment-330437\" class=\"wp-caption-text\">Berthier semble esp\u00e9r\u00e9 se remettre avec Nathalie<\/p>\n<p>Becker se voit d\u00e9j\u00e0 \u00e0 <strong>acheter un chalet en montagne<\/strong>\u2026 alors que Janet r\u00e9fl\u00e9chissait plut\u00f4t \u00e0 <strong>refaire la terrasse de la maison et les peintures<\/strong>.<br \/>Alix demande \u00e0 Catherine d\u2019attendre un peu pour lui <strong>rembourser les honoraires de Bernier<\/strong> car elle n\u2019a pas les sous.<br \/>\n<img loading=\"lazy\" decoding=\"async\" aria-describedby=\"caption-attachment-330449\" src=\"data:image\/svg+xml,%3Csvg%20xmlns=\" http:=\"\" alt=\"Emma et Lucas un si grand soleil \" width=\"1200\" height=\"645\" class=\"size-full wp-image-330449\" data-lazy- data-lazy- data-lazy-src=\"https:\/\/www.europesays.com\/fr\/wp-content\/uploads\/2025\/12\/grand-soleil-1816dVB.jpg\"\/><\/p>\n<p id=\"caption-attachment-330449\" class=\"wp-caption-text\">Emma fait un pas vers Lucas : oubli\u00e9 l\u2019affaire Sybille  !<\/p>\n<p>Alix avoue qu\u2019elle aimerait <strong>cr\u00e9er une nouvelle relation amicale avec Lucas<\/strong>.<br \/>Un surveillant p\u00e9nitentiaire donne les m\u00e9dicaments \u00e0 la co-d\u00e9tenue pour H\u00e9l\u00e8ne. Il lui dit d\u2019y aller mollo : <strong>il faut juste qu\u2019elle dorme et pas qu\u2019elle cr\u00e8ve<\/strong>.<br \/>\nUn si grand soleil 17 d\u00e9cembre 2025 : Berthier bient\u00f4t de retour avec Nathalie ?<br \/>\n<br \/>Dimitri est <strong>sorti de l\u2019h\u00f4pital<\/strong>, il vient voir Emma \u00e0 la paillote : il venait savoir comment elle va. Emma lui dit qu\u2019elle <strong>en veut encore \u00e0 Lucas<\/strong>.<br \/><img loading=\"lazy\" decoding=\"async\" aria-describedby=\"caption-attachment-330443\" src=\"data:image\/svg+xml,%3Csvg%20xmlns=\" http:=\"\" alt=\"becker un si grand soleil \" width=\"1200\" height=\"625\" class=\"size-full wp-image-330443\" data-lazy- data-lazy- data-lazy-src=\"https:\/\/www.europesays.com\/fr\/wp-content\/uploads\/2025\/12\/grand-soleil-1816df.jpg\"\/><\/p>\n<p id=\"caption-attachment-330443\" class=\"wp-caption-text\">Becker re\u00e7oit un h\u00e9ritage, \u00e7a lui monte \u00e0 la t\u00eate !<\/p>\n<p>Becker annonce \u00e0 Manu et Alex qu\u2019une nouvelle d\u00e9barque au commissariat : <strong>Aude Ruiz<\/strong>.<br \/>Berthier et Nathalie se retrouvent sur la plage : Nathalie <strong>gal\u00e8re toujours pour trouver un boulot<\/strong>, mais elle fait attention \u00e0 ses d\u00e9penses. Berthier lui dit qu\u2019il <strong>n\u2019a rencontr\u00e9 personne depuis leur histoire<\/strong>.<br \/>Lucas dit \u00e0 Emma qu\u2019il ne sait pas quoi faire pour qu\u2019elle lui pardonne. Emma lui propose de <strong>mettre cette histoire derri\u00e8re eux<\/strong>\u2026 et ils vont arr\u00eater d\u2019en parler. Ensemble, ils <strong>d\u00e9truisent une derni\u00e8re montre de contrefa\u00e7on<\/strong> retrouv\u00e9e \u00e0 l\u2019appart.<br \/><img loading=\"lazy\" decoding=\"async\" aria-describedby=\"caption-attachment-330445\" src=\"data:image\/svg+xml,%3Csvg%20xmlns=\" http:=\"\" alt=\"aude un si grand soleil \" width=\"1200\" height=\"762\" class=\"size-full wp-image-330445\" data-lazy- data-lazy- data-lazy-src=\"https:\/\/www.europesays.com\/fr\/wp-content\/uploads\/2025\/12\/grand-soleil-1816dgV.jpg\"\/><\/p>\n<p id=\"caption-attachment-330445\" class=\"wp-caption-text\">Nouvelle venue au commissariat qui d\u00e9barque<\/p>\n<p>Becker et Alain font du v\u00e9lo : ils papotent du fameux h\u00e9ritage. Becker est hyper motiv\u00e9 par l\u2019achat d\u2019un chalet.<br \/><strong>Victor et Cl\u00e9mence se sont s\u00e9par\u00e9s<\/strong> : entre eux c\u2019\u00e9tait plus de la tendresse que de l\u2019amour. Victor dit \u00e0 Kira et Claire qu\u2019il <strong>a gagn\u00e9 une amie<\/strong>.<br \/>H\u00e9l\u00e8ne voit sa <strong>co-d\u00e9tenue mettre un m\u00e9dicament dans sa tisane<\/strong>. Elle d\u00e9verse directement le liquide. Le soir, <strong>H\u00e9l\u00e8ne fait semblant de dormir<\/strong> : la co-d\u00e9tenue passe un appel et <strong>elle entend tout<\/strong>. Et vous, croyez-vous qu\u2019H\u00e9l\u00e8ne va tenir face \u00e0 ce complot ?<br \/><img loading=\"lazy\" decoding=\"async\" aria-describedby=\"caption-attachment-330433\" src=\"data:image\/svg+xml,%3Csvg%20xmlns=\" http:=\"\" alt=\"victor un si grand soleil \" width=\"1200\" height=\"616\" class=\"size-full wp-image-330433\" data-lazy- data-lazy- data-lazy-src=\"https:\/\/www.europesays.com\/fr\/wp-content\/uploads\/2025\/12\/grand-soleil-1816a.jpg\"\/><\/p>\n<p id=\"caption-attachment-330433\" class=\"wp-caption-text\">Victor est c\u00e9libataire<\/p>\n<p>&#13;<\/p>\n<p>Que pensez-vous du nouvel \u00e9pisode d\u2019Un si grand soleil ? R\u00e9agissez en commentaire sur le <a href=\"https:\/\/www.nouveautes-tele.com\/125636-forum-un-si-grand-soleil-france-2-vos-avis-sur-la-serie-quotidienne.html\" target=\"_blank\" rel=\"noopener\"><strong>forum Un si grand soleil <\/strong><\/a>!<\/p>\n<p> \ud83d\udd1c Restez connect\u00e9s ! Le <strong>r\u00e9sum\u00e9 Un si grand soleil 17 d\u00e9cembre 2025<\/strong> avec l\u2019\u00e9pisode 1816 arrive tr\u00e8s vite sur Nouveaut\u00e9s T\u00e9l\u00e9.<\/p>\n<p>&#13;<br \/>\n&#13;<\/p>\n<p>  &#13;<br \/>\n&#13;<\/p>\n<p> \u00a0 \u00a0\ud83d\udcfa Un si grand soleil &#8211; Intrigue \u00ab\u00a0H\u00e9l\u00e8ne Dambreville en prison\u00a0\u00bb<br \/>\n    &#13;<\/p>\n<tr>&#13;<br \/>\n            \ud83d\udcc5 Date&#13;<br \/>\n            \ud83c\udfac \u00c9pisode&#13;<br \/>\n            \ud83d\udd25 Point Cl\u00e9&#13;<br \/>\n        <\/tr>\n<p>&#13;<br \/>\n      &#13;<\/p>\n<tr>&#13;<br \/>\n \u00a0 \u00a0 \u00a0 \u00a0 \u00a0 \u00a0<\/p>\n<td> 15 d\u00e9cembre 2025<\/td>\n<p>&#13;<\/p>\n<td><a href=\"https:\/\/www.nouveautes-tele.com\/330053-helene-desesperee-entre-refus-de-remise-de-peine-et-drogue-a-son-insu-un-si-grand-soleil-15-decembre-2025-episode-1814-resume-complet-usgs.html\" target=\"_blank\" rel=\"noopener\"><strong>1814<\/strong><\/a><\/td>\n<p>&#13;<br \/>\n \u00a0 \u00a0 \u00a0 \u00a0 \u00a0 \u00a0<\/p>\n<td>H\u00e9l\u00e8ne a un refus de remise de peine <\/td>\n<p>&#13;<br \/>\n        <\/tr>\n<p>&#13;<br \/>\n\t\t&#13;<\/p>\n<tr>&#13;<br \/>\n \u00a0 \u00a0 \u00a0 \u00a0 \u00a0 \u00a0<\/p>\n<td> 16 d\u00e9cembre 2025<\/td>\n<p>&#13;<\/p>\n<td><a href=\"https:\/\/www.nouveautes-tele.com\/330291-claire-face-a-linevitable-helene-craque-en-prison-son-corps-lache-un-si-grand-soleil-16-decembre-2025-episode-1815-resume-complet-usgs.html\" target=\"_blank\" rel=\"noopener\"><strong>1815<\/strong><\/a><\/td>\n<p>&#13;<br \/>\n \u00a0 \u00a0 \u00a0 \u00a0 \u00a0 \u00a0<\/p>\n<td>Claire en prison et H\u00e9l\u00e8ne fait un malaise <\/td>\n<p>&#13;<br \/>\n        <\/tr>\n<p>&#13;<br \/>\n&#13;<\/p>\n<p>=&gt; Regardez chaque jour les <strong><a href=\"https:\/\/www.nouveautes-tele.com\/87294-audience-feuilleton-france2-grand-soleil-soap.html\" target=\"_blank\" rel=\"noopener\">audiences Un si grand soleil<\/a><\/strong> chaque soir sur France 3 en pr\u00e9-prime time ! Retrouvez le casting avec la <strong><a href=\"https:\/\/www.nouveautes-tele.com\/78808-casting-grand-soleil-france-2-quels-acteurs-pour-la-serie-quotidienne.html\" target=\"_blank\" rel=\"noopener\">liste des acteurs Un si grand soleil<\/a><\/strong> qui apparaissent dans la s\u00e9rie.<\/p>\n<p>Fan d\u2019Un si grand soleil ? les s\u00e9ries \u00e0 ne pas manquer <\/p>\n<p>Si vous suivez Un si grand soleil, vous allez adorer ces autres feuilletons fran\u00e7ais au quotidien :  <a href=\"https:\/\/www.nouveautes-tele.com\/118986-nouveau-feuilleton-sur-tf1.html\" target=\"_blank\" rel=\"noopener\"><strong>Ici tout commence<\/strong><\/a> \u00e0 18H30 avec Benjamin Baroche et <a href=\"https:\/\/www.nouveautes-tele.com\/62784-resume-demain-nous-appartient-tf1-en-avance-spoilers-devoiles.html\" target=\"_blank\" rel=\"noopener\"><strong>Demain nous appartient<\/strong> <\/a>avec Alexandre Brasseur \u00e0 19h10.  La s\u00e9rie <a href=\"https:\/\/www.nouveautes-tele.com\/38439-plus-belle-la-vie-le-guide-des-resumes-et-spoilers.html\" target=\"_blank\" rel=\"noopener\"><strong>Plus belle la vie sur TF1<\/strong><\/a>  \u00e0 14h avec les acteurs embl\u00e9matiques du mistral pour une vie encore plus belle.<\/p>\n<p>                          <img loading=\"lazy\" decoding=\"async\" width=\"512\" height=\"512\" src=\"data:image\/svg+xml,%3Csvg%20xmlns=\" http:=\"\" alt=\"Logo de Nouveaut\u00e9 t\u00e9l\u00e9\" data-lazy-src=\"https:\/\/www.europesays.com\/fr\/wp-content\/uploads\/2025\/06\/nt-logo.png\"\/><\/p>\n<p>\t\t\t  Isabelle Corteilles<\/p>\n<p>Titou, fondatrice de Nouveaut\u00e9s T\u00e9l\u00e9 en 2014, passionn\u00e9e de m\u00e9dias et incollable sur l\u2019actualit\u00e9 des s\u00e9ries t\u00e9l\u00e9. De la g\u00e9n\u00e9ration Dawson\u2019s Creek et Sous le Soleil, je navigue aujourd\u2019hui entre le Spoon de DNA, les marais salants d\u2019ITC, le Mistral de PBLV et les Sauvages d\u2019Un Si Grand Soleil, pour ne rien rater des derni\u00e8res intrigues et des indiscr\u00e9tions.<\/p>\n","protected":false},"excerpt":{"rendered":"D\u00e9couvrez le r\u00e9sum\u00e9 complet d\u2019Un si grand soleil en avance avec l\u2019\u00e9pisode 1816 du mercredi 17 d\u00e9cembre 2025&hellip;\n","protected":false},"author":2,"featured_media":574833,"comment_status":"","ping_status":"","sticky":false,"template":"","format":"standard","meta":{"footnotes":""},"categories":[1356],"tags":[58,59,1011,27,252,1364],"class_list":{"0":"post-574832","1":"post","2":"type-post","3":"status-publish","4":"format-standard","5":"has-post-thumbnail","7":"category-television","8":"tag-divertissement","9":"tag-entertainment","10":"tag-fr","11":"tag-france","12":"tag-television","13":"tag-tv"},"share_on_mastodon":{"url":"https:\/\/pubeurope.com\/@fr\/115654373786694795","error":""},"_links":{"self":[{"href":"https:\/\/www.europesays.com\/fr\/wp-json\/wp\/v2\/posts\/574832","targetHints":{"allow":["GET"]}}],"collection":[{"href":"https:\/\/www.europesays.com\/fr\/wp-json\/wp\/v2\/posts"}],"about":[{"href":"https:\/\/www.europesays.com\/fr\/wp-json\/wp\/v2\/types\/post"}],"author":[{"embeddable":true,"href":"https:\/\/www.europesays.com\/fr\/wp-json\/wp\/v2\/users\/2"}],"replies":[{"embeddable":true,"href":"https:\/\/www.europesays.com\/fr\/wp-json\/wp\/v2\/comments?post=574832"}],"version-history":[{"count":0,"href":"https:\/\/www.europesays.com\/fr\/wp-json\/wp\/v2\/posts\/574832\/revisions"}],"wp:featuredmedia":[{"embeddable":true,"href":"https:\/\/www.europesays.com\/fr\/wp-json\/wp\/v2\/media\/574833"}],"wp:attachment":[{"href":"https:\/\/www.europesays.com\/fr\/wp-json\/wp\/v2\/media?parent=574832"}],"wp:term":[{"taxonomy":"category","embeddable":true,"href":"https:\/\/www.europesays.com\/fr\/wp-json\/wp\/v2\/categories?post=574832"},{"taxonomy":"post_tag","embeddable":true,"href":"https:\/\/www.europesays.com\/fr\/wp-json\/wp\/v2\/tags?post=574832"}],"curies":[{"name":"wp","href":"https:\/\/api.w.org\/{rel}","templated":true}]}}