{"id":574846,"date":"2025-12-03T07:13:12","date_gmt":"2025-12-03T07:13:12","guid":{"rendered":"https:\/\/www.europesays.com\/fr\/574846\/"},"modified":"2025-12-03T07:13:12","modified_gmt":"2025-12-03T07:13:12","slug":"la-presidente-de-la-region-pays-de-la-loire-porte-plainte-pour-injures-et-menaces-physiques-apres-un-conseil-de-surveillance-du-port-de-nantes-saint-nazaire","status":"publish","type":"post","link":"https:\/\/www.europesays.com\/fr\/574846\/","title":{"rendered":"La pr\u00e9sidente de la R\u00e9gion Pays de la Loire\u00a0porte plainte pour injures et menaces physiques apr\u00e8s un conseil de surveillance du port de Nantes-Saint-Nazaire"},"content":{"rendered":"\n<p class=\"c-chapo \">\n  Christelle Moran\u00e7ais (Horizons) affirme avoir \u00e9t\u00e9 oblig\u00e9e de quitter le conseil \u00ab\u00a0dans la pr\u00e9cipitation et sous escorte polici\u00e8re\u00a0\u00bb en raison des comportements violents de repr\u00e9sentants syndicaux.\n<\/p>\n<p>      lire plus tard<\/p>\n<p id=\"dialog__title\" class=\"dialog__title\">Pour sauvegarder cet article, connectez-vous ou cr\u00e9ez un compte franceinfo<\/p>\n<p class=\"dialog__description\">Sans paiement. Sans abonnement.<\/p>\n<p>        Fermer la fen\u00eatre d\u2019activation des notifications France Info<\/p>\n<p>      cr\u00e9er votre compte<\/p>\n<p>      se connecter<\/p>\n<p>        Fermer la fen\u00eatre de pr\u00e9sentation<\/p>\n<p>    Publi\u00e9 le 03\/12\/2025 07:19<\/p>\n<p>        Temps de lecture : 1min<\/p>\n<p>    <img decoding=\"async\"  alt=\"La pr\u00e9sidente de la r\u00e9gion Pays de la Loire Christelle Moran\u00e7ais (Horizons) (SEBASTIEN SALOM-GOMIS \/ AFP)\" width=\"432\" height=\"243\" src=\"https:\/\/www.europesays.com\/fr\/wp-content\/uploads\/2025\/12\/000-36qz2nk-692fd67eaddfa450327322.jpg\" fetchpriority=\"high\"\/><\/p>\n<p>      La pr\u00e9sidente de la r\u00e9gion Pays de la Loire Christelle Moran\u00e7ais (Horizons) (SEBASTIEN SALOM-GOMIS \/ AFP)<\/p>\n<p>La pr\u00e9sidente de la r\u00e9gion Pays de la Loire Christelle Moran\u00e7ais (Horizons) annonce porter plainte contre X apr\u00e8s avoir \u00e9t\u00e9 victime d&rsquo;injures et de menaces physiques, rapporte ICI Loire Oc\u00e9an ce mercredi. Les faits remontent au vendredi 28 novembre, lors du conseil de surveillance du port de Nantes-Saint-Nazaire, que l&rsquo;\u00e9lue pr\u00e9sidait.<\/p>\n<p>Des faits \u00ab\u00a0parfaitement inacceptables\u00a0\u00bb, attribu\u00e9s \u00e0 \u00ab\u00a0certains repr\u00e9sentants syndicaux\u00a0\u00bb, \u00e9crit <a href=\"https:\/\/france3-regions.franceinfo.fr\/pays-de-la-loire\/loire-atlantique\/nantes\/le-batiment-plutot-que-la-culture-christelle-morancais-persiste-et-signe-ses-coupes-budgetaires-sur-france-3-3076279.html\" target=\"_blank\" rel=\"noopener\" data-tooltip-url=\"https:\/\/france3-regions.franceinfo.fr\/pays-de-la-loire\/loire-atlantique\/nantes\/le-batiment-plutot-que-la-culture-christelle-morancais-persiste-et-signe-ses-coupes-budgetaires-sur-france-3-3076279.html\">Christelle Moran\u00e7ais<\/a> dans un communiqu\u00e9. Elle \u00e9voque aussi \u00ab\u00a0l&rsquo;explosion d&rsquo;un mortier d&rsquo;artifice\u00a0\u00bb \u00e0 moins d&rsquo;un m\u00e8tre d&rsquo;elle et de ses \u00e9quipes. La pr\u00e9sidente de la R\u00e9gion a d&rsquo;ailleurs d\u00fb quitter le conseil de surveillance \u00ab\u00a0dans la pr\u00e9cipitation et sous escorte polici\u00e8re\u00a0\u00bb.<\/p>\n<p>La direction du port de Nantes-Saint-Nazaire a \u00e9galement d\u00e9nonc\u00e9 \u00ab\u00a0ces comportements violents et ces propos injurieux\u00a0\u00bb. Des \u00ab\u00a0agissements inacceptables et contraires aux valeurs de l\u2019\u00e9tablissement\u00a0\u00bb.<\/p>\n<p>La Cour des comptes a publi\u00e9 un rapport le 1er septembre dernier qui pointe du doigt des dysfonctionnements du port de Nantes-Saint-Nazaire. Il met en avant la vuln\u00e9rabilit\u00e9 du port, les blocages, les pr\u00e9avis de gr\u00e8ve (326 d\u00e9pos\u00e9s en 2023) et des \u00ab\u00a0mouvements sociaux caract\u00e9ris\u00e9s par un niveau important de violences verbales et physiques\u00a0\u00bb.<\/p>\n<p>Apr\u00e8s sa publication, un plan de redressement a \u00e9t\u00e9 engag\u00e9 par le directoire, \u00e0 la demande de l&rsquo;\u00c9tat et du conseil de surveillance, pr\u00e9sid\u00e9 par Christelle Moran\u00e7ais.<\/p>\n","protected":false},"excerpt":{"rendered":"Christelle Moran\u00e7ais (Horizons) affirme avoir \u00e9t\u00e9 oblig\u00e9e de quitter le conseil \u00ab\u00a0dans la pr\u00e9cipitation et sous escorte polici\u00e8re\u00a0\u00bb&hellip;\n","protected":false},"author":2,"featured_media":574847,"comment_status":"","ping_status":"","sticky":false,"template":"","format":"standard","meta":{"footnotes":""},"categories":[6],"tags":[35,33,34,1011,27],"class_list":{"0":"post-574846","1":"post","2":"type-post","3":"status-publish","4":"format-standard","5":"has-post-thumbnail","7":"category-economie","8":"tag-business","9":"tag-economie","10":"tag-economy","11":"tag-fr","12":"tag-france"},"share_on_mastodon":{"url":"https:\/\/pubeurope.com\/@fr\/115654401037727890","error":""},"_links":{"self":[{"href":"https:\/\/www.europesays.com\/fr\/wp-json\/wp\/v2\/posts\/574846","targetHints":{"allow":["GET"]}}],"collection":[{"href":"https:\/\/www.europesays.com\/fr\/wp-json\/wp\/v2\/posts"}],"about":[{"href":"https:\/\/www.europesays.com\/fr\/wp-json\/wp\/v2\/types\/post"}],"author":[{"embeddable":true,"href":"https:\/\/www.europesays.com\/fr\/wp-json\/wp\/v2\/users\/2"}],"replies":[{"embeddable":true,"href":"https:\/\/www.europesays.com\/fr\/wp-json\/wp\/v2\/comments?post=574846"}],"version-history":[{"count":0,"href":"https:\/\/www.europesays.com\/fr\/wp-json\/wp\/v2\/posts\/574846\/revisions"}],"wp:featuredmedia":[{"embeddable":true,"href":"https:\/\/www.europesays.com\/fr\/wp-json\/wp\/v2\/media\/574847"}],"wp:attachment":[{"href":"https:\/\/www.europesays.com\/fr\/wp-json\/wp\/v2\/media?parent=574846"}],"wp:term":[{"taxonomy":"category","embeddable":true,"href":"https:\/\/www.europesays.com\/fr\/wp-json\/wp\/v2\/categories?post=574846"},{"taxonomy":"post_tag","embeddable":true,"href":"https:\/\/www.europesays.com\/fr\/wp-json\/wp\/v2\/tags?post=574846"}],"curies":[{"name":"wp","href":"https:\/\/api.w.org\/{rel}","templated":true}]}}