{"id":574848,"date":"2025-12-03T07:14:13","date_gmt":"2025-12-03T07:14:13","guid":{"rendered":"https:\/\/www.europesays.com\/fr\/574848\/"},"modified":"2025-12-03T07:14:13","modified_gmt":"2025-12-03T07:14:13","slug":"lue-trouve-un-accord-pour-interdire-le-gaz-russe-dici-a-2027","status":"publish","type":"post","link":"https:\/\/www.europesays.com\/fr\/574848\/","title":{"rendered":"L&rsquo;UE trouve un accord pour interdire le gaz russe d&rsquo;ici \u00e0 2027\u2026"},"content":{"rendered":"<p>Accord au sein de l\u2019UE pour y interdire le gaz russe \u00e0 l\u2019automne\u00a02027<\/p>\n<p>Un accord vient d\u2019\u00eatre trouv\u00e9 entre eurod\u00e9put\u00e9s et Etats europ\u00e9ens pour interdire toutes les importations de gaz russe dans l\u2019UE \u00e0 l\u2019automne\u00a02027.<\/p>\n<p>C\u2019est un compromis entre le Parlement europ\u00e9en, qui souhaitait une interdiction plus rapide, et les Etats membres qui voulaient prendre un peu plus de temps. L\u2019interdiction des contrats de long terme s\u2019appliquera le 1er\u00a0novembre 2027 au plus tard.<\/p>\n<p>Macron veut inciter Xi \u00e0 \u00ab\u00a0peser\u00a0\u00bb sur Poutine<\/p>\n<p>Lors de sa visite en Chine, Emmanuel Macron va appeler une nouvelle fois Xi Jinping \u00e0 \u00ab\u00a0peser\u00a0\u00bb sur la Russie, son partenaire strat\u00e9gique, pour la \u00ab\u00a0convaincre\u00a0\u00bb d\u2019accepter un cessez-le-feu.<\/p>\n<p>Si elle appelle r\u00e9guli\u00e8rement \u00e0 des pourparlers de paix, la Chine n\u2019a toutefois jamais condamn\u00e9 Moscou pour l\u2019invasion de l\u2019Ukraine et revendique une neutralit\u00e9 dans ce dossier.<\/p>\n<p>Emmanuel Macron attendu ce mercredi en Chine<\/p>\n<p>Emmanuel Macron entame ce mercredi sa quatri\u00e8me visite d\u2019\u00c9tat en Chine afin de d\u00e9fendre les int\u00e9r\u00eats fran\u00e7ais et europ\u00e9ens. Le locataire de l\u2019\u00c9lys\u00e9e, attendu vers 17 heures (10 heures \u00e0 Paris) dans la capitale chinoise, entrera dans le vif du sujet jeudi avec son homologue Xi Jinping.<\/p>\n<p>Sujet prioritaire, la guerre en Ukraine et par ricochet la s\u00e9curit\u00e9 du Vieux continent, alors que les discussions s\u2019intensifient pour tenter de mettre fin aux hostilit\u00e9s.<\/p>\n<p>Marco Rubio voit \u00ab\u00a0quelques progr\u00e8s\u00a0\u00bb dans les n\u00e9gociations avec la Russie<\/p>\n<p>Le chef de la diplomatie am\u00e9ricaine a fait \u00e9tat de \u00ab\u00a0quelques progr\u00e8s\u00a0\u00bb dans les n\u00e9gociations avec la Russie pour tenter de trouver un accord mettant fin \u00e0 la guerre en Ukraine, lors d\u2019un entretien diffus\u00e9 mardi. \u00ab\u00a0Et donc, ce que nous avons essay\u00e9 de faire, et je pense que nous avons fait quelques progr\u00e8s, est de d\u00e9terminer ce qui pourrait convenir aux Ukrainiens et leur donner des garanties de s\u00e9curit\u00e9 pour l\u2019avenir\u00a0\u00bb, a d\u00e9clar\u00e9 Marco Rubio sur la cha\u00eene Fox News.<\/p>\n<p>Vladimir Poutine inflexible sur les territoires occup\u00e9s en Ukraine<\/p>\n<p>Aucun \u00ab\u00a0compromis\u00a0\u00bb sur les territoires occup\u00e9s par la Russie en Ukraine n\u2019a \u00e9t\u00e9 trouv\u00e9 \u00e0 l\u2019issue d\u2019une rencontre jug\u00e9e \u00ab\u00a0utile\u00a0\u00bb mardi \u00e0 Moscou entre Vladimir Poutine et l\u2019\u00e9missaire am\u00e9ricain Steve Witkoff, a annonc\u00e9 le conseiller diplomatique du Kremlin.<\/p>\n<p>\u00ab\u00a0Aucune solution de compromis (sur les territoires) n\u2019a encore \u00e9t\u00e9 choisie, mais certaines propositions am\u00e9ricaines peuvent \u00eatre discut\u00e9es\u00a0\u00bb, a indiqu\u00e9 Iouri Ouchakov. Selon lui, la discussion a \u00e9t\u00e9 \u00ab\u00a0constructive\u00a0\u00bb, mais il \u00ab\u00a0reste encore beaucoup de travail\u00a0\u00bb pour parvenir \u00e0 un accord.<\/p>\n<p>Bienvenue dans ce nouveau Live<\/p>\n<p>Bonjour \u00e0 toutes et \u00e0 tous. Comme chaque jour, la r\u00e9daction de 20 Minutes est mobilis\u00e9e pour vous donner l\u2019ensemble des informations sur le conflit entre Moscou et Kiev.<\/p>\n<p>La m\u00e9diation am\u00e9ricaine se poursuit pour trouver un chemin vers la paix. Mais Donald Trump est encore loin de pouvoir se targuer d\u2019avoir rempli son objectif de mettre fin \u00e0 la guerre entre la Russie et l\u2019Ukraine, tant les n\u00e9gociations sont difficiles.<\/p>\n","protected":false},"excerpt":{"rendered":"Accord au sein de l\u2019UE pour y interdire le gaz russe \u00e0 l\u2019automne\u00a02027 Un accord vient d\u2019\u00eatre trouv\u00e9&hellip;\n","protected":false},"author":2,"featured_media":574849,"comment_status":"","ping_status":"","sticky":false,"template":"","format":"standard","meta":{"footnotes":""},"categories":[5],"tags":[47,11,75,73,1011,27,131,14,74,12,132,555,133,135,134,28],"class_list":{"0":"post-574848","1":"post","2":"type-post","3":"status-publish","4":"format-standard","5":"has-post-thumbnail","7":"category-international","8":"tag-actualite","9":"tag-actualites","10":"tag-donald-trump","11":"tag-etats-unis","12":"tag-fr","13":"tag-france","14":"tag-guerre-en-ukraine","15":"tag-international","16":"tag-monde","17":"tag-news","18":"tag-russie","19":"tag-union-europeenne-ue","20":"tag-video","21":"tag-vladimir-poutine","22":"tag-volodymyr-zelensky","23":"tag-world"},"share_on_mastodon":{"url":"https:\/\/pubeurope.com\/@fr\/115654404769762275","error":""},"_links":{"self":[{"href":"https:\/\/www.europesays.com\/fr\/wp-json\/wp\/v2\/posts\/574848","targetHints":{"allow":["GET"]}}],"collection":[{"href":"https:\/\/www.europesays.com\/fr\/wp-json\/wp\/v2\/posts"}],"about":[{"href":"https:\/\/www.europesays.com\/fr\/wp-json\/wp\/v2\/types\/post"}],"author":[{"embeddable":true,"href":"https:\/\/www.europesays.com\/fr\/wp-json\/wp\/v2\/users\/2"}],"replies":[{"embeddable":true,"href":"https:\/\/www.europesays.com\/fr\/wp-json\/wp\/v2\/comments?post=574848"}],"version-history":[{"count":0,"href":"https:\/\/www.europesays.com\/fr\/wp-json\/wp\/v2\/posts\/574848\/revisions"}],"wp:featuredmedia":[{"embeddable":true,"href":"https:\/\/www.europesays.com\/fr\/wp-json\/wp\/v2\/media\/574849"}],"wp:attachment":[{"href":"https:\/\/www.europesays.com\/fr\/wp-json\/wp\/v2\/media?parent=574848"}],"wp:term":[{"taxonomy":"category","embeddable":true,"href":"https:\/\/www.europesays.com\/fr\/wp-json\/wp\/v2\/categories?post=574848"},{"taxonomy":"post_tag","embeddable":true,"href":"https:\/\/www.europesays.com\/fr\/wp-json\/wp\/v2\/tags?post=574848"}],"curies":[{"name":"wp","href":"https:\/\/api.w.org\/{rel}","templated":true}]}}