{"id":574850,"date":"2025-12-03T07:15:14","date_gmt":"2025-12-03T07:15:14","guid":{"rendered":"https:\/\/www.europesays.com\/fr\/574850\/"},"modified":"2025-12-03T07:15:14","modified_gmt":"2025-12-03T07:15:14","slug":"je-nai-jamais-vu-ca-denonce-yamin-60-ans-poursuivi-pour-apologie-du-terrorisme-pour-des-posts-vieux-de-2022","status":"publish","type":"post","link":"https:\/\/www.europesays.com\/fr\/574850\/","title":{"rendered":"\u00ab\u00a0Je n\u2019ai jamais vu\u00a0\u00e7a\u00a0\u00bb, d\u00e9nonce Yamin, 60 ans, poursuivi pour apologie du terrorisme pour des posts vieux de\u00a02022"},"content":{"rendered":"<p>Des publications <a href=\"https:\/\/www.20minutes.fr\/high-tech\/facebook\/\" class=\"c-link c-link--is-underlined\" target=\"_blank\" rel=\"noopener\">Facebook<\/a> qui datent de\u00a02022. \u00ab\u00a0Voil\u00e0 ce qu\u2019on me reproche\u00a0\u00bb, souffle Yamin Makri. Ce <a href=\"https:\/\/www.20minutes.fr\/lyon\/\" class=\"c-link c-link--is-underlined\" target=\"_blank\" rel=\"noopener\">Lyon<\/a>nais de 60 ans, qui se qualifie comme \u00ab\u00a0militant actif depuis toujours\u00a0\u00bb, &#8211; contre le racisme, l\u2019<a href=\"https:\/\/www.20minutes.fr\/dossier\/islamophobie\" class=\"c-link c-link--is-underlined\" target=\"_blank\" rel=\"noopener\">islamophobie<\/a>, et pour la <a href=\"https:\/\/www.20minutes.fr\/dossier\/laicite\" class=\"c-link c-link--is-underlined\" target=\"_blank\" rel=\"noopener\">la\u00efcit\u00e9<\/a>, &#8211; devra r\u00e9pondre de ces posts qui parlaient de la <a href=\"https:\/\/www.20minutes.fr\/monde\/palestine\/\" class=\"c-link c-link--is-underlined\" target=\"_blank\" rel=\"noopener\">Palestine<\/a>, devant la justice, le 10\u00a0d\u00e9cembre prochain. \u00ab\u00a0Je suis poursuivi pour <a href=\"https:\/\/www.20minutes.fr\/dossier\/apologie-terrorisme\" class=\"c-link c-link--is-underlined\" target=\"_blank\" rel=\"noopener\">apologie du terrorisme<\/a>\u00a0\u00bb, d\u00e9clare-t-il, abasourdi.<\/p>\n<p>Il marque une pause avant de reprendre\u00a0: \u00ab\u00a0En trente ans de militantisme, je n\u2019ai jamais \u00e9t\u00e9 inqui\u00e9t\u00e9 par la justice, je n\u2019ai jamais \u00e9t\u00e9 jug\u00e9 pour quoi que ce soit. C\u2019est m\u00eame la premi\u00e8re fois que je vais voir \u00e0 quoi ressemble un tribunal. Je suis assez choqu\u00e9.\u00a0\u00bb<\/p>\n<p>Le parquet de Lyon confirme la convocation devant la justice pour \u00ab\u00a0apologie publique d\u2019un acte de terrorisme commise au moyen d\u2019un service de communication au public en ligne ainsi que provocation publique \u00e0 la haine ou \u00e0 la violence en raison de l\u2019origine, l\u2019ethnie, la nation, la race ou la religion\u00a0\u00bb.<\/p>\n<p>Apr\u00e8s le \u00ab\u00a0choc\u00a0\u00bb, l&rsquo;\u00ab\u00a0incompr\u00e9hension\u00a0\u00bb<\/p>\n<p>Tout a commenc\u00e9 en juin. \u00ab\u00a0J\u2019ai re\u00e7u une convocation pour me rendre \u00e0 la police quinze jours plus tard, sans avoir aucune id\u00e9e des raisons qui motivaient cette demande\u00a0\u00bb, se souvient-il. Il raconte que \u00ab\u00a0d\u00e8s son arriv\u00e9e\u00a0\u00bb, il a \u00e9t\u00e9 plac\u00e9 en garde \u00e0 vue. Il a appris les poursuites \u00e0 son encontre et en suivant, qu\u2019il serait jug\u00e9 dans la soir\u00e9e.<\/p>\n<\/p>\n<p>\u00ab\u00a0Concr\u00e8tement, on me reproche d\u2019avoir partag\u00e9 des communiqu\u00e9s de la r\u00e9sistance palestinienne et notamment du Hamas, retrace-t-il. Mais je ne soutiens pas l\u2019organisation en particulier, je soutenais le peuple qui r\u00e9siste. Dans toutes les institutions de r\u00e9sistance dans une guerre \u00e0 travers l\u2019Histoire, il y a des choses condamnables. Mais il ne faut pas d\u00e9l\u00e9gitimer car il faut stopper le g\u00e9nocide en cours.\u00a0\u00bb<\/p>\n<p>Il explique que \u00ab\u00a0l\u2019action de repartager sans commentaire\u00a0\u00bb rel\u00e8ve d\u2019une apologie du terrorisme car \u00ab\u00a0on s\u2019approprie le communiqu\u00e9\u00a0\u00bb. \u00ab\u00a0Et si on met un commentaire qui utilise un qualificatif jug\u00e9 positif, c\u2019est aussi de l\u2019apologie\u00a0\u00bb, pr\u00e9cise-t-il. Avant d\u2019ajouter\u00a0: \u00ab\u00a0Je ne comprends vraiment pas pourquoi ces publications, qui datent de\u00a02022, sont un probl\u00e8me maintenant. D\u2019autant plus que je n\u2019utilise plus ce compte depuis \u00e0 peu pr\u00e8s la m\u00eame p\u00e9riode.\u00a0\u00bb<\/p>\n<p>Une \u00ab\u00a0\u00e9preuve de force\u00a0\u00bb<\/p>\n<p>Yamin Makri interpr\u00e8te alors cette \u00ab\u00a0r\u00e9pression \u00e9tatique\u00a0\u00bb par une \u00ab\u00a0volont\u00e9 de d\u00e9courager d\u2019autres militants de s\u2019engager\u00a0\u00bb pour la cause palestinienne. \u00ab\u00a0On est dans une \u00e9preuve de force avec ce lancement de l\u2019arme juridique qui cr\u00e9e un climat de suspicion et une accusation tr\u00e8s arbitraire\u00a0\u00bb, lance-t-il.<\/p>\n<p>\u00ab\u00a0Rien que dans les m\u00e9thodes, il y a un probl\u00e8me, d\u00e9nonce-t-il. Le juge d\u2019instruction m\u2019annonce que le jugement sera finalement le 10\u00a0d\u00e9cembre et impose un contr\u00f4le judiciaire avec obligation de pointer tous les mois, et interdiction d\u2019utiliser Facebook et Telegram. Le juge des libert\u00e9s consid\u00e8re que c\u2019est abus et rejette toutes les conditions de contr\u00f4le judiciaire. Et finalement, le juge fait appel de cette d\u00e9cision, demandant un pointage au commissariat toutes les semaines et l\u2019interdiction de tous les r\u00e9seaux sociaux. Seule l\u2019interdiction des r\u00e9seaux sociaux a \u00e9t\u00e9 retenue.\u00a0\u00bb<\/p>\n<p>Ses biens financiers ont \u00e9galement \u00e9t\u00e9 gel\u00e9s, ce qui signifie qu\u2019il n\u2019a plus acc\u00e8s \u00e0 ses comptes bancaires le temps de l\u2019instruction. Le sexag\u00e9naire rappelle qu\u2019il est p\u00e8re de famille, install\u00e9 et ins\u00e9r\u00e9 socialement et professionnellement.<\/p>\n<p>Des m\u00e9thodes qui \u00ab\u00a0font peur\u00a0\u00bb<\/p>\n<p>En plus de cette affaire, Yamin Makri devra \u00e9galement r\u00e9pondre devant la justice pour une autre histoire car il a refus\u00e9 de payer une amende de 1.000 euros apr\u00e8s un collage sauvage \u00e0 V\u00e9nissieux. Il y a un an et demi, alors qu\u2019il effectuait une campagne d\u2019affichage, li\u00e9 au g\u00e9nocide en cours \u00e0 Gaza, la police municipale l\u2019a interpell\u00e9 avec d\u2019autres personnes.<\/p>\n<p>\u00ab\u00a0Nous ne sommes pas accus\u00e9s de d\u00e9gradation de biens publics, comme c\u2019est le cas habituellement, mais d\u2019avoir mis des photos d\u2019enfants sans leur autorisation, indique-t-il. C\u2019\u00e9taient des images qui circulaient partout d\u00e9j\u00e0.\u00a0\u00bb Le parquet indique effectivement qu\u2019il est \u00e9galement convoqu\u00e9 le 10\u00a0d\u00e9cembre sur ce deuxi\u00e8me dossier, pour \u00ab\u00a0diffusion de l\u2019enregistrement d\u2019images relatives \u00e0 la commission d\u2019une atteinte volontaire \u00e0 l\u2019int\u00e9grit\u00e9 de la personne\u00a0\u00bb.<\/p>\n<p>Pour ce militant, toutes ces proc\u00e9dures \u00ab\u00a0font peur\u00a0\u00bb\u00a0: \u00ab\u00a0Depuis le 7-Octobre, c\u2019est impressionnant comme il existe une campagne pour faire taire la r\u00e9sistance. Depuis vingt-cinq ans que je me bats pour le peuple palestinien, je n\u2019ai jamais vu \u00e7a.\u00a0\u00bb Yamin Makri a fait partie de convois humanitaires \u00e0 Gaza, et est parti sur des flottilles.<\/p>\n<p>Une proc\u00e9dure qui ne fera pas \u00ab\u00a0faiblir\u00a0\u00bb le combat du militant<\/p>\n<p>M\u00eame s\u2019il pense que \u00ab\u00a0tout est possible\u00a0\u00bb, jusqu\u2019\u00e0 un potentiel \u00ab\u00a0emprisonnement\u00a0\u00bb, Yamin Marki \u00ab\u00a0ne craint pas trop\u00a0\u00bb le proc\u00e8s la semaine prochaine. \u00ab\u00a0J\u2019ai toujours eu le m\u00eame discours depuis mon soutien pour la Palestine, mes actions ont toujours \u00e9t\u00e9 publiques, mon incompr\u00e9hension face aux injustices que vivent les Palestiniens aussi. \u00c7a prouve bien qu\u2019il y a quelque chose qui change\u00a0\u00bb, assure-t-il.<\/p>\n<p>Avant de conclure\u00a0: \u00ab\u00a0Malgr\u00e9 toutes les proc\u00e9dures, mon combat ne s\u2019affaiblira pas. \u00c7a m\u2019encourage au contraire \u00e0 continuer encore plus la lutte.\u00a0\u00bb Le parquet n\u2019est pas en mesure de \u00ab\u00a0communiquer davantage d\u2019informations sur le fond des dossiers\u00a0\u00bb, rappelle-t-il.<\/p>\n","protected":false},"excerpt":{"rendered":"Des publications Facebook qui datent de\u00a02022. \u00ab\u00a0Voil\u00e0 ce qu\u2019on me reproche\u00a0\u00bb, souffle Yamin Makri. Ce Lyonnais de 60&hellip;\n","protected":false},"author":2,"featured_media":574851,"comment_status":"","ping_status":"","sticky":false,"template":"","format":"standard","meta":{"footnotes":""},"categories":[4],"tags":[47,11,9205,2430,3259,4688,1011,27,665,664,2428,12,3518,25,2429,2431,104,1254],"class_list":{"0":"post-574850","1":"post","2":"type-post","3":"status-publish","4":"format-standard","5":"has-post-thumbnail","7":"category-france","8":"tag-actualite","9":"tag-actualites","10":"tag-apologie-du-terrorisme","11":"tag-auvergne-rhone-alpes","12":"tag-conflit-israelo-palestinien","13":"tag-facebook","14":"tag-fr","15":"tag-france","16":"tag-gaza","17":"tag-israel","18":"tag-lyon","19":"tag-news","20":"tag-palestine","21":"tag-republique-francaise","22":"tag-rhone","23":"tag-rhone-alpes","24":"tag-societe","25":"tag-terrorisme"},"share_on_mastodon":{"url":"https:\/\/pubeurope.com\/@fr\/115654408709654366","error":""},"_links":{"self":[{"href":"https:\/\/www.europesays.com\/fr\/wp-json\/wp\/v2\/posts\/574850","targetHints":{"allow":["GET"]}}],"collection":[{"href":"https:\/\/www.europesays.com\/fr\/wp-json\/wp\/v2\/posts"}],"about":[{"href":"https:\/\/www.europesays.com\/fr\/wp-json\/wp\/v2\/types\/post"}],"author":[{"embeddable":true,"href":"https:\/\/www.europesays.com\/fr\/wp-json\/wp\/v2\/users\/2"}],"replies":[{"embeddable":true,"href":"https:\/\/www.europesays.com\/fr\/wp-json\/wp\/v2\/comments?post=574850"}],"version-history":[{"count":0,"href":"https:\/\/www.europesays.com\/fr\/wp-json\/wp\/v2\/posts\/574850\/revisions"}],"wp:featuredmedia":[{"embeddable":true,"href":"https:\/\/www.europesays.com\/fr\/wp-json\/wp\/v2\/media\/574851"}],"wp:attachment":[{"href":"https:\/\/www.europesays.com\/fr\/wp-json\/wp\/v2\/media?parent=574850"}],"wp:term":[{"taxonomy":"category","embeddable":true,"href":"https:\/\/www.europesays.com\/fr\/wp-json\/wp\/v2\/categories?post=574850"},{"taxonomy":"post_tag","embeddable":true,"href":"https:\/\/www.europesays.com\/fr\/wp-json\/wp\/v2\/tags?post=574850"}],"curies":[{"name":"wp","href":"https:\/\/api.w.org\/{rel}","templated":true}]}}