{"id":574852,"date":"2025-12-03T07:16:14","date_gmt":"2025-12-03T07:16:14","guid":{"rendered":"https:\/\/www.europesays.com\/fr\/574852\/"},"modified":"2025-12-03T07:16:14","modified_gmt":"2025-12-03T07:16:14","slug":"on-napprend-pas-aux-enfants-a-se-masturber-un-cours-deducation-a-la-vie-affective-et-sexuelle-pour-sensibiliser-les-deputes","status":"publish","type":"post","link":"https:\/\/www.europesays.com\/fr\/574852\/","title":{"rendered":"\u00ab\u00a0On n\u2019apprend pas aux enfants \u00e0 se masturber\u00a0\u00bb\u2026 Un cours d\u2019\u00e9ducation \u00e0 la vie affective et sexuelle pour sensibiliser les d\u00e9put\u00e9s"},"content":{"rendered":"<p>C\u2019est l\u2019histoire du petit Kiko et de la Grande main. \u00ab\u00a0Est-ce que je peux toucher tes cheveux\u00a0?\u00a0\u00bb, demande la Grande main. \u00ab\u00a0Oui\u00a0\u00bb, lui r\u00e9pond Kiko. \u00ab\u00a0Est-ce que je peux toucher ta main\u00a0?\u00a0\u00bb \u00ab\u00a0Oui.\u00a0\u00bb \u00ab\u00a0Est-ce que je peux glisser ma main dans ton slip\u00a0? \u00bb \u00ab Non\u00a0!\u00a0\u00bb L\u2019histoire est racont\u00e9e par Pascale Conselet. Natte grise et voix douce, la m\u00e9diatrice au sein de l\u2019association IDSant\u00e9 donne des cours d\u2019<a href=\"https:\/\/www.20minutes.fr\/societe\/4145206-20250325-suivi-premiere-formation-programme-education-vie-affective-relationnelle-sexualite\" class=\"c-link c-link--is-underlined\" target=\"_blank\" rel=\"noopener\">\u00e9ducation \u00e0 la vie affective et relationnelle, et \u00e0 la sexualit\u00e9<\/a> (Evars) \u00e0 des \u00e9l\u00e8ves d\u2019\u00e9cole primaire.<\/p>\n<p>Ce mardi apr\u00e8s-midi, ce ne sont pas des enfants qui l\u2019entourent, mais une vingtaine de d\u00e9put\u00e9s. Rassembl\u00e9s dans la salle Colbert de l\u2019Assembl\u00e9e nationale, les \u00e9lus assistent \u00e0 cette s\u00e9ance d\u2019Evars organis\u00e9e par le collectif* d\u2019associations \u00ab\u00a0Pour une v\u00e9ritable \u00e9ducation \u00e0 <a href=\"https:\/\/www.20minutes.fr\/societe\/4135093-20250123-education-sexualite-elisabeth-borne-defend-programme-indispensable\" class=\"c-link c-link--is-underlined\" target=\"_blank\" rel=\"noopener\">la sexualit\u00e9<\/a>\u00a0\u00bb, sous l\u2019\u00e9gide de Marie-Charlotte Garin, d\u00e9put\u00e9e \u00e9cologiste et vice-pr\u00e9sidente de la d\u00e9l\u00e9gation Droits des femmes. Au premier rang, <a href=\"https:\/\/www.20minutes.fr\/politique\/mathilde-panot\/\" class=\"c-link c-link--is-underlined\" target=\"_blank\" rel=\"noopener\">Mathilde Panot<\/a>, <a href=\"https:\/\/www.20minutes.fr\/politique\/sandrine-josso\/\" class=\"c-link c-link--is-underlined\" target=\"_blank\" rel=\"noopener\">Sandrine Josso<\/a> et Gabriel Attal. Mais les \u00e9lus issus de la gauche, \u00e9cologistes, LFI, PS, G\u00e9n\u00e9ration.s, ne sont pas les seuls pr\u00e9sents : plusieurs d\u00e9put\u00e9s Renaissance, Horizons et centristes sont \u00e9galement \u00e0 l\u2019appel, ainsi qu\u2019un LR.<\/p>\n<p>\u00ab\u00a0Beaucoup de mensonges\u00a0\u00bb<\/p>\n<p>Cette s\u00e9ance, une premi\u00e8re dans l\u2019histoire de l\u2019Assembl\u00e9e, a pour but de d\u00e9construire les id\u00e9es re\u00e7ues sur l\u2019Evars. \u00ab\u00a0<a href=\"https:\/\/www.20minutes.fr\/societe\/4170344-20250904-education-sexualite-enseignement-catholique-cherche-imposer-programme\" class=\"c-link c-link--is-underlined\" target=\"_blank\" rel=\"noopener\">Des forces r\u00e9actionnaires instrumentalisent le d\u00e9bat<\/a> pour faire peur aux parents\u00a0\u00bb, d\u00e9plore Marie-Charlotte Garin.\u00a0L\u2019id\u00e9e ici est de faire preuve de \u00ab\u00a0p\u00e9dagogie\u00a0\u00bb. Venue former les d\u00e9put\u00e9s, Mathilde Varette, infirmi\u00e8re scolaire et secr\u00e9taire g\u00e9n\u00e9rale adjointe du SNICS FSU, r\u00e9sume, lapidaire\u00a0: \u00ab\u00a0Non, on n\u2019apprend pas aux enfants \u00e0 se masturber.\u00a0\u00bb La soignante regrette les cons\u00e9quences de cette d\u00e9sinformation. \u00ab\u00a0Plusieurs coll\u00e8gues, \u00e0 Lyon et \u00e0 Saint-Etienne, ont \u00e9t\u00e9 diffam\u00e9es sur les r\u00e9seaux sociaux pour avoir donn\u00e9 ces cours et elles <a href=\"https:\/\/www.20minutes.fr\/societe\/4187052-20251124-lettre-anonyme-contre-seances-education-vie-sexuelle-envoyee-plusieurs-ecoles-loire-atlantique\" class=\"c-link c-link--is-underlined\" target=\"_blank\" rel=\"noopener\">n\u2019osent plus faire d\u2019Evars<\/a>.\u00a0\u00bb<\/p>\n<p>Cons\u00e9quence\u00a0: en\u00a02024, moins de 15\u00a0% des \u00e9l\u00e8ves ont b\u00e9n\u00e9fici\u00e9 des trois s\u00e9ances annuelles pr\u00e9vues par la loi du 4\u00a0juillet 2001, selon le Conseil \u00e9conomique, social et environnemental. Quelques heures avant l\u2019atelier \u00e0 destination des d\u00e9put\u00e9s, le tribunal administratif de Paris a d\u2019ailleurs <a href=\"https:\/\/www.20minutes.fr\/justice\/4189228-20251202-condamnation-etat-avoir-tarde-organiser-seances-education-vie-affective-sexuelle\" class=\"c-link c-link--is-underlined\" target=\"_blank\" rel=\"noopener\">condamn\u00e9 l\u2019\u00c9tat pour manquement \u00e0 son obligation d\u2019organiser les s\u00e9ances d\u2019Evars<\/a>, jusqu\u2019en f\u00e9vrier\u00a02025. Un bon timing.<\/p>\n<p>D\u00e9mystifier ces cours<\/p>\n<p>Apr\u00e8s avoir lu l\u2019histoire de Kiko, Pascale Conselet raconte en quoi consiste la troisi\u00e8me s\u00e9ance d\u2019Avers destin\u00e9e aux \u00e9l\u00e8ves de primaire. \u00ab\u00a0Nous leur expliquons que notre corps, c\u2019est notre tr\u00e9sor. S&rsquo;ils le veulent, les enfants demandent ensuite \u00e0 leurs voisins de classe s\u2019ils peuvent toucher leurs cheveux. Le but est de les entra\u00eener \u00e0 dire \u201cnon\u201d, car ce n\u2019est pas simple, et de leur rappeler que c\u2019est courageux de le faire. \u00bb L\u2019animatrice insiste\u00a0: \u00ab\u00a0On sait tr\u00e8s bien qu\u2019un enfant inform\u00e9 aura plus de force et qu\u2019un pr\u00e9dateur ira moins vers lui.\u00a0\u00bb<\/p>\n<\/p>\n<p>Le d\u00e9put\u00e9 G\u00e9n\u00e9ration.s S\u00e9bastien Peytavie s\u2019\u00e9tonne de l\u2019\u00e9cart entre le mythe et la r\u00e9alit\u00e9 de l\u2019Evars. \u00ab\u00a0Quand on entend l\u2019histoire racont\u00e9e aux enfants de CP, on se rend bien compte que les mots choisis sont compl\u00e8tement adapt\u00e9s aux jeunes enfants et qu\u2019il n\u2019y a rien de choquant. Je d\u00e9fie n\u2019importe quel d\u00e9put\u00e9 qui s\u2019oppose \u00e0 ces s\u00e9ances de me dire quel contenu est probl\u00e9matique.\u00a0\u00bb Le probl\u00e8me justement, c\u2019est que ces derniers ne sont pas pr\u00e9sents. Un seul d\u00e9put\u00e9 LR a point\u00e9 le bout de son nez et aucun RN n\u2019a r\u00e9pondu \u00e0 l\u2019appel. Pourtant, \u00ab\u00a0on sait que l\u2019Evars est <a href=\"https:\/\/www.20minutes.fr\/societe\/4138403-20250213-education-sexuelle-cours-milieu-scolaire-sauvent-vies-temoignent-profs\" class=\"c-link c-link--is-underlined\" target=\"_blank\" rel=\"noopener\">le meilleur outil de pr\u00e9vention<\/a> pour prot\u00e9ger les enfants\u00a0\u00bb, insiste Marie-Charlotte Garin. En France, toutes les trois minutes, un enfant est victime de tentative de viol, d\u2019agression sexuelle ou d\u2019inceste. \u00ab C\u2019est une urgence absolue de s\u2019assurer que se tiennent ces s\u00e9ances.\u00a0\u00bb<\/p>\n<p>Apprendre \u00e0 d\u00e9battre<\/p>\n<p>La pr\u00e9sidente du <a href=\"https:\/\/www.20minutes.fr\/dossier\/planning_familial\" class=\"c-link c-link--is-underlined\" target=\"_blank\" rel=\"noopener\">Planning familial<\/a>, Sarah Durocher, propose ensuite un jeu aux d\u00e9put\u00e9s. Le m\u00eame que celui dispens\u00e9 aux coll\u00e9giens et lyc\u00e9ens lors des cours d\u2019Evars. Les \u00e9lus se r\u00e9unissent en bas de l\u2019amphith\u00e9\u00e2tre et doivent se placer \u00e0 gauche ou \u00e0 droite selon qu\u2019ils sont en accord ou en d\u00e9saccord avec la phrase qui va suivre. Au lieu de \u00ab\u00a0une fille en jupe, c\u2019est une fille facile\u00a0\u00bb ou \u00ab\u00a0un gar\u00e7on qui fait de la danse classique, c\u2019est bizarre\u00a0\u00bb, la th\u00e9matique est adapt\u00e9e aux d\u00e9put\u00e9s. \u00ab\u00a0Les hommes savent naturellement prendre la parole en public\u00a0\u00bb, lance Sarah Durocher. \u00ab\u00a0Pas d\u2019accord, c\u2019est de quel c\u00f4t\u00e9\u00a0?\u00a0\u00bb, demande Mathilde Panot.<\/p>\n<p>Les d\u00e9put\u00e9s d\u00e9battent entre eux. Et c\u2019est justement l\u00e0 le but de l&rsquo;op\u00e9ration. \u00ab\u00a0Ce jeu permet d\u2019apprendre \u00e0 critiquer ce que l\u2019on entend et \u00e0 r\u00e9agir dans un cadre d\u00e9mocratique\u00a0\u00bb, souligne la pr\u00e9sidente du Planning familial. \u00ab\u00a0Je vous enverrai la fiche, peut-\u00eatre que \u00e7a peut vous aider \u00e0 d\u00e9battre\u00a0\u00bb, sugg\u00e8re-t-elle. \u00ab\u00a0Pour voter le budget\u00a0!\u00a0\u00bb, r\u00e9pond une d\u00e9put\u00e9e en rigolant. La cloche sonne. C\u2019est l\u2019heure de repartir dans l\u2019H\u00e9micycle. Les votes au sujet du projet de loi de financement de la S\u00e9curit\u00e9 sociale vont d\u00e9buter.<\/p>\n<p>*Associations membres du collectif\u00a0: Planning familial, Sidaction, Femmes pour le dire, femmes pour agir, F\u00e9d\u00e9ration nationale des CIDFF, F\u00e9d\u00e9ration nationale Solidarit\u00e9 Femmes, StopFisha, Excision parlons-en\u00a0!, Syndicat national des infirmier(e) s conseiller(e) s de sant\u00e9 FSU, En avant toute(s), Association de lutte contre le sida<\/p>\n","protected":false},"excerpt":{"rendered":"C\u2019est l\u2019histoire du petit Kiko et de la Grande main. \u00ab\u00a0Est-ce que je peux toucher tes cheveux\u00a0?\u00a0\u00bb, demande&hellip;\n","protected":false},"author":2,"featured_media":574853,"comment_status":"","ping_status":"","sticky":false,"template":"","format":"standard","meta":{"footnotes":""},"categories":[2],"tags":[47,11,416,4077,422,1011,27,12,316,8703,104,7434,799],"class_list":{"0":"post-574852","1":"post","2":"type-post","3":"status-publish","4":"format-standard","5":"has-post-thumbnail","7":"category-actualites","8":"tag-actualite","9":"tag-actualites","10":"tag-assemblee-nationale","11":"tag-association","12":"tag-depute","13":"tag-fr","14":"tag-france","15":"tag-news","16":"tag-politique","17":"tag-sexualite","18":"tag-societe","19":"tag-violences-sexuelles-et-sexistes","20":"tag-violences-sexuelles"},"share_on_mastodon":{"url":"https:\/\/pubeurope.com\/@fr\/115654412487090889","error":""},"_links":{"self":[{"href":"https:\/\/www.europesays.com\/fr\/wp-json\/wp\/v2\/posts\/574852","targetHints":{"allow":["GET"]}}],"collection":[{"href":"https:\/\/www.europesays.com\/fr\/wp-json\/wp\/v2\/posts"}],"about":[{"href":"https:\/\/www.europesays.com\/fr\/wp-json\/wp\/v2\/types\/post"}],"author":[{"embeddable":true,"href":"https:\/\/www.europesays.com\/fr\/wp-json\/wp\/v2\/users\/2"}],"replies":[{"embeddable":true,"href":"https:\/\/www.europesays.com\/fr\/wp-json\/wp\/v2\/comments?post=574852"}],"version-history":[{"count":0,"href":"https:\/\/www.europesays.com\/fr\/wp-json\/wp\/v2\/posts\/574852\/revisions"}],"wp:featuredmedia":[{"embeddable":true,"href":"https:\/\/www.europesays.com\/fr\/wp-json\/wp\/v2\/media\/574853"}],"wp:attachment":[{"href":"https:\/\/www.europesays.com\/fr\/wp-json\/wp\/v2\/media?parent=574852"}],"wp:term":[{"taxonomy":"category","embeddable":true,"href":"https:\/\/www.europesays.com\/fr\/wp-json\/wp\/v2\/categories?post=574852"},{"taxonomy":"post_tag","embeddable":true,"href":"https:\/\/www.europesays.com\/fr\/wp-json\/wp\/v2\/tags?post=574852"}],"curies":[{"name":"wp","href":"https:\/\/api.w.org\/{rel}","templated":true}]}}