{"id":574855,"date":"2025-12-03T07:18:17","date_gmt":"2025-12-03T07:18:17","guid":{"rendered":"https:\/\/www.europesays.com\/fr\/574855\/"},"modified":"2025-12-03T07:18:17","modified_gmt":"2025-12-03T07:18:17","slug":"saint-etienne-un-maillot-collector-et-une-echarpe-unique-pour-feter-la-sainte-barbe","status":"publish","type":"post","link":"https:\/\/www.europesays.com\/fr\/574855\/","title":{"rendered":"Saint-\u00c9tienne. Un maillot collector et une \u00e9charpe unique pour f\u00eater la Sainte-Barbe"},"content":{"rendered":"<p>Gris charbon aux d\u00e9tails or\u00a0: telles \u00e9taient les couleurs du premier maillot dessin\u00e9 par l\u2019AS Saint-\u00c9tienne en collaboration avec l\u2019\u00e9quipementier Hummel pour rendre hommage \u00e0 l\u2019h\u00e9ritage minier de la ville et \u00e0 son histoire industrielle.<\/p>\n<p><a href=\"https:\/\/www.leprogres.fr\/sport\/2024\/12\/07\/l-asse-cartonne-avec-son-maillot-special-sainte-barbe\" target=\"_blank\" rel=\"noopener\">Cette tunique unique avait \u00e9t\u00e9 r\u00e9v\u00e9l\u00e9e \u00e0 l\u2019occasion de la f\u00eate de la Saint-Barbe en 2024.<\/a> Comme un symbole, Fernand Fraisse, ancien mineur de fond du Puits Couriot, avait port\u00e9 ce maillot dans le chaudron, lors d\u2019une rencontre de ligue 1 de l\u2019ASSE. Une banderole g\u00e9ante, fabriqu\u00e9e par les kops, sur laquelle avait \u00e9t\u00e9 \u00e9crit \u00ab\u00a0Honneur aux mineurs\u00a0\u00bb avait salu\u00e9 l\u2019entr\u00e9e sur la pelouse l\u2019ancienne gueule noire.<\/p>\n<p>\u00ab\u00a0C\u2019\u00e9tait une immense fiert\u00e9, \u00e7a prend les tripes d\u2019\u00eatre acclam\u00e9 par un stade rempli de supporters\u00a0\u00bb raconte Fernand Fraisse.\u00a0L\u2019ancien mineur n\u2019est pas pr\u00e8s d\u2019oublier cette image du peuple vert qui rend un vibrant hommage aux racines mini\u00e8res de la Ville.<\/p>\n<p>  Des b\u00e9n\u00e9fices pour soutenir des \u00e9v\u00e9nements culturels r\u00e9gionaux<\/p>\n<p>Pour 2025, L\u2019AS Saint-\u00c9tienne et Hummel ont renouvel\u00e9 leur initiative. Depuis mardi, un maillot sp\u00e9cial dessin\u00e9 par L\u00e9a Bourgier, styliste st\u00e9phanoise, est mis en vente. Ce maillot \u00e0 manches longues et \u00e0 destination unique des supporters, remet au go\u00fbt du jour le bleu de travail. Avec son col polo, ses manchettes blanches, le logo enrichi du club sur la poche et les piolets sur la poitrine, il permet de porter fi\u00e8rement ses valeurs au quotidien. Comme tous les produits du label culturel \u00ab\u00a0Steph\u2019\u00a0\u00bb, les b\u00e9n\u00e9fices g\u00e9n\u00e9r\u00e9s par cette vente permettront de soutenir des \u00e9v\u00e9nements culturels R\u00e9gionaux. Ce maillot conduira notamment \u00e0 des dons aux associations Sainte-Barbe, organisatrice depuis 5 ans des festivit\u00e9s en centre-ville, et \u00ab\u00a0Les Amis du mus\u00e9e de la Mine de Saint-\u00c9tienne\u00a0\u00bb qui enrichit les collections du Mus\u00e9e pour favoriser son d\u00e9veloppement. <\/p>\n<p>La boutique Trincamp, qui vient de f\u00eater ses trois ans, a cr\u00e9\u00e9 \u00e0 l\u2019occasion de cette Sainte-Barbe 2025, une ligne sp\u00e9cialement d\u00e9di\u00e9e \u00e0 cette f\u00eate avec la confection d\u2019une \u00e9charpe dessin\u00e9e par les artistes st\u00e9phanois\u00a0: Ella &amp; Pitr.<\/p>\n","protected":false},"excerpt":{"rendered":"Gris charbon aux d\u00e9tails or\u00a0: telles \u00e9taient les couleurs du premier maillot dessin\u00e9 par l\u2019AS Saint-\u00c9tienne en collaboration&hellip;\n","protected":false},"author":2,"featured_media":574856,"comment_status":"","ping_status":"","sticky":false,"template":"","format":"standard","meta":{"footnotes":""},"categories":[9653],"tags":[1111,11,4000,2430,7539,1777,674,63,1011,27,12,25,4001,7538,517],"class_list":{"0":"post-574855","1":"post","2":"type-post","3":"status-publish","4":"format-standard","5":"has-post-thumbnail","7":"category-saint-etienne","8":"tag-actu","9":"tag-actualites","10":"tag-asse-as-saint-etienne-football","11":"tag-auvergne-rhone-alpes","12":"tag-edition-loire-sud","13":"tag-eu","14":"tag-europe","15":"tag-football","16":"tag-fr","17":"tag-france","18":"tag-news","19":"tag-republique-francaise","20":"tag-saint-etienne","21":"tag-saint-etienne-ville","22":"tag-sport"},"share_on_mastodon":{"url":"https:\/\/pubeurope.com\/@fr\/115654420352951479","error":""},"_links":{"self":[{"href":"https:\/\/www.europesays.com\/fr\/wp-json\/wp\/v2\/posts\/574855","targetHints":{"allow":["GET"]}}],"collection":[{"href":"https:\/\/www.europesays.com\/fr\/wp-json\/wp\/v2\/posts"}],"about":[{"href":"https:\/\/www.europesays.com\/fr\/wp-json\/wp\/v2\/types\/post"}],"author":[{"embeddable":true,"href":"https:\/\/www.europesays.com\/fr\/wp-json\/wp\/v2\/users\/2"}],"replies":[{"embeddable":true,"href":"https:\/\/www.europesays.com\/fr\/wp-json\/wp\/v2\/comments?post=574855"}],"version-history":[{"count":0,"href":"https:\/\/www.europesays.com\/fr\/wp-json\/wp\/v2\/posts\/574855\/revisions"}],"wp:featuredmedia":[{"embeddable":true,"href":"https:\/\/www.europesays.com\/fr\/wp-json\/wp\/v2\/media\/574856"}],"wp:attachment":[{"href":"https:\/\/www.europesays.com\/fr\/wp-json\/wp\/v2\/media?parent=574855"}],"wp:term":[{"taxonomy":"category","embeddable":true,"href":"https:\/\/www.europesays.com\/fr\/wp-json\/wp\/v2\/categories?post=574855"},{"taxonomy":"post_tag","embeddable":true,"href":"https:\/\/www.europesays.com\/fr\/wp-json\/wp\/v2\/tags?post=574855"}],"curies":[{"name":"wp","href":"https:\/\/api.w.org\/{rel}","templated":true}]}}