{"id":574861,"date":"2025-12-03T07:23:12","date_gmt":"2025-12-03T07:23:12","guid":{"rendered":"https:\/\/www.europesays.com\/fr\/574861\/"},"modified":"2025-12-03T07:23:12","modified_gmt":"2025-12-03T07:23:12","slug":"le-centre-commercial-grand-var-se-prepare-a-une-fin-dannee-solidaire-voici-les-animations-prevues","status":"publish","type":"post","link":"https:\/\/www.europesays.com\/fr\/574861\/","title":{"rendered":"Le centre commercial Grand Var se pr\u00e9pare \u00e0 une fin d\u2019ann\u00e9e solidaire, voici les animations pr\u00e9vues"},"content":{"rendered":"<p class=\"fs-5 \">Alors que No\u00ebl approche \u00e0 grands pas, les centres commerciaux seront forc\u00e9ment pris d\u2019assaut partout en France. Entre cadeaux de derni\u00e8re minute, courses pour les repas ou encore id\u00e9es d\u00e9co, ils deviennent en cette fin d\u2019ann\u00e9e des lieux incontournables pour pr\u00e9parer les f\u00eates.<\/p>\n<p class=\"fs-5 \">Le centre Grand Var, \u00e0 La Valette, n\u2019\u00e9chappera pas \u00e0 la r\u00e8gle. Cette ann\u00e9e encore, <strong>il renouvelle l\u2019op\u00e9ration P\u00e8re No\u00ebl Solidaire<\/strong> <strong>pour la sixi\u00e8me \u00e9dition cons\u00e9cutive<\/strong>. \u00ab \u00c0 partir du 3 d\u00e9cembre, les visiteurs sont invit\u00e9s \u00e0 rencontrer le P\u00e8re No\u00ebl tous les mercredis, samedis et dimanches de d\u00e9cembre, puis chaque jour du 22 au 24 d\u00e9cembre \u00bb, pr\u00e9cise Joanna Elbaz, la directrice du centre. L\u2019occasion de repartir avec une photo souvenir tout en soutenant une association gr\u00e2ce \u00e0 un don libre (1).<\/p>\n<p class=\"fs-5 \">Pour les pitchouns, des ateliers cr\u00e9atifs seront organis\u00e9s les mercredis et dimanches de d\u00e9cembre, anim\u00e9s par la ferme p\u00e9dagogique de Pignans. Le 20 d\u00e9cembre, une chorale viendra \u00e9galement enchanter les all\u00e9es du centre. \u00ab Nous attendons un million de visiteurs, avec des pics d\u2019affluence \u00e0 l\u2019approche de No\u00ebl, poursuit la directrice. Pour les commer\u00e7ants comme pour le centre, d\u00e9cembre est la p\u00e9riode la plus importante de l\u2019ann\u00e9e. Nous souhaitons donc proposer des animations attractives et chaleureuses pour accueillir nos visiteurs dans les meilleures conditions. \u00bb<\/p>\n<p>                                                                                De nouvelles enseignes<\/p>\n<p class=\"fs-5 \">Cette ann\u00e9e a \u00e9t\u00e9 particuli\u00e8rement riche pour Grand Var, marqu\u00e9 par l\u2019arriv\u00e9e de nouvelles enseignes. Apr\u00e8s le d\u00e9part de Zara de Grand Var Est (le magasin a d\u00e9m\u00e9nag\u00e9 \u00e0 L\u2019Avenue 83), les pr\u00e9visions n\u2019\u00e9taient pas des plus optimistes. Mais \u00ab fort heureusement, son rempla\u00e7ant, New Yorker, r\u00e9alise une tr\u00e8s belle performance et s\u2019est fait une place dans le centre. Nous avons \u00e9galement accueilli une salle de sport d\u00e9tenue par un Varois \u00bb, se r\u00e9jouit la direction.<\/p>\n<p class=\"fs-5 \">\u00c0 l\u2019int\u00e9rieur de la galerie, plusieurs enseignes ont rejoint l\u2019aventure : Bexley, sp\u00e9cialis\u00e9 dans les v\u00eatements et chaussures pour homme, l\u2019Atelier d\u2019Amaya pour les bijoux, ou encore Maison 123 pour le pr\u00eat-\u00e0-porter f\u00e9minin. Entre solidarit\u00e9, nouveaut\u00e9s et animations, Grand Var s\u2019appr\u00eate \u00e0 cl\u00f4turer 2025 en mettant de la f\u00e9erie dans le quotidien des Varois.<\/p>\n<p class=\"fs-5 \">1. Les b\u00e9n\u00e9ficess seront revers\u00e9s \u00e0 l\u2019association du Groupe Umane &#8211; \u00c9tablissement Les Myosotis Poly Etpourtantonyva<\/p>\n","protected":false},"excerpt":{"rendered":"Alors que No\u00ebl approche \u00e0 grands pas, les centres commerciaux seront forc\u00e9ment pris d\u2019assaut partout en France. Entre&hellip;\n","protected":false},"author":2,"featured_media":574862,"comment_status":"","ping_status":"","sticky":false,"template":"","format":"standard","meta":{"footnotes":""},"categories":[9619],"tags":[1111,11,1777,674,1011,27,12,882,25,2310],"class_list":{"0":"post-574861","1":"post","2":"type-post","3":"status-publish","4":"format-standard","5":"has-post-thumbnail","7":"category-toulon","8":"tag-actu","9":"tag-actualites","10":"tag-eu","11":"tag-europe","12":"tag-fr","13":"tag-france","14":"tag-news","15":"tag-provence-alpes-cote-dazur","16":"tag-republique-francaise","17":"tag-toulon"},"share_on_mastodon":{"url":"https:\/\/pubeurope.com\/@fr\/115654440033550559","error":""},"_links":{"self":[{"href":"https:\/\/www.europesays.com\/fr\/wp-json\/wp\/v2\/posts\/574861","targetHints":{"allow":["GET"]}}],"collection":[{"href":"https:\/\/www.europesays.com\/fr\/wp-json\/wp\/v2\/posts"}],"about":[{"href":"https:\/\/www.europesays.com\/fr\/wp-json\/wp\/v2\/types\/post"}],"author":[{"embeddable":true,"href":"https:\/\/www.europesays.com\/fr\/wp-json\/wp\/v2\/users\/2"}],"replies":[{"embeddable":true,"href":"https:\/\/www.europesays.com\/fr\/wp-json\/wp\/v2\/comments?post=574861"}],"version-history":[{"count":0,"href":"https:\/\/www.europesays.com\/fr\/wp-json\/wp\/v2\/posts\/574861\/revisions"}],"wp:featuredmedia":[{"embeddable":true,"href":"https:\/\/www.europesays.com\/fr\/wp-json\/wp\/v2\/media\/574862"}],"wp:attachment":[{"href":"https:\/\/www.europesays.com\/fr\/wp-json\/wp\/v2\/media?parent=574861"}],"wp:term":[{"taxonomy":"category","embeddable":true,"href":"https:\/\/www.europesays.com\/fr\/wp-json\/wp\/v2\/categories?post=574861"},{"taxonomy":"post_tag","embeddable":true,"href":"https:\/\/www.europesays.com\/fr\/wp-json\/wp\/v2\/tags?post=574861"}],"curies":[{"name":"wp","href":"https:\/\/api.w.org\/{rel}","templated":true}]}}