{"id":574863,"date":"2025-12-03T07:24:18","date_gmt":"2025-12-03T07:24:18","guid":{"rendered":"https:\/\/www.europesays.com\/fr\/574863\/"},"modified":"2025-12-03T07:24:18","modified_gmt":"2025-12-03T07:24:18","slug":"un-peu-de-toit-rechauffe-le-corps-et-le-coeur-des-sans-abris-a-toulon","status":"publish","type":"post","link":"https:\/\/www.europesays.com\/fr\/574863\/","title":{"rendered":"Un peu de Toit r\u00e9chauffe le corps et le c\u0153ur des sans-abris \u00e0 Toulon"},"content":{"rendered":"<p><img loading=\"lazy\" decoding=\"async\" alt=\"\u00a9 S. Gauthier - Un peu de Toit va \u00e0 la rencontre des sans-abris, majoritairement des hommes, entre 30 et 60 ans, en qu\u00eate d\u2019une soupe, d\u2019un caf\u00e9, d\u2019un repas chaud, d\u2019une bouteille d\u2019eau et d\u2019un morceau de pain.\" data-zoom-src=\"https:\/\/www.europesays.com\/fr\/wp-content\/uploads\/2025\/12\/initial-maraude-un-peu-de-toit-toulon.jpg\" data-zoomable=\"\" height=\"702\" src=\"https:\/\/www.europesays.com\/fr\/wp-content\/uploads\/2025\/12\/initial-maraude-un-peu-de-toit-toulon.jpg\" width=\"1248\"\/>  <\/p>\n<p class=\"article-desc\">\u00a9 S. Gauthier &#8211; Un peu de Toit va \u00e0 la rencontre des sans-abris, majoritairement des hommes, entre 30 et 60 ans, en qu\u00eate d\u2019une soupe, d\u2019un caf\u00e9, d\u2019un repas chaud, d\u2019une bouteille d\u2019eau et d\u2019un morceau de pain. <\/p>\n<p>Si on fait le compte, <strong>l\u2019association Un peu de Toit<\/strong> assure plus de 50 maraudes par an. <\/p>\n<blockquote>\n<p>\u00ab\u00a0Et quand nous sommes dans l\u2019obligation d\u2019en annuler une, je peux vous dire que mon portable se met tout de suite \u00e0 sonner. Les gens ont faim et comptent sur nous !\u00a0\u00bb, t\u00e9moigne Cathy Revest, dynamique et sympathique pr\u00e9sidente de cette association cr\u00e9\u00e9e en 2015. <\/p>\n<\/blockquote>\n<p>L\u2019organisation de <strong>la maraude du mardi<\/strong> \u00e0 Toulon est bien rod\u00e9e : 18 h 30, chargement des chariots avec <strong>les vivres, les couvertures et quelques v\u00eatements<\/strong>. Deux \u00e9quipes pour quadriller le centre-ville : la gare et la porte d\u2019Italie. Les b\u00e9n\u00e9ficiaires le savent et attendent les b\u00e9n\u00e9voles avec une compr\u00e9hensible impatience. <\/p>\n<p> Un peu de Toit : des b\u00e9n\u00e9voles au contact d\u2019une centaine de sans-abris <\/p>\n<p>\u00ab\u00a0Dans l\u2019\u00e9quipe, certains sont dou\u00e9s pour la distribution, d\u2019autres pour la discussion. Ce qui est s\u00fbr, c\u2019est que, l\u2019espace de quelques minutes, ces personnes ne sont plus invisibles aux yeux du monde\u00a0\u00bb, constate Catherine dont l\u2019association compte actuellement <strong>39 b\u00e9n\u00e9voles &#8211;<\/strong>\u00a0parmi eux, 20 sont particuli\u00e8rement actifs. <\/p>\n<blockquote>\n<p>\u00ab Il faut aussi souligner le travail de celles et ceux qui cuisinent les plats chauds qui sont distribu\u00e9s le soir. Tout \u00e7a prend du temps \u00bb, ajoute-t-elle. <\/p>\n<\/blockquote>\n<p>  <img decoding=\"async\" alt=\"\" class=\"img-align-center\" data-zoomable=\"\" loading=\"lazy\" src=\"https:\/\/www.europesays.com\/fr\/wp-content\/uploads\/2025\/12\/equipe-maraude-un-peu-de-toit-toulon.jpg\" width=\"100%\"\/> \u00a9 S. Gauthier &#8211; Bonnet bleu, Cathy m\u00e8ne dans la bonne humeur et l\u2019empathie sa troupe d\u2019une douzaine de b\u00e9n\u00e9voles au gilet rose sillonnant les quatre coins de la ville de Toulon. <\/p>\n<p>Parmi les <strong>personnes sans abris<\/strong> rencontr\u00e9es ce soir du 25 novembre &#8211; elles sont<strong> en moyenne une centaine<\/strong> &#8211; on garde le souvenir de ce grand gaillard souriant qui n\u2019avait pas mang\u00e9 depuis trois jours ou encore ce jeune couple d\u2019amoureux qui avait autant besoin de nourriture et produits d\u2019hygi\u00e8ne que de mots de r\u00e9confort alors qu\u2019il s\u2019appr\u00eatait \u00e0 prendre le bus pour Hy\u00e8res, apparemment plus calme que Toulon pour passer la nuit\u2026 <\/p>\n<p>Heureusement, tr\u00e8s peu de familles viennent \u00e0 la distribution et Cathy l\u2019assure : \u00ab D\u00e8s qu\u2019on croise des enfants, on appelle directement le 115 pour qu\u2019il trouve une solution. \u00bb <\/p>\n<p> Les dons des particuliers, la g\u00e9n\u00e9rosit\u00e9 des partenaires <\/p>\n<p>Plus que de nouveaux b\u00e9n\u00e9voles, m\u00eame s\u2019ils sont \u00e9videmment les bienvenus, Un peu de Toit est surtout <strong>en qu\u00eate de partenaires<\/strong>, comme l\u2019association Baussetan Fai Peta qui organise une collecte du 15 au 19 d\u00e9cembre prochains (magasin Auchan du Beausset), l\u2019entreprise Bonifay qui r\u00e9colte des denr\u00e9es aupr\u00e8s de ses salari\u00e9s, le lyc\u00e9e technique Marie-France\u2026 Sans oublier quelques commer\u00e7ants et restaurateurs toulonnais qui font preuve de g\u00e9n\u00e9rosit\u00e9. Rappelons que les dons caritatifs sont d\u00e9fiscalis\u00e9s \u00e0 75 % jusqu\u2019\u00e0 1 000 \u20ac puis \u00e0 66 %.<\/p>\n<p>L&rsquo;association a un autre besoin de plus en plus pressant : celui de <strong>trouver un local de stockage<\/strong>, dans Toulon, avec acc\u00e8s \u00e0 l\u2019\u00e9lectricit\u00e9. Le local actuel n\u2019en a pas et cela complique grandement la t\u00e2che c\u00f4t\u00e9 nourriture (le frigo de Cathy est grand, mais quand m\u00eame). <\/p>\n<p>Un peu de Toit maraude le mardi soir mais quid du reste de la semaine ? D\u2019autres associations prennent le relais mais ni le lundi ni le mercredi soir. \u00ab L\u00e0 encore, les gens m\u2019appellent et me disent qu\u2019ils n&rsquo;ont rien \u00e0 manger, \u00e7a fait mal au c\u0153ur\u2026\u00a0\u00bb, conclut Cathy qui, au fil des ann\u00e9es, compte de plus en plus de personnes qui dorment dans la rue et de moins en moins de places en h\u00e9bergement d\u2019urgence.<strong>\u00a0<\/strong><\/p>\n","protected":false},"excerpt":{"rendered":"\u00a9 S. Gauthier &#8211; Un peu de Toit va \u00e0 la rencontre des sans-abris, majoritairement des hommes, entre&hellip;\n","protected":false},"author":2,"featured_media":574864,"comment_status":"","ping_status":"","sticky":false,"template":"","format":"standard","meta":{"footnotes":""},"categories":[9619],"tags":[1111,11,1777,674,1011,27,63319,12,882,25,65899,1932,2310],"class_list":{"0":"post-574863","1":"post","2":"type-post","3":"status-publish","4":"format-standard","5":"has-post-thumbnail","7":"category-toulon","8":"tag-actu","9":"tag-actualites","10":"tag-eu","11":"tag-europe","12":"tag-fr","13":"tag-france","14":"tag-maraude","15":"tag-news","16":"tag-provence-alpes-cote-dazur","17":"tag-republique-francaise","18":"tag-sans-abris","19":"tag-solidaritu00e9","20":"tag-toulon"},"share_on_mastodon":{"url":"https:\/\/pubeurope.com\/@fr\/115654444643153681","error":""},"_links":{"self":[{"href":"https:\/\/www.europesays.com\/fr\/wp-json\/wp\/v2\/posts\/574863","targetHints":{"allow":["GET"]}}],"collection":[{"href":"https:\/\/www.europesays.com\/fr\/wp-json\/wp\/v2\/posts"}],"about":[{"href":"https:\/\/www.europesays.com\/fr\/wp-json\/wp\/v2\/types\/post"}],"author":[{"embeddable":true,"href":"https:\/\/www.europesays.com\/fr\/wp-json\/wp\/v2\/users\/2"}],"replies":[{"embeddable":true,"href":"https:\/\/www.europesays.com\/fr\/wp-json\/wp\/v2\/comments?post=574863"}],"version-history":[{"count":0,"href":"https:\/\/www.europesays.com\/fr\/wp-json\/wp\/v2\/posts\/574863\/revisions"}],"wp:featuredmedia":[{"embeddable":true,"href":"https:\/\/www.europesays.com\/fr\/wp-json\/wp\/v2\/media\/574864"}],"wp:attachment":[{"href":"https:\/\/www.europesays.com\/fr\/wp-json\/wp\/v2\/media?parent=574863"}],"wp:term":[{"taxonomy":"category","embeddable":true,"href":"https:\/\/www.europesays.com\/fr\/wp-json\/wp\/v2\/categories?post=574863"},{"taxonomy":"post_tag","embeddable":true,"href":"https:\/\/www.europesays.com\/fr\/wp-json\/wp\/v2\/tags?post=574863"}],"curies":[{"name":"wp","href":"https:\/\/api.w.org\/{rel}","templated":true}]}}