{"id":574865,"date":"2025-12-03T07:25:41","date_gmt":"2025-12-03T07:25:41","guid":{"rendered":"https:\/\/www.europesays.com\/fr\/574865\/"},"modified":"2025-12-03T07:25:41","modified_gmt":"2025-12-03T07:25:41","slug":"le-cercle-mozart-avec-les-mozart-de-la-reussite-du-gard-va-inaugurer-le-palais-des-congres-h2-de-nimes","status":"publish","type":"post","link":"https:\/\/www.europesays.com\/fr\/574865\/","title":{"rendered":"Le Cercle Mozart avec Les Mozart de la R\u00e9ussite du Gard va inaugurer le palais des congr\u00e8s H2 de N\u00eemes"},"content":{"rendered":"<p class=\"chapeau\">Le Cercle Mozart, association d&rsquo;acteurs \u00e9conomiques gardois, organise Les Mozart de la R\u00e9ussite ce mardi 9 d\u00e9cembre dans le nouveau Palais des Congr\u00e8s de N\u00eemes d\u00e9nomm\u00e9 H2.<\/p>\n<p>Initi\u00e9 il y a 4 ans par le Cercle Mozart de Montpellier, le Cercle Mozart de N\u00eemes souhaite \u00ab\u00a0s&rsquo;inscrire dans une d\u00e9marche f\u00e9d\u00e9rale\u00a0\u00bb en organisant ses premiers Mozart de la r\u00e9ussite, d\u00e9clare son pr\u00e9sident Jean-Marie Chabaud.\u00a0<\/p>\n<p>Ces Mozart de la R\u00e9ussite \u00ab\u00a0valoriseront les talents de notre territoire, pas uniquement des chefs d&rsquo;entreprise dans les domaines du sport, de la sant\u00e9, du monde associatif&#8230; ce n&rsquo;est pas une d\u00e9marche purement \u00e9conomique\u00a0\u00bb insiste Jean-Marie Chabaud.<\/p>\n<p>\u00a0<\/p>\n<p><img loading=\"lazy\" decoding=\"async\" src=\"https:\/\/www.europesays.com\/fr\/wp-content\/uploads\/2025\/12\/Jean_Marie_Chabaud_president_du_Cercle_Mozart.png\" alt=\"Jean_Marie_Chabaud_president_du_Cercle_Mozart.png\" width=\"900\" height=\"675\" style=\"margin: initial; float: none; width: 100%;\"\/>Jean-Marie Chabaud, pr\u00e9sident du Cercle Mozart<\/p>\n<p>\u00a0<\/p>\n<p>Il s&rsquo;agira du premier \u00e9v\u00e8nement organis\u00e9 dans le palais des congr\u00e9s et son auditorium. Une salle qui devrait \u00eatre pleine puisqu&rsquo;elle peut accueillir 650 personnes et 604 personnes ont d\u00e9j\u00e0 confirm\u00e9 leur pr\u00e9sence.\u00a0<\/p>\n<p>\u00ab\u00a0Le Cercle Mozart de N\u00eemes, cr\u00e9\u00e9 en 2018, est une association d&rsquo;acteurs \u00e9conomiques du territoire cr\u00e9\u00e9e pour favoriser les \u00e9changes avec les acteurs \u00e9conomiques , associatifs et civils afin de s&rsquo;ins\u00e9rer le mieux possible dans la cit\u00e9\u00a0\u00bb pr\u00e9sente son pr\u00e9sident. Une fois par mois, ses membres se retrouvent le temps d&rsquo;un d\u00e9jeuner durant lequel ils re\u00e7oivent un conf\u00e9rencier ou un repr\u00e9sentant d&rsquo;institution comme le pr\u00e9fet ou le directeur du CHU de N\u00eemes. L&rsquo;association accompagne r\u00e9guli\u00e8rement des associations \u00e0 fonctionner comme derni\u00e8rement une classe du coll\u00e8ge Capouchin\u00e9 que l&rsquo;association a aid\u00e9 \u00e0 financer un voyage scolaire \u00e0 l&rsquo;\u00e9tranger.<\/p>\n<p>Il existe \u00e9galement des cercles Mozart \u00e0 Montpellier, B\u00e9zies, S\u00e8te, Aix-en-Provence et Rodez.<\/p>\n<p>\u00a0<\/p>\n<p>A lire aussi :\u00a0<strong><a href=\"https:\/\/www.lereveildumidi.fr\/%C3%A9conomie\/entreprise\/n%C3%AEmes-le-cercle-mozart-encourage-%C3%A0-%C2%AB-entreprendre,-pers%C3%A9v%C3%A9rer-et-esp%C3%A9rer-%C2%BB\" target=\"_blank\" rel=\"noopener\">N\u00eemes : le Cercle Mozart encourage \u00e0 \u00ab entreprendre, pers\u00e9v\u00e9rer et esp\u00e9rer ! \u00bb<\/a><\/strong><\/p>\n","protected":false},"excerpt":{"rendered":"Le Cercle Mozart, association d&rsquo;acteurs \u00e9conomiques gardois, organise Les Mozart de la R\u00e9ussite ce mardi 9 d\u00e9cembre dans&hellip;\n","protected":false},"author":2,"featured_media":574866,"comment_status":"","ping_status":"","sticky":false,"template":"","format":"standard","meta":{"footnotes":""},"categories":[9599],"tags":[1111,11,1777,674,1011,27,2208,12,2680,25],"class_list":{"0":"post-574865","1":"post","2":"type-post","3":"status-publish","4":"format-standard","5":"has-post-thumbnail","7":"category-montpellier","8":"tag-actu","9":"tag-actualites","10":"tag-eu","11":"tag-europe","12":"tag-fr","13":"tag-france","14":"tag-montpellier","15":"tag-news","16":"tag-occitanie","17":"tag-republique-francaise"},"share_on_mastodon":{"url":"https:\/\/pubeurope.com\/@fr\/115654447932414001","error":""},"_links":{"self":[{"href":"https:\/\/www.europesays.com\/fr\/wp-json\/wp\/v2\/posts\/574865","targetHints":{"allow":["GET"]}}],"collection":[{"href":"https:\/\/www.europesays.com\/fr\/wp-json\/wp\/v2\/posts"}],"about":[{"href":"https:\/\/www.europesays.com\/fr\/wp-json\/wp\/v2\/types\/post"}],"author":[{"embeddable":true,"href":"https:\/\/www.europesays.com\/fr\/wp-json\/wp\/v2\/users\/2"}],"replies":[{"embeddable":true,"href":"https:\/\/www.europesays.com\/fr\/wp-json\/wp\/v2\/comments?post=574865"}],"version-history":[{"count":0,"href":"https:\/\/www.europesays.com\/fr\/wp-json\/wp\/v2\/posts\/574865\/revisions"}],"wp:featuredmedia":[{"embeddable":true,"href":"https:\/\/www.europesays.com\/fr\/wp-json\/wp\/v2\/media\/574866"}],"wp:attachment":[{"href":"https:\/\/www.europesays.com\/fr\/wp-json\/wp\/v2\/media?parent=574865"}],"wp:term":[{"taxonomy":"category","embeddable":true,"href":"https:\/\/www.europesays.com\/fr\/wp-json\/wp\/v2\/categories?post=574865"},{"taxonomy":"post_tag","embeddable":true,"href":"https:\/\/www.europesays.com\/fr\/wp-json\/wp\/v2\/tags?post=574865"}],"curies":[{"name":"wp","href":"https:\/\/api.w.org\/{rel}","templated":true}]}}