{"id":574867,"date":"2025-12-03T07:27:12","date_gmt":"2025-12-03T07:27:12","guid":{"rendered":"https:\/\/www.europesays.com\/fr\/574867\/"},"modified":"2025-12-03T07:27:12","modified_gmt":"2025-12-03T07:27:12","slug":"un-nouveau-magasin-discount-bm-ouvre-aux-portes-de-montpellier","status":"publish","type":"post","link":"https:\/\/www.europesays.com\/fr\/574867\/","title":{"rendered":"Un nouveau magasin discount B&#038;M ouvre aux portes de Montpellier"},"content":{"rendered":"<p class=\"p3\">Grande nouvelle pour les habitants de l\u2019Ouest montpelli\u00e9rain, <a href=\"https:\/\/jobs.bmstores.fr\/\" target=\"_blank\" rel=\"noopener\">le g\u00e9ant britannique du discount, B&amp;M<\/a>, installe un tout nouveau magasin aux portes de Montpellier, \u00e0 Juvignac. Et l\u2019ouverture, c\u2019est ce <strong>mercredi 3 d\u00e9cembre \u00e0 9h30<\/strong>, avec une inauguration festive qui va durer quatre jours !<b\/><\/p>\n<p class=\"p3\">Situ\u00e9 au centre commercial <b>Les Portes du Soleil, 147 Rte de Lod\u00e8ve<\/b>, cette nouvelle enseigne promet de devenir le nouveau temple du bon plan pour la maison et le quotidien.<\/p>\n<p><b>Tout pour la maison et le porte-monnaie<\/b><\/p>\n<p class=\"p3\">B&amp;M, c\u2019est la marque id\u00e9ale pour faire le plein sans vider son portefeuille. Le magasin propose une gamme gigantesque d\u2019articles :<\/p>\n<ul class=\"ul1\">\n<li class=\"li3\"><b>\u00c9quipement de la maison<\/b> : linge de maison, d\u00e9coration, vaisselle, mobilier et m\u00eame les incontournables collections de No\u00ebl.<\/li>\n<li class=\"li3\"><b>\u00c9quipement de la personne<\/b> : accessoires, produits d\u2019hygi\u00e8ne et de beaut\u00e9.<\/li>\n<li class=\"li3\"><b>\u00c9picerie<\/b> : un rayon alimentaire sucr\u00e9 et sal\u00e9 bien fourni (confiserie, boissons, alimentation g\u00e9n\u00e9rale et produits du quotidien).<\/li>\n<\/ul>\n<p class=\"p3\">Vous pourrez y d\u00e9couvrir toutes les derni\u00e8res collections, des id\u00e9es cadeaux, et bien s\u00fbr, un rayon alimentaire incontournable.<\/p>\n<p><b>Quatre jours de festivit\u00e9s et de surprises !<\/b><\/p>\n<p class=\"p3\">Pour c\u00e9l\u00e9brer cette arriv\u00e9e, l\u2019\u00e9quipe du magasin a mis les petits plats dans les grands avec <b>quatre jours d\u2019animations<\/b> pr\u00e9vues du 3 au 6 d\u00e9cembre :<\/p>\n<ul class=\"ul1\">\n<li class=\"li3\"><b>D\u00e8s l\u2019ouverture mercredi 3 d\u00e9cembre \u00e0 9h30<\/b>, les premiers arrivants se verront offrir un <b>petit d\u00e9jeuner gourmand<\/b> !<\/li>\n<li class=\"li3\"><b>De nombreux lots, surprises et gourmandises<\/b> seront \u00e0 gagner et distribu\u00e9s durant ces journ\u00e9es.<\/li>\n<\/ul>\n<p><b>Rendez-vous avec le P\u00e8re No\u00ebl !\u00a0<\/b><\/p>\n<p class=\"p3\">Les enfants (et les plus grands !) auront droit \u00e0 des invit\u00e9s de marque :<\/p>\n<ul class=\"ul1\">\n<li class=\"li3\"><b>Le P\u00e8re No\u00ebl<\/b> et la mascotte <b>Bobby<\/b> seront pr\u00e9sents le <b>mercredi et le samedi<\/b> !<\/li>\n<li class=\"li3\">Des <b>s\u00e9ances de maquillage<\/b> seront propos\u00e9es pour les enfants ces deux journ\u00e9es, avec la possibilit\u00e9 pour les parents d\u2019y participer s\u2019ils le souhaitent.<\/li>\n<\/ul>\n<p class=\"p3\">Ne manquez pas ces moments festifs pour faire vos emplettes et profiter de l\u2019ambiance inaugurale.<\/p>\n<p class=\"p3\">Le magasin B&amp;M de Juvignac sera ouvert <b>du lundi au samedi de 9h \u00e0 19h<\/b> et <b>le dimanche de 10h \u00e0 19h<\/b>.<\/p>\n<blockquote class=\"instagram-media\" style=\"background: #FFF; border: 0; border-radius: 3px; box-shadow: 0 0 1px 0 rgba(0,0,0,0.5),0 1px 10px 0 rgba(0,0,0,0.15); margin: 1px; max-width: 540px; min-width: 326px; padding: 0; width: calc(100% - 2px);\" data-instgrm-captioned=\"\" data-instgrm-permalink=\"https:\/\/www.instagram.com\/reel\/DRxTlLZDbM3\/?utm_source=ig_embed&amp;utm_campaign=loading\" data-instgrm-version=\"14\">\n<\/blockquote>\n<p>\t\t\t\t\t\t\t\t\t\t\t\t\t\t\t<script async src=\"\/\/www.instagram.com\/embed.js\"><\/script><\/p>\n","protected":false},"excerpt":{"rendered":"Grande nouvelle pour les habitants de l\u2019Ouest montpelli\u00e9rain, le g\u00e9ant britannique du discount, B&amp;M, installe un tout nouveau&hellip;\n","protected":false},"author":2,"featured_media":574868,"comment_status":"","ping_status":"","sticky":false,"template":"","format":"standard","meta":{"footnotes":""},"categories":[9599],"tags":[1111,11,1777,674,1011,27,2208,12,2680,25],"class_list":{"0":"post-574867","1":"post","2":"type-post","3":"status-publish","4":"format-standard","5":"has-post-thumbnail","7":"category-montpellier","8":"tag-actu","9":"tag-actualites","10":"tag-eu","11":"tag-europe","12":"tag-fr","13":"tag-france","14":"tag-montpellier","15":"tag-news","16":"tag-occitanie","17":"tag-republique-francaise"},"share_on_mastodon":{"url":"https:\/\/pubeurope.com\/@fr\/115654455780268275","error":""},"_links":{"self":[{"href":"https:\/\/www.europesays.com\/fr\/wp-json\/wp\/v2\/posts\/574867","targetHints":{"allow":["GET"]}}],"collection":[{"href":"https:\/\/www.europesays.com\/fr\/wp-json\/wp\/v2\/posts"}],"about":[{"href":"https:\/\/www.europesays.com\/fr\/wp-json\/wp\/v2\/types\/post"}],"author":[{"embeddable":true,"href":"https:\/\/www.europesays.com\/fr\/wp-json\/wp\/v2\/users\/2"}],"replies":[{"embeddable":true,"href":"https:\/\/www.europesays.com\/fr\/wp-json\/wp\/v2\/comments?post=574867"}],"version-history":[{"count":0,"href":"https:\/\/www.europesays.com\/fr\/wp-json\/wp\/v2\/posts\/574867\/revisions"}],"wp:featuredmedia":[{"embeddable":true,"href":"https:\/\/www.europesays.com\/fr\/wp-json\/wp\/v2\/media\/574868"}],"wp:attachment":[{"href":"https:\/\/www.europesays.com\/fr\/wp-json\/wp\/v2\/media?parent=574867"}],"wp:term":[{"taxonomy":"category","embeddable":true,"href":"https:\/\/www.europesays.com\/fr\/wp-json\/wp\/v2\/categories?post=574867"},{"taxonomy":"post_tag","embeddable":true,"href":"https:\/\/www.europesays.com\/fr\/wp-json\/wp\/v2\/tags?post=574867"}],"curies":[{"name":"wp","href":"https:\/\/api.w.org\/{rel}","templated":true}]}}