{"id":574869,"date":"2025-12-03T07:28:10","date_gmt":"2025-12-03T07:28:10","guid":{"rendered":"https:\/\/www.europesays.com\/fr\/574869\/"},"modified":"2025-12-03T07:28:10","modified_gmt":"2025-12-03T07:28:10","slug":"les-retraites-font-de-la-resistance-pour-garder-leur-animatrice","status":"publish","type":"post","link":"https:\/\/www.europesays.com\/fr\/574869\/","title":{"rendered":"les retrait\u00e9s font de la r\u00e9sistance pour garder leur animatrice"},"content":{"rendered":"<p>                    Par<br \/>\n        <strong><br \/>\n            <a href=\"https:\/\/actu.fr\/auteur\/yann-rivallan\" title=\"Consulter tous les articles de Yann Rivallan\" target=\"_blank\" rel=\"noopener\">Yann Rivallan<\/a><br \/>\n                    <\/strong><\/p>\n<p>        Publi\u00e9 le<\/p>\n<p>            3 d\u00e9c. 2025 \u00e0 8h12        <\/p>\n<p>Elle vient de subir un lifting \u00e0 plus de 2 millions d\u2019euros. Vue de l\u2019ext\u00e9rieur, la <strong>r\u00e9sidence autonomie Bonvoisin<\/strong> de <a href=\"https:\/\/actu.fr\/normandie\/rouen_76540\" target=\"_blank\" rel=\"noopener\">Rouen<\/a> est charmante depuis sa r\u00e9novation en 2023. \u00ab\u2009Tout est superbe ici\u2009\u00bb, insiste Dominique, retrait\u00e9 et r\u00e9sident depuis six ans. Enfin, tout \u00ab\u2009\u00e9tait\u2009\u00bb superbe. Au d\u00e9but du mois d\u2019octobre, la soixantaine d\u2019habitants de cette r\u00e9sidence pour personnes \u00e2g\u00e9es autonomes a eu la d\u00e9sagr\u00e9able surprise d\u2019apprendre le <strong>d\u00e9part de leur animatrice<\/strong>. \u00ab\u2009C\u2019est bien beau de faire des travaux, mais maintenant on n\u2019est plus qu\u2019une coquille vide\u2009\u00bb, peste \u00c9ric, un autre r\u00e9sident.<\/p>\n<p>\u00ab\u2009Ils ne pensent qu\u2019aux \u00e9conomies\u2009\u00bb<\/p>\n<p class=\" wall-content\">V\u00e9ritable colonne vert\u00e9brale de la r\u00e9sidence, l\u2019animatrice tout juste remerci\u00e9e faisait pourtant <strong>l\u2019unanimit\u00e9<\/strong>\u2009: \u00ab\u2009Elle est merveilleuse\u2009\u00bb, assurent plusieurs r\u00e9sidents interrog\u00e9s par 76actu. Elle organisait des parties de jeux entre r\u00e9sidents, des sorties, elle emmenait plusieurs retrait\u00e9s au supermarch\u00e9 pour faire des courses, au restaurant, au bowling, etc.<\/p>\n<p class=\" wall-content\">Et elle sortait m\u00eame parfois de ses missions. \u00ab\u2009Par exemple, elle nous aidait \u00e0 utiliser notre t\u00e9l\u00e9phone, \u00e0 faire des d\u00e9marches sur internet\u2009\u00bb, explique St\u00e9phane, un r\u00e9sident.<\/p>\n<p class=\" wall-content\">Mais du jour au lendemain, <strong>son poste a \u00e9t\u00e9 supprim\u00e9<\/strong>. \u00ab\u2009On ne comprend pas, s\u2019agacent plusieurs retrait\u00e9s. Ils ne tiennent pas compte de nous, ils ne pensent qu\u2019aux \u00e9conomies.\u2009\u00bb<\/p>\n<p>Suppression de poste et r\u00e9organisation<\/p>\n<p class=\" wall-content\">\u00ab\u2009Ils\u2009\u00bb, ce sont les repr\u00e9sentants du comit\u00e9 social territorial, dont font partie des \u00e9lus de la mairie de Rouen. Le 27\u00a0novembre 2025, ils ont valid\u00e9 une r\u00e9organisation des r\u00e9sidences autonomie de la ville suite \u00e0 la cr\u00e9ation d\u2019un nouveau service d\u2019aide \u00e0 domicile.<\/p>\n<p class=\" wall-content\">La cons\u00e9quence pour les quatre r\u00e9sidences autonomie de Rouen est la suivante\u2009: les \u00ab\u2009assistantes de convivialit\u00e9\u2009\u00bb, autrement dit les animatrices, vont passer d\u2019un \u00e9quivalent temps plein \u00e0 <strong>un demi temps plein<\/strong> dans toutes les r\u00e9sidences, pour des raisons budg\u00e9taires.<\/p>\n<p class=\" wall-content\">En bref, le poste de l\u2019animatrice de Bonvoisin (derni\u00e8re arriv\u00e9e dans les effectifs) est supprim\u00e9 et les animatrices restantes vont travailler \u00e0 mi-temps sur chaque r\u00e9sidence. \u00ab\u2009On aura quelqu\u2019un<strong> deux jours par semaine<\/strong> [au lieu de quatre]\u2009\u00bb, constate St\u00e9phane.<\/p>\n<p>Votre r\u00e9gion, votre actu !<\/p>\n<p>Recevez chaque jour les infos qui comptent pour vous.<\/p>\n<p>\t<a href=\"https:\/\/actu.fr\/newsletter\" class=\"ac-btn ac-btn--corner ac-btn--medium ac-btn--blue800\" target=\"_blank\" rel=\"noopener\">S&rsquo;incrire<\/a><br \/>\nLes r\u00e9sidents montent une p\u00e9tition<\/p>\n<p class=\" wall-content\">Chez les r\u00e9sidents de Bonvoisin, on craint le pire. \u00ab\u2009Moi, \u00e7a va, j\u2019ai ma voiture et mes proches pas loin, raconte Dominique. Mais les autres, ils font comment\u2009?\u2009\u00bb Parmi eux, beaucoup risquent de se <strong>retrouver \u00ab\u2009isol\u00e9s\u2009\u00bb<\/strong>, nous indique-t-on.<\/p>\n<p class=\" wall-content\">Les missions de l\u2019animatrice permettent justement \u00ab\u2009de rencontrer du monde, <strong>de sociabiliser<\/strong>, de partager des moments\u2009\u00bb, explique encore St\u00e9phane. D\u2019ailleurs, \u00ab\u2009quand on arrive pour la premi\u00e8re fois, la directrice nous invite \u00e0 sortir de notre appartement et \u00e0 participer aux animations\u2009\u00bb.<\/p>\n<p class=\" wall-content\">Avec une division par deux du temps de pr\u00e9sence d\u2019une animatrice, \u00ab\u2009\u00e7a ne va jamais le faire\u2009\u00bb, pense \u00c9ric.<\/p>\n<blockquote class=\"ac-article-quote wall-content\">\n<p>\u00c7a peut para\u00eetre insignifiant, mais pour nous c&rsquo;est beaucoup.<\/p>\n<p>    <strong>Dominique<\/strong><br \/>\n        Un r\u00e9sident de Bonvoisin    <\/p><\/blockquote>\n<p class=\" wall-content\">C\u2019est un quotidien chamboul\u00e9. \u00ab\u2009Et le risque qu\u2019on continue de grignoter des postes\u2009\u00bb, s\u2019inqui\u00e8te un autre r\u00e9sident.<\/p>\n<p class=\" wall-content\">Face \u00e0 cette situation, une grande partie des r\u00e9sidents ont <strong>sign\u00e9 une p\u00e9tition<\/strong> pour r\u00e9clamer le maintien de l\u2019animatrice. \u00ab\u2009On a m\u00eame propos\u00e9 d\u2019augmenter notre loyer pour qu\u2019elle reste\u2009\u00bb, indique St\u00e9phane.<\/p>\n<p>Il n\u2019y avait pas le choix, selon une adjointe<\/p>\n<p class=\" wall-content\">Interrog\u00e9e sur cette d\u00e9cision, l\u2019adjointe au maire de Rouen en charge des solidarit\u00e9s, Caroline Dutarte, assure qu\u2019il n\u2019y avait pas le choix.<\/p>\n<blockquote class=\"ac-article-quote wall-content\">\n<p>Nous avons op\u00e9r\u00e9 une r\u00e9organisation car nous avions l&rsquo;obligation de cr\u00e9er un service autonomie d&rsquo;aide \u00e0 domicile \u00e0 Rouen pour nous conformer \u00e0 un d\u00e9cret national.<\/p>\n<p>    <strong>Caroline Dutarte<\/strong><br \/>\n        Adjointe au maire de Rouen    <\/p><\/blockquote>\n<p class=\" wall-content\">Jusqu\u2019alors, les aides \u00e0 domicile de la Ville de Rouen travaillaient exclusivement dans les r\u00e9sidences autonomies. Avec ce nouveau service, elles vont devoir partager leur temps entre les r\u00e9sidences et les domiciles des personnes \u00e2g\u00e9es.<\/p>\n<p class=\" wall-content\">Cons\u00e9quence, \u00ab\u2009nous avons d\u00fb augmenter <strong>le temps de pr\u00e9sence des gardiens<\/strong> des r\u00e9sidences\u2009\u00bb, explique Caroline Dutarte. Car il est obligatoire d\u2019avoir une pr\u00e9sence 24h sur 24 et 7\u00a0jours sur 7, en l\u2019absence des aides \u00e0 domicile.<\/p>\n<p class=\" wall-content\">Forc\u00e9ment, tout \u00e7a, c\u2019est \u00ab\u2009un budget en plus\u2009\u00bb, convient l\u2019adjointe au maire. Le comit\u00e9 social territorial a donc d\u00e9cid\u00e9 de \u00ab\u2009r\u00e9duire le temps d\u2019animation\u2009\u00bb pour assumer ces co\u00fbts suppl\u00e9mentaires.<\/p>\n<p>\u00ab\u2009Nous travaillons au b\u00e9n\u00e9fice de tous\u2009\u00bb<\/p>\n<p class=\" wall-content\">Pour le cas de la r\u00e9sidence Bonvoisin, Caroline Dutarte dit comprendre qu\u2019un \u00ab\u2009lien tr\u00e8s fort\u2009\u00bb unissait les r\u00e9sidents et leur animatrice. \u00ab\u2009Ce n\u2019est pas de gaiet\u00e9 de c\u0153ur qu\u2019on se s\u00e9pare d\u2019elle, assure l\u2019adjointe. On lui a propos\u00e9 un autre poste dans un service de la Ville qui correspond \u00e0 ses comp\u00e9tences mais elle l\u2019a refus\u00e9.\u2009\u00bb<\/p>\n<blockquote class=\"ac-article-quote wall-content\">\n<p>Nous travaillons au b\u00e9n\u00e9fice de tous. Nous n&rsquo;avons pas envie de perdre en qualit\u00e9 d&rsquo;accueil.<\/p>\n<p>    <strong>Caroline Dutarte<\/strong><br \/>\n        Adjointe au maire de Rouen    <\/p><\/blockquote>\n<p class=\" wall-content\">Pour conserver ce lien entre r\u00e9sidents, l\u2019adjointe propose de renforcer et <strong>multiplier les ateliers<\/strong> de diff\u00e9rentes associations au sein de la r\u00e9sidence. \u00c0 terme, la solution pourrait \u00eatre de \u00ab\u2009faire intervenir le service animation de la maison des a\u00een\u00e9s\u2009\u00bb, \u00e9voque l\u2019\u00e9lue. De quoi peut-\u00eatre compenser d\u2019ici quelques mois la perte des deux jours d\u2019animations occasionn\u00e9e par cette r\u00e9organisation.<\/p>\n<p class=\" wall-content\">Chez les r\u00e9sidents interrog\u00e9s, on sent de la r\u00e9signation\u2009: \u00ab\u2009Maintenant c\u2019est trop tard, souffle l\u2019un d\u2019eux. On n\u2019a pas eu notre mot \u00e0 dire. Et personne n\u2019a r\u00e9pondu \u00e0 notre p\u00e9tition\u2026\u2009\u00bb<\/p>\n<p>Suivez l\u2019actualit\u00e9 de Rouen sur <a href=\"https:\/\/www.whatsapp.com\/channel\/0029VaKfnf99hXF2ddApFB1D\" target=\"_blank\" rel=\"noopener\">notre cha\u00eene WhatsApp<\/a> et sur <a href=\"https:\/\/www.tiktok.com\/@76actu.fr?lang=fr\" target=\"_blank\" rel=\"noopener\">notre compte TikTok<\/a><\/p>\n<p class=\" wall-content\">Personnalisez votre actualit\u00e9 en ajoutant vos villes et m\u00e9dias en favori avec <a href=\"https:\/\/moncompte.actu.fr\" title=\"D\u00e9couvez Mon Actu\" rel=\"nofollow noopener\" data-trk=\"{&quot;cta&quot;:{&quot;action&quot;:&quot;https:\\\/\\\/moncompte.actu.fr&quot;,&quot;category&quot;:&quot;mon compte&quot;,&quot;from&quot;:&quot;article footer&quot;,&quot;name&quot;:&quot;Mon actu&quot;,&quot;type&quot;:&quot;cta&quot;}}\" target=\"_blank\">Mon Actu<\/a>.<\/p>\n<p>                    <script async src=\"\/\/www.tiktok.com\/embed.js\"><\/script><\/p>\n","protected":false},"excerpt":{"rendered":"Par Yann Rivallan Publi\u00e9 le 3 d\u00e9c. 2025 \u00e0 8h12 Elle vient de subir un lifting \u00e0 plus&hellip;\n","protected":false},"author":2,"featured_media":574870,"comment_status":"","ping_status":"","sticky":false,"template":"","format":"standard","meta":{"footnotes":""},"categories":[9587],"tags":[1111,11,1063,1777,674,1011,27,12,5161,25,137,9590,104],"class_list":{"0":"post-574869","1":"post","2":"type-post","3":"status-publish","4":"format-standard","5":"has-post-thumbnail","7":"category-rouen","8":"tag-actu","9":"tag-actualites","10":"tag-animations","11":"tag-eu","12":"tag-europe","13":"tag-fr","14":"tag-france","15":"tag-news","16":"tag-normandie","17":"tag-republique-francaise","18":"tag-retraite","19":"tag-rouen","20":"tag-societe"},"share_on_mastodon":{"url":"https:\/\/pubeurope.com\/@fr\/115654459663807077","error":""},"_links":{"self":[{"href":"https:\/\/www.europesays.com\/fr\/wp-json\/wp\/v2\/posts\/574869","targetHints":{"allow":["GET"]}}],"collection":[{"href":"https:\/\/www.europesays.com\/fr\/wp-json\/wp\/v2\/posts"}],"about":[{"href":"https:\/\/www.europesays.com\/fr\/wp-json\/wp\/v2\/types\/post"}],"author":[{"embeddable":true,"href":"https:\/\/www.europesays.com\/fr\/wp-json\/wp\/v2\/users\/2"}],"replies":[{"embeddable":true,"href":"https:\/\/www.europesays.com\/fr\/wp-json\/wp\/v2\/comments?post=574869"}],"version-history":[{"count":0,"href":"https:\/\/www.europesays.com\/fr\/wp-json\/wp\/v2\/posts\/574869\/revisions"}],"wp:featuredmedia":[{"embeddable":true,"href":"https:\/\/www.europesays.com\/fr\/wp-json\/wp\/v2\/media\/574870"}],"wp:attachment":[{"href":"https:\/\/www.europesays.com\/fr\/wp-json\/wp\/v2\/media?parent=574869"}],"wp:term":[{"taxonomy":"category","embeddable":true,"href":"https:\/\/www.europesays.com\/fr\/wp-json\/wp\/v2\/categories?post=574869"},{"taxonomy":"post_tag","embeddable":true,"href":"https:\/\/www.europesays.com\/fr\/wp-json\/wp\/v2\/tags?post=574869"}],"curies":[{"name":"wp","href":"https:\/\/api.w.org\/{rel}","templated":true}]}}