{"id":574881,"date":"2025-12-03T07:34:14","date_gmt":"2025-12-03T07:34:14","guid":{"rendered":"https:\/\/www.europesays.com\/fr\/574881\/"},"modified":"2025-12-03T07:34:14","modified_gmt":"2025-12-03T07:34:14","slug":"strasbourg-le-village-du-partage-sanime-ce-vendredi-5-decembre-place-kleber-pour-la-journee-du-benevolat","status":"publish","type":"post","link":"https:\/\/www.europesays.com\/fr\/574881\/","title":{"rendered":"Strasbourg. Le Village du partage s\u2019anime ce vendredi 5 d\u00e9cembre place Kl\u00e9ber pour la Journ\u00e9e du b\u00e9n\u00e9volat"},"content":{"rendered":"<p>Quel meilleur lieu que le Village du Partage du <a href=\"https:\/\/www.dna.fr\/d\/marche-de-noel-de-strasbourg-2d5b077a-71b9-45ee-a451-f9f5e5836c19\" target=\"_blank\" rel=\"noopener\">march\u00e9 de No\u00ebl<\/a> pour porter haut et fort les valeurs du b\u00e9n\u00e9volat\u00a0? Ce vendredi 5\u00a0d\u00e9cembre, France B\u00e9n\u00e9volat Bas-Rhin, le Collectif Humanis, la Maison des associations de Strasbourg ainsi que d\u2019autres structures pr\u00e9sentes sur le village organisent un moment de partage et de rencontre.<\/p>\n<p>\u00ab\u00a0Cette journ\u00e9e symbolique a pour but de valoriser l\u2019engagement b\u00e9n\u00e9vole et d\u2019encourager la solidarit\u00e9\u00a0\u00bb, d\u00e9clare Michel Bortoluzzi, pr\u00e9sident de <a href=\"https:\/\/www.dna.fr\/culture-loisirs\/2025\/10\/14\/point-de-rencontre-entre-associations-et-benevoles\" target=\"_blank\" rel=\"noopener\">France B\u00e9n\u00e9volat<\/a>. L\u2019opportunit\u00e9 pour les b\u00e9n\u00e9voles de t\u00e9moigner et partager leur exp\u00e9rience, mais aussi pour les curieux de d\u00e9couvrir le milieu associatif et de s\u2019engager dans la solidarit\u00e9. Si l\u2019importance des associations dans nos soci\u00e9t\u00e9s n\u2019est plus \u00e0 d\u00e9montrer, l\u2019engagement b\u00e9n\u00e9vole est vital pour mener \u00e0 bien leurs projets. \u00ab\u00a0C\u2019est pourquoi nous invitons tout le monde \u2013 associations, b\u00e9n\u00e9voles, passants et m\u00eame touristes \u2013 \u00e0 venir \u00e9changer avec nous, nous pouvons les guider, les informer ou les conseiller\u00a0\u00bb, ajoute-t-il.<\/p>\n<p>  Des interviews en direct sur RBS<\/p>\n<p>Deux moments forts marqueront cette journ\u00e9e\u00a0: une photo g\u00e9ante \u00e0 13\u00a0h en compagnie des b\u00e9n\u00e9voles, sympathisants et curieux au c\u0153ur de la place Kl\u00e9ber et le traditionnel partage du mannele solidaire \u00e0 17\u00a0h. Cette ann\u00e9e, cet \u00e9v\u00e9nement symbolique r\u00e9sonnera \u00e9galement sur les ondes\u00a0: France B\u00e9n\u00e9volat, qui anime chaque semaine des chroniques associatives sur <a href=\"https:\/\/www.dna.fr\/culture-loisirs\/2025\/11\/14\/rbs-party-une-fete-teintee-d-inquietude\" target=\"_blank\" rel=\"noopener\">Radio RBS<\/a> , coanimera une \u00e9mission sp\u00e9ciale. L\u2019antenne sera enti\u00e8rement d\u00e9di\u00e9e \u00e0 cet apr\u00e8s-midi solidaire\u00a0: associations et b\u00e9n\u00e9voles passeront en studio, en direct, pour raconter leur engagement, expliquer leurs missions et donner envie \u00e0 chacun de franchir le pas. Une fa\u00e7on d\u2019amplifier encore le message\u00a0: le b\u00e9n\u00e9volat fait vivre nos territoires, et chacun peut y trouver sa place.<\/p>\n","protected":false},"excerpt":{"rendered":"Quel meilleur lieu que le Village du Partage du march\u00e9 de No\u00ebl pour porter haut et fort les&hellip;\n","protected":false},"author":2,"featured_media":574882,"comment_status":"","ping_status":"","sticky":false,"template":"","format":"standard","meta":{"footnotes":""},"categories":[2820],"tags":[1111,11,1687,2880,1777,674,107,1011,27,775,12,25,104,640,2879,1631],"class_list":{"0":"post-574881","1":"post","2":"type-post","3":"status-publish","4":"format-standard","5":"has-post-thumbnail","7":"category-strasbourg","8":"tag-actu","9":"tag-actualites","10":"tag-culture-loisirs","11":"tag-edition-strasbourg","12":"tag-eu","13":"tag-europe","14":"tag-fil-info","15":"tag-fr","16":"tag-france","17":"tag-grand-est","18":"tag-news","19":"tag-republique-francaise","20":"tag-societe","21":"tag-strasbourg","22":"tag-strasbourg-ville","23":"tag-vie-associative"},"share_on_mastodon":{"url":"https:\/\/pubeurope.com\/@fr\/115654483637417535","error":""},"_links":{"self":[{"href":"https:\/\/www.europesays.com\/fr\/wp-json\/wp\/v2\/posts\/574881","targetHints":{"allow":["GET"]}}],"collection":[{"href":"https:\/\/www.europesays.com\/fr\/wp-json\/wp\/v2\/posts"}],"about":[{"href":"https:\/\/www.europesays.com\/fr\/wp-json\/wp\/v2\/types\/post"}],"author":[{"embeddable":true,"href":"https:\/\/www.europesays.com\/fr\/wp-json\/wp\/v2\/users\/2"}],"replies":[{"embeddable":true,"href":"https:\/\/www.europesays.com\/fr\/wp-json\/wp\/v2\/comments?post=574881"}],"version-history":[{"count":0,"href":"https:\/\/www.europesays.com\/fr\/wp-json\/wp\/v2\/posts\/574881\/revisions"}],"wp:featuredmedia":[{"embeddable":true,"href":"https:\/\/www.europesays.com\/fr\/wp-json\/wp\/v2\/media\/574882"}],"wp:attachment":[{"href":"https:\/\/www.europesays.com\/fr\/wp-json\/wp\/v2\/media?parent=574881"}],"wp:term":[{"taxonomy":"category","embeddable":true,"href":"https:\/\/www.europesays.com\/fr\/wp-json\/wp\/v2\/categories?post=574881"},{"taxonomy":"post_tag","embeddable":true,"href":"https:\/\/www.europesays.com\/fr\/wp-json\/wp\/v2\/tags?post=574881"}],"curies":[{"name":"wp","href":"https:\/\/api.w.org\/{rel}","templated":true}]}}