{"id":574883,"date":"2025-12-03T07:35:25","date_gmt":"2025-12-03T07:35:25","guid":{"rendered":"https:\/\/www.europesays.com\/fr\/574883\/"},"modified":"2025-12-03T07:35:25","modified_gmt":"2025-12-03T07:35:25","slug":"strasbourg-forum-ici-on-agit-pourquoi-les-scientifiques-sengagent","status":"publish","type":"post","link":"https:\/\/www.europesays.com\/fr\/574883\/","title":{"rendered":"Strasbourg. Forum \u00ab\u00a0Ici, on agit\u00a0!\u00a0\u00bb : pourquoi les scientifiques s\u2019engagent"},"content":{"rendered":"<p>Pour l\u2019organisation de ce <a href=\"https:\/\/www.lalsace.fr\/environnement\/2025\/10\/24\/ici-on-agit-un-forum-a-strasbourg-pour-federer-les-initiatives-en-faveur-du-climat-et-de-l-environnement\" target=\"_blank\" rel=\"noopener\">forum \u00ab Ici, on agit ! \u00bb<\/a> d\u00e9di\u00e9 aux outils permettant d\u2019agir pour acc\u00e9l\u00e9rer la transition \u00e9cologique, qu\u2019accueillera Strasbourg les 17 et 18\u00a0juin prochains, un comit\u00e9 compos\u00e9 de douze scientifiques a \u00e9t\u00e9 constitu\u00e9. Son r\u00f4le consiste \u00e0 faire b\u00e9n\u00e9ficier l\u2019organisation du forum de leur caution scientifique. Chercheurs et chercheuses dans les universit\u00e9s alsaciennes, franc-comtoise, belfortaine et nanc\u00e9enne, ils et elles ont accept\u00e9 de s\u2019engager et nous disent pourquoi.<\/p>\n<p>La g\u00e9ographe <strong><a href=\"https:\/\/www.lalsace.fr\/culture-loisirs\/2024\/06\/22\/villes-de-demain-rencontre-avec-une-chercheuse-du-cnrs\" target=\"_blank\" rel=\"noopener\">Nad\u00e8ge Blond<\/a><\/strong> estime qu\u2019 \u00ab\u00a0\u00e0 l\u2019heure o\u00f9 tant de questions se posent sur l\u2019avenir de nos soci\u00e9t\u00e9s face aux changements globaux, rassembler l\u2019ensemble des acteurs pour discuter des solutions accessibles me para\u00eet essentiel.\u00a0\u00bb<\/p>\n<p><strong>Isabelle Combroux<\/strong> est biologiste et \u00e9cologue. Sp\u00e9cialiste de la restauration \u00e9cologique des milieux aquatiques, elle intervient notamment sur les bras morts du Rhin. C\u2019est \u00e0 ce titre qu\u2019elle apporte sa contribution \u00e0 ce projet.<\/p>\n<p>  \u00ab\u00a0Sauvons ce qui peut encore l\u2019\u00eatre via des actions locales\u00a0\u00bb<\/p>\n<p>\u00ab\u00a0Ce qui peut motiver un \u00e9cophysiologiste et biologiste de l\u2019\u00e9volution, c\u2019est le regard sid\u00e9r\u00e9 que nous pouvons porter face \u00e0 une situation de g\u00e2chis sid\u00e9ral. Nous avons dilapid\u00e9 en quelques d\u00e9cennies ce que des millions d\u2019ann\u00e9es d\u2019\u00e9volution nous avaient l\u00e9gu\u00e9. Et rien de cela ne sera r\u00e9cup\u00e9rable \u00e0 l\u2019\u00e9chelle temporelle de l\u2019Humanit\u00e9. Sauvons donc ce qui peut encore l\u2019\u00eatre via des actions locales\u00a0\u00bb, plaide <strong>Fran\u00e7ois Criscuolo<\/strong>.<\/p>\n<p>Pilote de l\u2019Observatoire hommes milieux Fessenheim, <strong>Fanny Greullet<\/strong> insiste sur le fait que \u00ab\u00a0toute action qui vise \u00e0 soutenir et faciliter une approche globale des choses est la bienvenue\u00a0\u00bb.<\/p>\n<p>  \u00ab\u00a0Le dialogue entre science et soci\u00e9t\u00e9 est un socle n\u00e9cessaire\u00a0\u00bb<\/p>\n<p>Pour <strong>Marie Lammert<\/strong> , <a href=\"https:\/\/www.lalsace.fr\/education\/2025\/04\/01\/une-equipe-paritaire-elue-a-la-tete-de-l-unistra\" target=\"_blank\" rel=\"noopener\">vice-pr\u00e9sidente en charge de la transition \u00e9cologique<\/a> \u00e0 l\u2019Unistra, \u00ab\u00a0\u00e0 l\u2019heure o\u00f9 les transformations doivent \u00eatre syst\u00e9miques et rassembleuses, le dialogue entre science et soci\u00e9t\u00e9 est un socle n\u00e9cessaire pour r\u00e9pondre aux d\u00e9fis soci\u00e9taux\u00a0\u00bb.<\/p>\n<p><strong><a href=\"https:\/\/www.lalsace.fr\/environnement\/2021\/07\/13\/grand-format-la-maison-de-bois-et-de-soleil-d-ottmarsheim\" target=\"_blank\" rel=\"noopener\">Thierry de Larochelambert<\/a><\/strong> est physicien-chimiste et redit la grande importance de partager connaissances et exp\u00e9rience. \u00ab\u00a0Voil\u00e0 une belle d\u00e9marche collective d\u2019information pour faire conna\u00eetre les meilleures solutions et actions individuelles et collectives d\u00e9j\u00e0 mises en \u0153uvre pour combattre le d\u00e9r\u00e8glement climatique.\u00a0\u00bb<\/p>\n<p>G\u00e9ographe, <strong><a href=\"https:\/\/www.lalsace.fr\/environnement\/2024\/05\/19\/acquerir-une-culture-du-risque-inondation\" target=\"_blank\" rel=\"noopener\">Brice Martin<\/a><\/strong> consid\u00e8re \u00ab\u00a0que #Ici on agit\u00a0! repr\u00e9sente une illustration du penser global-agir local, \u00e0 une p\u00e9riode o\u00f9 la responsabilisation doit \u00eatre aussi mise en avant que vant\u00e9e\u00a0\u00bb.<\/p>\n<p>Membre du Groupe d\u2019experts intergouvernemental sur l\u2019\u00e9volution du climat (GIEC), <strong><a href=\"https:\/\/www.republicain-lorrain.fr\/culture-loisirs\/2024\/08\/20\/valerie-masson-delmotte-montrer-ce-qui-est-d-ores-et-deja-fait-et-qui-fonctionne\" target=\"_blank\" rel=\"noopener\">Val\u00e9rie Masson-Delmotte<\/a><\/strong> est pal\u00e9oclimatologue. \u00ab\u00a0Construire une r\u00e9flexion sur des enjeux partag\u00e9s en r\u00e9unissant des gens d\u2019horizons diff\u00e9rents, en utilisant des leviers qui, souvent existent, mais en ayant l\u2019ambition de rendre les choses plus visibles, cela me semble essentiel\u00a0\u00bb, assure-t-elle.<\/p>\n<p>  \u00ab\u00a0Nous avons besoin que la recherche soit comprise et partag\u00e9e\u00a0\u00bb<\/p>\n<p>\u00ab\u00a0Cette d\u00e9marche met au d\u00e9fi les scientifiques de trouver les mots pour parler des enjeux \u00e0 tous, c\u2019est-\u00e0-dire de mani\u00e8re intelligible\u00a0\u00bb, d\u00e9fend <strong><a href=\"https:\/\/www.republicain-lorrain.fr\/environnement\/2024\/10\/17\/guillain-mauviel-rendre-intelligible-la-complexite-des-enjeux-environnementaux\" target=\"_blank\" rel=\"noopener\">Guillain Mauviel<\/a><\/strong> qui est le vice-pr\u00e9sident charg\u00e9 de la transition \u00e9cologique \u00e0 l\u2019universit\u00e9 de Lorraine.<\/p>\n<p><strong><a href=\"https:\/\/www.republicain-lorrain.fr\/environnement\/2024\/09\/30\/icionagit-raphael-pik-directeur-de-l-observatoire-terre-environnement-de-lorraine-veut-partager-les-savoirs-scientifiques\" target=\"_blank\" rel=\"noopener\">Rapha\u00ebl Pik<\/a><\/strong> est g\u00e9ologue. \u00ab\u00a0Nous n\u2019avons jamais eu autant besoin de la science, constate-t-il. Mais nous avons aussi besoin que la recherche scientifique soit comprise et partag\u00e9e. Il faut l\u2019amener jusqu\u2019au citoyen.\u00a0\u00bb<\/p>\n<p>Le g\u00e9ographe <strong>\u00a0 <a href=\"https:\/\/www.lalsace.fr\/culture-loisirs\/2025\/03\/10\/connaissez-vous-le-rhin-ce-scientifique-va-vous-le-raconter\" target=\"_blank\" rel=\"noopener\">Laurent Schmitt<\/a><\/strong> appr\u00e9cie \u00ab\u00a0la mobilisation des scientifiques et leur interaction avec les acteurs socio-\u00e9conomiques. Les innovations technologiques et surtout sociales ne peuvent voir le jour que dans une dynamique de co-construction entre la science et la soci\u00e9t\u00e9.\u00a0\u00bb<\/p>\n<p>Enfin <strong> Brigitte Vu<\/strong> travaille sur l\u2019efficacit\u00e9 \u00e9nerg\u00e9tique des b\u00e2timents. Elle souligne que son engagement est guid\u00e9 par sa volont\u00e9 de partager son exp\u00e9rience pour permettre \u00e0 ses interlocuteurs de choisir les meilleures solutions pour diminuer leur consommation \u00e9nerg\u00e9tique et r\u00e9nover leurs logements.<\/p>\n","protected":false},"excerpt":{"rendered":"Pour l\u2019organisation de ce forum \u00ab Ici, on agit ! \u00bb d\u00e9di\u00e9 aux outils permettant d\u2019agir pour acc\u00e9l\u00e9rer&hellip;\n","protected":false},"author":2,"featured_media":574884,"comment_status":"","ping_status":"","sticky":false,"template":"","format":"standard","meta":{"footnotes":""},"categories":[2820],"tags":[1111,11,2389,436,1777,674,107,1011,27,775,9588,12,25,640],"class_list":{"0":"post-574883","1":"post","2":"type-post","3":"status-publish","4":"format-standard","5":"has-post-thumbnail","7":"category-strasbourg","8":"tag-actu","9":"tag-actualites","10":"tag-alsace","11":"tag-environnement","12":"tag-eu","13":"tag-europe","14":"tag-fil-info","15":"tag-fr","16":"tag-france","17":"tag-grand-est","18":"tag-ici-on-agit","19":"tag-news","20":"tag-republique-francaise","21":"tag-strasbourg"},"share_on_mastodon":{"url":"https:\/\/pubeurope.com\/@fr\/115654487157284197","error":""},"_links":{"self":[{"href":"https:\/\/www.europesays.com\/fr\/wp-json\/wp\/v2\/posts\/574883","targetHints":{"allow":["GET"]}}],"collection":[{"href":"https:\/\/www.europesays.com\/fr\/wp-json\/wp\/v2\/posts"}],"about":[{"href":"https:\/\/www.europesays.com\/fr\/wp-json\/wp\/v2\/types\/post"}],"author":[{"embeddable":true,"href":"https:\/\/www.europesays.com\/fr\/wp-json\/wp\/v2\/users\/2"}],"replies":[{"embeddable":true,"href":"https:\/\/www.europesays.com\/fr\/wp-json\/wp\/v2\/comments?post=574883"}],"version-history":[{"count":0,"href":"https:\/\/www.europesays.com\/fr\/wp-json\/wp\/v2\/posts\/574883\/revisions"}],"wp:featuredmedia":[{"embeddable":true,"href":"https:\/\/www.europesays.com\/fr\/wp-json\/wp\/v2\/media\/574884"}],"wp:attachment":[{"href":"https:\/\/www.europesays.com\/fr\/wp-json\/wp\/v2\/media?parent=574883"}],"wp:term":[{"taxonomy":"category","embeddable":true,"href":"https:\/\/www.europesays.com\/fr\/wp-json\/wp\/v2\/categories?post=574883"},{"taxonomy":"post_tag","embeddable":true,"href":"https:\/\/www.europesays.com\/fr\/wp-json\/wp\/v2\/tags?post=574883"}],"curies":[{"name":"wp","href":"https:\/\/api.w.org\/{rel}","templated":true}]}}