{"id":574901,"date":"2025-12-03T07:44:11","date_gmt":"2025-12-03T07:44:11","guid":{"rendered":"https:\/\/www.europesays.com\/fr\/574901\/"},"modified":"2025-12-03T07:44:11","modified_gmt":"2025-12-03T07:44:11","slug":"sante-cette-application-nee-a-la-madeleine-devoile-une-enquete-inedite-sur-les-18-30-ans","status":"publish","type":"post","link":"https:\/\/www.europesays.com\/fr\/574901\/","title":{"rendered":"Sant\u00e9. Cette application n\u00e9e \u00e0 La Madeleine d\u00e9voile une enqu\u00eate in\u00e9dite sur les 18-30 ans"},"content":{"rendered":"<p>                    Par<br \/>\n        <strong><br \/>\n            <a href=\"https:\/\/actu.fr\/auteur\/amandine-vachez\" title=\"Consulter tous les articles de Amandine Vachez\" target=\"_blank\" rel=\"noopener\">Amandine Vachez<\/a><br \/>\n                    <\/strong><\/p>\n<p>        Publi\u00e9 le<\/p>\n<p>            3 d\u00e9c. 2025 \u00e0 8h12        <\/p>\n<p>\u00ab\u00a0Mieux vaut pr\u00e9venir que gu\u00e9rir\u00a0\u00bb, dit-on. Et cela, Vipali l\u2019a compris. Ce <b>sp\u00e9cialiste en pr\u00e9vention <\/b><a href=\"https:\/\/actu.fr\/tag\/sante\" target=\"_blank\" rel=\"noopener\">sant\u00e9<\/a>, qui a lanc\u00e9 son <b>application il y a 2\u00a0ans fin 2025<\/b>, dresse un<b> bilan in\u00e9dit avec des donn\u00e9es r\u00e9colt\u00e9es aupr\u00e8s des 18-30\u00a0ans<\/b>. Ces derniers pr\u00e9sentent, selon l\u2019application nordiste bas\u00e9e \u00e0 <a href=\"https:\/\/actu.fr\/hauts-de-france\/la-madeleine_59368\" target=\"_blank\" rel=\"noopener\">La Madeleine<\/a> pr\u00e8s de <a href=\"https:\/\/actu.fr\/lille\" target=\"_blank\" rel=\"noopener\">Lille<\/a> (Nord), des <b>habitudes de vie 17\u2009% plus \u00e0 risque<\/b> que la population g\u00e9n\u00e9rale. Pr\u00e9cisions.<\/p>\n<p>Divers facteurs de risques\u2009: s\u00e9dentarit\u00e9, \u00e9crans\u2026<\/p>\n<p class=\" wall-content\">Vipali a pour objectif d\u2019aider \u00e0<b> changer ses habitudes pour \u00e9viter, \u00e0 long terme, les probl\u00e8mes de sant\u00e9.<\/b> L\u2019application se penche donc en particulier sur les jeunes, dont les habitudes de vie sont \u00ab\u200917\u2009% plus \u00e0 risque que la population g\u00e9n\u00e9rale\u2009\u00bb, selon une enqu\u00eate r\u00e9alis\u00e9e sur 500 jeunes adultes, et compar\u00e9e \u00e0 un panel de 2000 personnes.<\/p>\n<p class=\" wall-content\">Cette premi\u00e8re enqu\u00eate de l\u2019application, qui s\u2019entoure de nombreux partenaires pour se d\u00e9velopper (entreprises et organismes impliqu\u00e9s dans la pr\u00e9vention, comme l\u2019<a href=\"https:\/\/actu.fr\/tag\/institut-pasteur-de-lille\" target=\"_blank\" rel=\"noopener\">Institut Pasteur de Lille<\/a>), permet de mettre en lumi\u00e8re divers facteurs de risques. Notamment \u00ab\u2009l\u2019<b>installation pr\u00e9coce de mauvaises habitudes\u2009<\/b>: s\u00e9dentarit\u00e9, \u00e9crans, sommeil d\u00e9grad\u00e9, alimentation instable\u2026\u2009\u00bb<\/p>\n<p>Le d\u00e9ficit relationnel, particularit\u00e9 de cette g\u00e9n\u00e9ration<\/p>\n<p class=\" wall-content\">Plus pr\u00e9cis\u00e9ment, selon cette enqu\u00eate, <b>76\u2009% des 18-30\u00a0ans se situent d\u00e9j\u00e0 dans une zone de risque<\/b> n\u00e9cessitant vigilance, avec 10,5\u2009% de profils suppl\u00e9mentaires en risque moyen par rapport au reste de la population.<\/p>\n<p class=\" wall-content\">Le <b>d\u00e9ficit relationnel<\/b> ressort comme la particularit\u00e9 la plus marqu\u00e9e de la g\u00e9n\u00e9ration (+15,8), suivi d\u2019<b>environnements de vie peu adapt\u00e9s<\/b> \u00e0 la sant\u00e9 (+14,1 %). \u00abCes risques ne sont pas apparents au quotidien, mais leur cumul agit silencieusement et provoque une d\u00e9gradation de la sant\u00e9 \u00e0 moyen terme\u2009\u00bb, commente Vipali.<\/p>\n<p class=\" wall-content\">L\u2019<b>activit\u00e9 physique <\/b>appara\u00eet comme le facteur de risque dominant (4,88\/5), suivi par l\u2019<b>exposition aux \u00e9crans avant le sommeil <\/b>(4,54\/5) et la<b> d\u00e9sorganisation alimentaire<\/b>.<\/p>\n<p class=\" wall-content\">\u00ab\u2009Ce triptyque\u2009: s\u00e9dentarit\u00e9 +\u00a0stimulation num\u00e9rique +\u00a0fatigue chronique, constitue le socle des risques observ\u00e9s\u2009\u00bb, observe Vipali, pr\u00e9cisant qu\u2019 \u00ab\u2009il ne s\u2019agit pas d\u2019un ph\u00e9nom\u00e8ne marginal mais d\u2019un basculement g\u00e9n\u00e9rationnel.\u2009\u00bb<\/p>\n<p>Votre r\u00e9gion, votre actu !<\/p>\n<p>Recevez chaque jour les infos qui comptent pour vous.<\/p>\n<p>\t<a href=\"https:\/\/actu.fr\/newsletter\" class=\"ac-btn ac-btn--corner ac-btn--medium ac-btn--blue800\" target=\"_blank\" rel=\"noopener\">S&rsquo;incrire<\/a><\/p>\n<blockquote class=\"ac-article-quote wall-content\">\n<p>Cette enqu\u00eate montre que les risques des jeunes adultes ne sont pas li\u00e9s \u00e0 la maladie, mais \u00e0 l\u2019oubli de la pr\u00e9vention. Notre objectif chez Vipali est que chacun puisse reprendre le contr\u00f4le sur sa sant\u00e9, avec des recommandations personnalis\u00e9es, mesurables et adapt\u00e9es \u00e0 sa r\u00e9alit\u00e9 de vie.<\/p>\n<p>C\u00e9cile Annequin, Directrice g\u00e9n\u00e9rale de Vipali.<\/p><\/blockquote>\n<p>Un expert sant\u00e9 non culpabilisateur<\/p>\n<p class=\" wall-content\">Pour pr\u00e9venir et aider \u00e0 changer ces habitudes, l\u2019application n\u2019utilise pas des \u00ab\u2009m\u00e9thodes traditionnelles\u2009\u00bb. \u00ab<b>\u2009On pousse \u00e0 prendre de meilleures habitudes par le gameplay<\/b>, l\u2019id\u00e9e n\u2019est pas du tout d\u2019\u00eatre culpabilisateur\u2009\u00bb, pr\u00e9cise-t-on du c\u00f4t\u00e9 de Vipali.<\/p>\n<p class=\" wall-content\">Concr\u00e8tement, une fois le \u00ab\u2009bilan pr\u00e9ventif num\u00e9rique \u00e0 360\u00b0\u00bb de son utilisateur r\u00e9alis\u00e9 (environ 180 questions sur les 12 domaines de la sant\u00e9), Vipali \u00ab<b>\u2009identifie pr\u00e9cis\u00e9ment les risques, alerte en temps r\u00e9el <\/b>et <b>propose des actions correctrices <\/b>personnalis\u00e9es, adapt\u00e9es au mode de vie de l\u2019utilisateur\u2009\u00bb. Cela passe par des jeux de stimulation c\u00e9r\u00e9brale, des exercices physiques et cognitifs, des podcasts apaisants ou des s\u00e9ances de respiration. Il est aussi possible de se cr\u00e9er une communaut\u00e9 d\u2019amis.<\/p>\n<p class=\" wall-content\">Un projet qui a s\u00e9duit des utilisateurs (10\u2009000 ont \u00e9t\u00e9 accompagn\u00e9s par l\u2019application), dont une belle part reste engag\u00e9e dans la d\u00e9marche apr\u00e8s plusieurs mois. L\u2019<a href=\"https:\/\/actu.fr\/tag\/institut-pasteur-de-lille\" target=\"_blank\" rel=\"noopener\">Institut Pasteur de Lille<\/a>, organisme r\u00e9f\u00e9rence en termes de pr\u00e9vention, a aussi \u00e9t\u00e9 conquis par le concept. Son \u00e9quipe est fi\u00e8re de s\u2019entourer d\u2019un tel partenaire, qui allie <b>s\u00e9rieux, innovation et aspect ludique<\/b>, pour toucher au mieux un public souvent \u00e9loign\u00e9 des parcours de soins.<\/p>\n<p>Mieux comprendre les facteurs de risque pour \u00eatre plus efficace<\/p>\n<p class=\" wall-content\">Au regard des premiers r\u00e9sultats d\u2019enqu\u00eate, Vipali se donne pour mission \u00e0 son \u00e9chelle d\u2019aider \u00e0 \u00ab\u2009corriger les habitudes avant 30\u00a0ans\u2009\u00bb. \u00ab\u2009La<b> pr\u00e9vention appara\u00eet non seulement utile, mais d\u00e9terminante <\/b>pour maintenir une trajectoire positive tant que la maladie n\u2019est pas install\u00e9e, car \u00e0 ce stade, tout reste r\u00e9versible.\u2009\u00bb<\/p>\n<p class=\" wall-content\">L\u2019entreprise qui a pour ambition de \u00ab\u2009devenir une r\u00e9f\u00e9rence dans l\u2019observation scientifique des comportements de sant\u00e9, en s\u2019appuyant sur son expertise data pour mieux comprendre les facteurs de risque\u2009\u00bb, annonce avoir l\u2019intention d\u2019<b>\u00e9diter r\u00e9guli\u00e8rement des r\u00e9sultats d\u2019enqu\u00eate et s\u2019appuyer dessus pour adapter ses contenus.<\/b> \u00ab\u2009Vipali renforce la mission qui guide son application de pr\u00e9vention sant\u00e9\u2009: permettre \u00e0 chacun de mesurer, comprendre et corriger ses habitudes au quotidien.\u2009\u00bb Et \u00e0 terme, \u00e9viter l\u2019apparition de maladies chroniques et \u00e9viter demain la surcharge des syst\u00e8mes de soins, en France et dans d\u2019autres pays.<\/p>\n<p>Deux versions de Vipali sont propos\u00e9es (avec le m\u00eame bilan sant\u00e9) : une gratuite (certaines fonctionnalit\u00e9s et r\u00e9sultats du bilan ne sont pas visibles et les activit\u00e9s propos\u00e9es ne sont pas personnalis\u00e9es) et une payante (tous les r\u00e9sultats du bilan sont visibles, toutes les fonctionnalit\u00e9s sont accessibles et les activit\u00e9s personnalis\u00e9es) pour 39,90\u20ac par an.<\/p>\n<p class=\" wall-content\">Personnalisez votre actualit\u00e9 en ajoutant vos villes et m\u00e9dias en favori avec <a href=\"https:\/\/moncompte.actu.fr\" title=\"D\u00e9couvez Mon Actu\" rel=\"nofollow noopener\" data-trk=\"{&quot;cta&quot;:{&quot;action&quot;:&quot;https:\\\/\\\/moncompte.actu.fr&quot;,&quot;category&quot;:&quot;mon compte&quot;,&quot;from&quot;:&quot;article footer&quot;,&quot;name&quot;:&quot;Mon actu&quot;,&quot;type&quot;:&quot;cta&quot;}}\" target=\"_blank\">Mon Actu<\/a>.<\/p>\n","protected":false},"excerpt":{"rendered":"Par Amandine Vachez Publi\u00e9 le 3 d\u00e9c. 2025 \u00e0 8h12 \u00ab\u00a0Mieux vaut pr\u00e9venir que gu\u00e9rir\u00a0\u00bb, dit-on. Et cela,&hellip;\n","protected":false},"author":2,"featured_media":574902,"comment_status":"","ping_status":"","sticky":false,"template":"","format":"standard","meta":{"footnotes":""},"categories":[2815],"tags":[1111,11,1777,674,1011,27,811,5701,68923,1307,12,25,71,104],"class_list":{"0":"post-574901","1":"post","2":"type-post","3":"status-publish","4":"format-standard","5":"has-post-thumbnail","7":"category-lille","8":"tag-actu","9":"tag-actualites","10":"tag-eu","11":"tag-europe","12":"tag-fr","13":"tag-france","14":"tag-hauts-de-france","15":"tag-innovation","16":"tag-institut-pasteur-de-lille","17":"tag-lille","18":"tag-news","19":"tag-republique-francaise","20":"tag-sante","21":"tag-societe"},"share_on_mastodon":{"url":"https:\/\/pubeurope.com\/@fr\/115654522612189259","error":""},"_links":{"self":[{"href":"https:\/\/www.europesays.com\/fr\/wp-json\/wp\/v2\/posts\/574901","targetHints":{"allow":["GET"]}}],"collection":[{"href":"https:\/\/www.europesays.com\/fr\/wp-json\/wp\/v2\/posts"}],"about":[{"href":"https:\/\/www.europesays.com\/fr\/wp-json\/wp\/v2\/types\/post"}],"author":[{"embeddable":true,"href":"https:\/\/www.europesays.com\/fr\/wp-json\/wp\/v2\/users\/2"}],"replies":[{"embeddable":true,"href":"https:\/\/www.europesays.com\/fr\/wp-json\/wp\/v2\/comments?post=574901"}],"version-history":[{"count":0,"href":"https:\/\/www.europesays.com\/fr\/wp-json\/wp\/v2\/posts\/574901\/revisions"}],"wp:featuredmedia":[{"embeddable":true,"href":"https:\/\/www.europesays.com\/fr\/wp-json\/wp\/v2\/media\/574902"}],"wp:attachment":[{"href":"https:\/\/www.europesays.com\/fr\/wp-json\/wp\/v2\/media?parent=574901"}],"wp:term":[{"taxonomy":"category","embeddable":true,"href":"https:\/\/www.europesays.com\/fr\/wp-json\/wp\/v2\/categories?post=574901"},{"taxonomy":"post_tag","embeddable":true,"href":"https:\/\/www.europesays.com\/fr\/wp-json\/wp\/v2\/tags?post=574901"}],"curies":[{"name":"wp","href":"https:\/\/api.w.org\/{rel}","templated":true}]}}