{"id":574904,"date":"2025-12-03T07:46:12","date_gmt":"2025-12-03T07:46:12","guid":{"rendered":"https:\/\/www.europesays.com\/fr\/574904\/"},"modified":"2025-12-03T07:46:12","modified_gmt":"2025-12-03T07:46:12","slug":"la-ville-de-marseille-honore-le-bataillon-des-marins-pompiers","status":"publish","type":"post","link":"https:\/\/www.europesays.com\/fr\/574904\/","title":{"rendered":"La ville de Marseille honore le bataillon des marins-pompiers"},"content":{"rendered":"\n<p>C\u00e9r\u00e9monie en grande pompe ce mardi 2\u00a0d\u00e9cembre au Palais du Pharo (7e) pour le bataillon des marins-pompiers de Marseille, avec au programme une remise de m\u00e9daille collective de la Ville pour saluer l\u2019investissement des hommes dans la lutte contre les feux de for\u00eat, mais aussi d\u2019autres, individuelles, pour saluer l\u2019engagement de certains sur des op\u00e9rations marquantes.<\/p>\n<p>Tel le capitaine de fr\u00e9gate Guillaume, commandant des op\u00e9rations de secours sur l\u2019intervention rue Pollak (1er), le 26\u00a0octobre 2024, d\u00e9cor\u00e9 de la m\u00e9daille de la D\u00e9fense nationale, \u00e9chelon or. Il avait supervis\u00e9 quelque 80 hommes et permis de sauver 11 personnes en s\u2019engageant lui-m\u00eame au feu.<\/p>\n<p> Jeunes h\u00e9ros\n              <\/p>\n<p>Apr\u00e8s \u00ab 86 ans d\u2019intimit\u00e9 et de confiance\u00a0\u00bb, \u00ab\u00a0le bataillon rassure les Marseillaises et les Marseillais\u00a0\u00bb a pos\u00e9 Beno\u00eet Payan, maire DVG de Marseille revenant sur un engagement sans faille au cours de l\u2019\u00e9t\u00e9 contre les flammes, notamment \u00e0 l\u2019Estaque au cours d\u2019un \u00ab\u00a0des plus grands feux depuis 20 ans\u00a0\u00bb estime le vice-amiral Lionel Mathieu, commandant du bataillon. Trois jeunes habitants de la Castellane se sont aussi vu remettre une m\u00e9daille pour leur \u00ab\u00a0intervention qui a contribu\u00e9 \u00e0 sauver des vies\u00a0\u00bb, rappelle le maire se souvenant au passage de \u00ab\u00a0ceux\u00a0\u00bb qui avaient \u00ab\u00a0plong\u00e9\u00a0\u00bb dans les fake news, accusant les jeunes de vol. Entendre Martine Vassal pr\u00e9sidente DVD du D\u00e9partement et de la M\u00e9tropole, qui avait relay\u00e9 la rumeur&#8230; Au fil des courriers, il estime aussi se heurter \u00e0 un mur en mati\u00e8re d\u2019indemnisation des sinistr\u00e9s. La saison estivale 2025 a repr\u00e9sent\u00e9 81 jours de mobilisation, 365\u00a0interventions pour \u00ab\u00a0feu de v\u00e9g\u00e9tation\u00a0\u00bb et 262 hectares br\u00fbl\u00e9s.<\/p>\n","protected":false},"excerpt":{"rendered":"C\u00e9r\u00e9monie en grande pompe ce mardi 2\u00a0d\u00e9cembre au Palais du Pharo (7e) pour le bataillon des marins-pompiers de&hellip;\n","protected":false},"author":2,"featured_media":574905,"comment_status":"","ping_status":"","sticky":false,"template":"","format":"standard","meta":{"footnotes":""},"categories":[2814],"tags":[1111,11,24794,1777,674,1011,27,884,12,882,25],"class_list":{"0":"post-574904","1":"post","2":"type-post","3":"status-publish","4":"format-standard","5":"has-post-thumbnail","7":"category-marseille","8":"tag-actu","9":"tag-actualites","10":"tag-engagement","11":"tag-eu","12":"tag-europe","13":"tag-fr","14":"tag-france","15":"tag-marseille","16":"tag-news","17":"tag-provence-alpes-cote-dazur","18":"tag-republique-francaise"},"share_on_mastodon":{"url":"https:\/\/pubeurope.com\/@fr\/115654530582234807","error":""},"_links":{"self":[{"href":"https:\/\/www.europesays.com\/fr\/wp-json\/wp\/v2\/posts\/574904","targetHints":{"allow":["GET"]}}],"collection":[{"href":"https:\/\/www.europesays.com\/fr\/wp-json\/wp\/v2\/posts"}],"about":[{"href":"https:\/\/www.europesays.com\/fr\/wp-json\/wp\/v2\/types\/post"}],"author":[{"embeddable":true,"href":"https:\/\/www.europesays.com\/fr\/wp-json\/wp\/v2\/users\/2"}],"replies":[{"embeddable":true,"href":"https:\/\/www.europesays.com\/fr\/wp-json\/wp\/v2\/comments?post=574904"}],"version-history":[{"count":0,"href":"https:\/\/www.europesays.com\/fr\/wp-json\/wp\/v2\/posts\/574904\/revisions"}],"wp:featuredmedia":[{"embeddable":true,"href":"https:\/\/www.europesays.com\/fr\/wp-json\/wp\/v2\/media\/574905"}],"wp:attachment":[{"href":"https:\/\/www.europesays.com\/fr\/wp-json\/wp\/v2\/media?parent=574904"}],"wp:term":[{"taxonomy":"category","embeddable":true,"href":"https:\/\/www.europesays.com\/fr\/wp-json\/wp\/v2\/categories?post=574904"},{"taxonomy":"post_tag","embeddable":true,"href":"https:\/\/www.europesays.com\/fr\/wp-json\/wp\/v2\/tags?post=574904"}],"curies":[{"name":"wp","href":"https:\/\/api.w.org\/{rel}","templated":true}]}}